{"id":6511,"date":"2024-08-26T00:36:05","date_gmt":"2024-08-25T21:36:05","guid":{"rendered":"https:\/\/www.hbrkahta.com\/?p=6511"},"modified":"2024-08-26T00:36:05","modified_gmt":"2024-08-25T21:36:05","slug":"ahmet-sirri-ozbek-adiyamanin-kulturel-hayatini-ve-yeni-kitabini-anlatti","status":"publish","type":"post","link":"https:\/\/www.hbrkahta.com\/index.php\/2024\/08\/26\/ahmet-sirri-ozbek-adiyamanin-kulturel-hayatini-ve-yeni-kitabini-anlatti\/","title":{"rendered":"Ahmet S\u0131rr\u0131 \u00d6zbek, Ad\u0131yaman\u2019\u0131n k\u00fclt\u00fcrel hayat\u0131n\u0131 ve yeni kitab\u0131n\u0131 anlatt\u0131"},"content":{"rendered":"<p>Adil Ya\u015far K\u0131rtasiye&#8217;de ger\u00e7ekle\u015fen etkinlikte \u00d6zbek, Ad\u0131yaman&#8217;\u0131n tarihini, k\u00fclt\u00fcr\u00fcn\u00fc ve ya\u015fad\u0131\u011f\u0131 zorluklar\u0131 dile getirirken, kentin yeniden aya\u011fa kalkmas\u0131 i\u00e7in k\u00fclt\u00fcr ve sanat\u0131n \u00f6nemine dikkat \u00e7ekti.<\/p>\n<p>Deprem Sonras\u0131 Ad\u0131yaman\u2019da K\u00fclt\u00fcrel Hayat<\/p>\n<p>Etkinlikte yapt\u0131\u011f\u0131 konu\u015fmada Ahmet S\u0131rr\u0131 \u00d6zbek, Ad\u0131yaman&#8217;\u0131n deprem sonras\u0131 ya\u015fad\u0131\u011f\u0131 zorluklardan bahsetti. \u00d6zbek, &ldquo;Deprem \u015fehri yerle bir etmi\u015f. Bu \u015fehirde insanlar\u0131n ekme\u011fe, suya, ya\u015famaya, bar\u0131nmaya ihtiyac\u0131 varken k\u00fclt\u00fcrel etkinliklerden bahsetmek biraz zor&#8221; ifadeleriyle, Ad\u0131yaman&#8217;\u0131n ya\u015fad\u0131\u011f\u0131 travman\u0131n b\u00fcy\u00fckl\u00fc\u011f\u00fcne vurgu yapt\u0131.<\/p>\n<p>Ancak, t\u00fcm bu zorluklara ra\u011fmen, Adil Ya\u015far K\u0131rtasiye&#8217;nin b\u00f6yle bir etkinli\u011fi organize etmesinin \u00f6nemine de\u011finen \u00d6zbek, &#8220;Adil beyin bu yokluklar i\u00e7erisinde, bu imkans\u0131zl\u0131klar i\u00e7erisinde b\u00f6yle bir te\u015febb\u00fcste bulunmas\u0131, en az\u0131ndan Ad\u0131yamanl\u0131 yazarlar\u0131 bir araya toplamas\u0131 g\u00fczel bir davran\u0131\u015f,&#8221; diyerek k\u00fclt\u00fcrel etkinliklerin moral kayna\u011f\u0131 olabilece\u011fine dikkat \u00e7ekti.<\/p>\n<p>K\u00fclt\u00fcr ve Sanat Etkinlikleri \u0130le Moral Y\u00fckseltmek M\u00fcmk\u00fcn<\/p>\n<p>K\u00fclt\u00fcr ve sanat etkinliklerinin, toplumun moralini y\u00fckseltmede \u00f6nemli bir rol oynad\u0131\u011f\u0131n\u0131 belirten \u00d6zbek, Ad\u0131yaman&#8217;\u0131n daha geni\u015f \u00e7apta ulusal ve uluslararas\u0131 alanda tan\u0131nmas\u0131 i\u00e7in bu t\u00fcr etkinliklerin devam etmesi gerekti\u011fini vurgulad\u0131. &#8220;Umar\u0131m bu etkinlikler devam eder ve Ad\u0131yaman, ulusal ve uluslararas\u0131 medyada daha \u00e7ok yer bulur. \u00c7\u00fcnk\u00fc bu insanlar\u0131n ciddi bir bi\u00e7imde morale de ihtiya\u00e7lar\u0131 var&#8221; dedi.<\/p>\n<p>&#8220;S\u0131rlar\u0131 Ta\u015flar\u0131nda Sakl\u0131 \u015eehir Ad\u0131yaman&#8221; Kitab\u0131 ve Depremin Etkisi<\/p>\n<p>\u00d6zbek, etkinlikte ayr\u0131ca son kitab\u0131 &#8220;S\u0131rlar\u0131 Ta\u015flar\u0131nda Sakl\u0131 \u015eehir Ad\u0131yaman&#8221; hakk\u0131nda da bilgiler verdi. Kitab\u0131n Ad\u0131yaman&#8217;\u0131n arkeolojik ve tarihsel zenginliklerini, k\u00fclt\u00fcrel miras\u0131n\u0131 ve turistik potansiyelini kapsaml\u0131 bir \u015fekilde ele ald\u0131\u011f\u0131n\u0131 belirten \u00d6zbek, &#8220;Bu g\u00fcne kadar Ad\u0131yaman ile ilgili yaz\u0131lm\u0131\u015f en detayl\u0131 kitap. Hem arkeolojik, hem tarihsel s\u00fcre\u00e7, hem de turizm rehberi niteli\u011fi ta\u015f\u0131yor,&#8221; dedi.<\/p>\n<p>Ancak kitab\u0131n yay\u0131nland\u0131\u011f\u0131 d\u00f6nemde ya\u015fanan deprem felaketinin, kitab\u0131n tan\u0131t\u0131m\u0131 ve bu y\u00f6ndeki etkinliklerin \u00f6n\u00fcn\u00fc kesti\u011fini belirten \u00d6zbek, &#8220;Deprem nedeniyle bir etkinlik yapamad\u0131k. O kadar ac\u0131n\u0131n i\u00e7inde bir kitab\u0131n tan\u0131t\u0131m\u0131 yapmak do\u011fru olmazd\u0131&#8221; ifadeleriyle, ya\u015fanan felaketin k\u00fclt\u00fcrel etkinlikler \u00fczerindeki etkisini dile getirdi.<\/p>\n<p>Ad\u0131yaman\u2019\u0131n Hak Etti\u011fi \u0130lgiyi G\u00f6rmesi Gerekiyor<\/p>\n<p>Ahmet S\u0131rr\u0131 \u00d6zbek, konu\u015fmas\u0131n\u0131n devam\u0131nda Ad\u0131yaman&#8217;\u0131n tarihi ve k\u00fclt\u00fcrel zenginliklerinin hak etti\u011fi ilgiyi g\u00f6rmesi gerekti\u011fini vurgulad\u0131. &#8220;Umar\u0131m kitab\u0131m\u0131z ve Ad\u0131yaman, hak etti\u011fi ilgiyi bulur,&#8221; diyen \u00d6zbek, kentin k\u00fclt\u00fcrel de\u011ferlerinin korunmas\u0131 ve tan\u0131t\u0131lmas\u0131 i\u00e7in herkesin elini ta\u015f\u0131n alt\u0131na koymas\u0131 gerekti\u011fini ifade etti.<\/p>\n<p>Kitap Tan\u0131t\u0131mlar\u0131 ve Sergiler<\/p>\n<p>\u00d6zbek, deprem \u00f6ncesinde &#8220;S\u0131rlar\u0131 Ta\u015flar\u0131nda Sakl\u0131 \u015eehir Ad\u0131yaman&#8221; kitab\u0131yla ilgili yap\u0131lan tan\u0131t\u0131m ve sergilere de de\u011findi. Kitab\u0131n ilk sergisinin Ad\u0131yaman\u2019da, ikinci serginin Ankara\u2019da ve \u00fc\u00e7\u00fcnc\u00fc serginin ise \u0130stanbul\u2019da yap\u0131ld\u0131\u011f\u0131n\u0131 belirten \u00d6zbek, bu etkinliklerde yo\u011fun ilgi g\u00f6rd\u00fcklerini ancak depremin ard\u0131ndan planlanan di\u011fer etkinliklerin ger\u00e7ekle\u015ftirilemedi\u011fini dile getirdi.<\/p>\n<p>Etkinlik sonunda Ahmet S\u0131rr\u0131 \u00d6zbek, Ad\u0131yaman&#8217;\u0131n k\u00fclt\u00fcrel hayat\u0131n\u0131 canland\u0131rmak ve kent halk\u0131n\u0131n moralini y\u00fckseltmek ad\u0131na daha fazla etkinlik yap\u0131lmas\u0131 gerekti\u011fini belirterek, &#8220;Bu \u015fehirde insanlar k\u00fclt\u00fcr ve sanat etkinlikleriyle moral bulabilir. Umar\u0131m bu etkinlikler devam eder,&#8221; dedi. \u00d6zbek, herkesi Ad\u0131yaman\u2019\u0131n tarihi ve k\u00fclt\u00fcrel miras\u0131na sahip \u00e7\u0131kmaya davet etti.<\/p><\/p>\n","protected":false},"excerpt":{"rendered":"<p> G\u00fclbahar S\u00dcNG\u00dc &#8211; CHP&#8217;nin 17. ve 22. d\u00f6nem Ad\u0131yaman milletvekili, hukuk\u00e7u ve yazar Ahmet S\u0131rr\u0131 \u00d6zbek, Ad\u0131yaman&#8217;da d\u00fczenlenen imza g\u00fcn\u00fcnde, deprem sonras\u0131 kentin k\u00fclt\u00fcrel hayat\u0131n\u0131 ve ar\u015fiv-belgesel niteli\u011findeki son kitab\u0131 &#8220;S\u0131rlar\u0131 Ta\u015flar\u0131nda Sakl\u0131 \u015eehir Ad\u0131yaman&#8221;\u0131 anlatt\u0131.<\/p>\n","protected":false},"author":1,"featured_media":6512,"comment_status":"open","ping_status":"open","sticky":false,"template":"","format":"standard","meta":{"om_disable_all_campaigns":false,"_monsterinsights_skip_tracking":false,"_monsterinsights_sitenote_active":false,"_monsterinsights_sitenote_note":"","_monsterinsights_sitenote_category":0,"footnotes":""},"categories":[1,11],"tags":[559,540,878,731,1019],"aioseo_notices":[],"_links":{"self":[{"href":"https:\/\/www.hbrkahta.com\/index.php\/wp-json\/wp\/v2\/posts\/6511"}],"collection":[{"href":"https:\/\/www.hbrkahta.com\/index.php\/wp-json\/wp\/v2\/posts"}],"about":[{"href":"https:\/\/www.hbrkahta.com\/index.php\/wp-json\/wp\/v2\/types\/post"}],"author":[{"embeddable":true,"href":"https:\/\/www.hbrkahta.com\/index.php\/wp-json\/wp\/v2\/users\/1"}],"replies":[{"embeddable":true,"href":"https:\/\/www.hbrkahta.com\/index.php\/wp-json\/wp\/v2\/comments?post=6511"}],"version-history":[{"count":1,"href":"https:\/\/www.hbrkahta.com\/index.php\/wp-json\/wp\/v2\/posts\/6511\/revisions"}],"predecessor-version":[{"id":6513,"href":"https:\/\/www.hbrkahta.com\/index.php\/wp-json\/wp\/v2\/posts\/6511\/revisions\/6513"}],"wp:featuredmedia":[{"embeddable":true,"href":"https:\/\/www.hbrkahta.com\/index.php\/wp-json\/wp\/v2\/media\/6512"}],"wp:attachment":[{"href":"https:\/\/www.hbrkahta.com\/index.php\/wp-json\/wp\/v2\/media?parent=6511"}],"wp:term":[{"taxonomy":"category","embeddable":true,"href":"https:\/\/www.hbrkahta.com\/index.php\/wp-json\/wp\/v2\/categories?post=6511"},{"taxonomy":"post_tag","embeddable":true,"href":"https:\/\/www.hbrkahta.com\/index.php\/wp-json\/wp\/v2\/tags?post=6511"}],"curies":[{"name":"wp","href":"https:\/\/api.w.org\/{rel}","templated":true}]}}