{"id":6508,"date":"2024-08-26T00:24:06","date_gmt":"2024-08-25T21:24:06","guid":{"rendered":"https:\/\/www.hbrkahta.com\/?p=6508"},"modified":"2024-08-26T00:24:06","modified_gmt":"2024-08-25T21:24:06","slug":"adiyamanda-orta-hasarli-yapilan-masaya-yatirildi","status":"publish","type":"post","link":"https:\/\/www.hbrkahta.com\/index.php\/2024\/08\/26\/adiyamanda-orta-hasarli-yapilan-masaya-yatirildi\/","title":{"rendered":"Ad\u0131yaman&#8217;da orta hasarl\u0131 yap\u0131lan masaya yat\u0131r\u0131ld\u0131"},"content":{"rendered":"<p>Ad\u0131yaman&#8217;da, Vali Osman Varol, ba\u015fkanl\u0131\u011f\u0131nda d\u00fczenlenen toplant\u0131da orta hasarl\u0131 yap\u0131lar\u0131n y\u0131k\u0131m ve enkaz kald\u0131rma \u00e7al\u0131\u015fmalar\u0131 masaya yat\u0131r\u0131ld\u0131.<br \/>\nAd\u0131yaman&#8217;da, 6 \u015eubat depreminde orta hasarl\u0131 yap\u0131lar\u0131n y\u0131k\u0131m ve enkaz kald\u0131rma \u00e7al\u0131\u015fmalar\u0131 ile ilgili de\u011ferlendirme toplant\u0131s\u0131 Vali Osman Varol ba\u015fkanl\u0131\u011f\u0131nda ger\u00e7ekle\u015ftirildi.<br \/>\nVali Yard\u0131mc\u0131lar\u0131 Mehmet Faruk Kazdal, Furkan Korkusuz ve \u00c7evre, \u015eehircilik ve \u0130klim De\u011fi\u015fikli\u011fi \u0130l M\u00fcd\u00fcrl\u00fc\u011f\u00fc yetkililerinin kat\u0131ld\u0131\u011f\u0131 toplant\u0131da, orta hasarl\u0131 yap\u0131lar\u0131n y\u0131k\u0131m ve enkaz kald\u0131rma \u00e7al\u0131\u015fmalar\u0131 ba\u015fta olmak \u00fczere ilimiz genelinde in\u015faat\u0131 devam eden kal\u0131c\u0131 deprem konutlar\u0131n\u0131n mevcut durumu ile bundan sonra yap\u0131lmas\u0131 planlanan \u00e7al\u0131\u015fmalar ve at\u0131lmas\u0131 gereken ad\u0131mlar g\u00f6r\u00fc\u015f\u00fcld\u00fc.  <br \/>\nToplant\u0131 sonras\u0131 de\u011ferlendirmede bulunan Vali Varol,&#8221;Depremin kentte a\u00e7t\u0131\u011f\u0131 yaralar\u0131 bir an \u00f6nce sarmak ve ilin o eski canl\u0131l\u0131\u011f\u0131na yeniden kavu\u015fturman\u0131n gayretiyle hafta sonu demeden, mesai mefhumu g\u00f6zetmeden gayretli \u00e7al\u0131\u015fmalar\u0131m\u0131z h\u0131z kesmeden devam edecektir.&#8221;dedi.\n <\/p><\/p>\n","protected":false},"excerpt":{"rendered":"<p> Ad\u0131yaman&#8217;da orta hasarl\u0131 yap\u0131lar\u0131n y\u0131k\u0131m ve enkaz kald\u0131rma \u00e7al\u0131\u015fmalar\u0131 masaya yat\u0131r\u0131ld\u0131<\/p>\n","protected":false},"author":1,"featured_media":6509,"comment_status":"open","ping_status":"open","sticky":false,"template":"","format":"standard","meta":{"om_disable_all_campaigns":false,"_monsterinsights_skip_tracking":false,"_monsterinsights_sitenote_active":false,"_monsterinsights_sitenote_note":"","_monsterinsights_sitenote_category":0,"footnotes":""},"categories":[1,11],"tags":[292,535],"aioseo_notices":[],"_links":{"self":[{"href":"https:\/\/www.hbrkahta.com\/index.php\/wp-json\/wp\/v2\/posts\/6508"}],"collection":[{"href":"https:\/\/www.hbrkahta.com\/index.php\/wp-json\/wp\/v2\/posts"}],"about":[{"href":"https:\/\/www.hbrkahta.com\/index.php\/wp-json\/wp\/v2\/types\/post"}],"author":[{"embeddable":true,"href":"https:\/\/www.hbrkahta.com\/index.php\/wp-json\/wp\/v2\/users\/1"}],"replies":[{"embeddable":true,"href":"https:\/\/www.hbrkahta.com\/index.php\/wp-json\/wp\/v2\/comments?post=6508"}],"version-history":[{"count":1,"href":"https:\/\/www.hbrkahta.com\/index.php\/wp-json\/wp\/v2\/posts\/6508\/revisions"}],"predecessor-version":[{"id":6510,"href":"https:\/\/www.hbrkahta.com\/index.php\/wp-json\/wp\/v2\/posts\/6508\/revisions\/6510"}],"wp:featuredmedia":[{"embeddable":true,"href":"https:\/\/www.hbrkahta.com\/index.php\/wp-json\/wp\/v2\/media\/6509"}],"wp:attachment":[{"href":"https:\/\/www.hbrkahta.com\/index.php\/wp-json\/wp\/v2\/media?parent=6508"}],"wp:term":[{"taxonomy":"category","embeddable":true,"href":"https:\/\/www.hbrkahta.com\/index.php\/wp-json\/wp\/v2\/categories?post=6508"},{"taxonomy":"post_tag","embeddable":true,"href":"https:\/\/www.hbrkahta.com\/index.php\/wp-json\/wp\/v2\/tags?post=6508"}],"curies":[{"name":"wp","href":"https:\/\/api.w.org\/{rel}","templated":true}]}}