{"id":6502,"date":"2024-08-25T18:36:01","date_gmt":"2024-08-25T15:36:01","guid":{"rendered":"https:\/\/www.hbrkahta.com\/?p=6502"},"modified":"2024-08-25T18:36:01","modified_gmt":"2024-08-25T15:36:01","slug":"kahtali-miceye-vefa-gecesine-davet","status":"publish","type":"post","link":"https:\/\/www.hbrkahta.com\/index.php\/2024\/08\/25\/kahtali-miceye-vefa-gecesine-davet\/","title":{"rendered":"Kahtal\u0131 M\u0131\u00e7e\u2019ye vefa gecesine davet"},"content":{"rendered":"<p>Ad\u0131yaman\u2019\u0131n yeti\u015ftirdi\u011fi ve m\u00fczik d\u00fcnyas\u0131nda \u00f6nemli bir yere sahip olan Kahtal\u0131 M\u0131\u00e7e i\u00e7in d\u00fczenlenen vefa gecesi, 26 A\u011fustos Pazartesi g\u00fcn\u00fc saat 20.00\u2019da E\u011fri\u00e7ay Park\u0131 (Millet Bah\u00e7esi)\u2019nda ger\u00e7ekle\u015fecek. Tedavisi devam eden Kahtal\u0131 M\u0131\u00e7e\u2019nin sanat\u00e7\u0131 dostlar\u0131 bu anlaml\u0131 gecede sahne alarak Ad\u0131yamanl\u0131 hem\u015fehrileriyle bulu\u015facak.<br \/>\nAd\u0131yaman Belediye Ba\u015fkan\u0131 Abdurrahman Tutdere, sosyal medya hesaplar\u0131ndan yapt\u0131\u011f\u0131 payla\u015f\u0131mla t\u00fcm hem\u015fehrilerini bu \u00f6zel geceye davet etti. Ba\u015fkan Tutdere, &ldquo;Sanat\u00e7\u0131m\u0131za vefa borcumuzu \u00f6demek ve Ad\u0131yaman\u2019\u0131m\u0131z\u0131n k\u00fclt\u00fcr\u00fcne katk\u0131 sunan de\u011ferlerimize sahip \u00e7\u0131kmak ad\u0131na d\u00fczenledi\u011fimiz bu geceye t\u00fcm hem\u015fehrilerimizi bekliyoruz\u00e7&rdquo; ifadelerini kulland\u0131.<br \/>\nKahtali Mi\u00e7e\u2019den duygusal mesaj<br \/>\nVefa gecesiyle ilgili duygu dolu bir mesaj payla\u015fan Kahtal\u0131 M\u0131\u00e7e ise, kendisine destek olan herkese te\u015fekk\u00fcr ederek \u015funlar\u0131 s\u00f6yledi: &#8220;\u00d6ncelikle t\u00fcm Ad\u0131yamanl\u0131 hem\u015fehrilerime, dostlar\u0131ma ve sanat\u00e7\u0131 arkada\u015flar\u0131ma sayg\u0131 ve sevgilerimi sunuyorum. 50 y\u0131ll\u0131k sanat ya\u015fam\u0131mda en duygulu g\u00fcnlerimden birini ya\u015f\u0131yorum. Her zaman yan\u0131mda olan, deste\u011fini ve sevgisini esirgemeyen Belediye Ba\u015fkan\u0131m\u0131z Say\u0131n Abdurrahman Tutdere\u2019nin destekleri ve sanat\u00e7\u0131 arkada\u015flar\u0131m\u0131n katk\u0131lar\u0131yla 26 A\u011fustos\u2019ta d\u00fczenlenecek vefa gecesinden dolay\u0131 hepsine \u015f\u00fckranlar\u0131m\u0131 sunuyorum. Bu vefa geceme t\u00fcm Ad\u0131yamanl\u0131 hem\u015fehrilerimi E\u011fri\u00e7ay Park\u0131\u2019na bekliyorum.&#8221;<br \/>\n&ldquo;50 y\u0131l Ad\u0131yaman\u2019\u0131 s\u0131rt\u0131mda ta\u015f\u0131d\u0131m&rdquo;<br \/>\nSanat hayat\u0131 boyunca Ad\u0131yaman\u2019a lay\u0131k olmaya \u00e7al\u0131\u015ft\u0131\u011f\u0131n\u0131 belirten Kahtal\u0131 M\u0131\u00e7e, &ldquo;50 sene Ad\u0131yaman\u2019\u0131 s\u0131rt\u0131mda ta\u015f\u0131d\u0131m. Allah\u2019a \u015f\u00fck\u00fcr, hi\u00e7bir zaman Ad\u0131yaman\u2019a k\u00f6t\u00fc bir izlenim b\u0131rakmad\u0131m. Bu 50 y\u0131l\u0131n kar\u015f\u0131l\u0131\u011f\u0131nda Ad\u0131yamanl\u0131 hem\u015fehrilerimden beni bu gecede yaln\u0131z b\u0131rakmamalar\u0131n\u0131 diliyorum. Ben orada olamayabilirim ama bilin ki ruhum orada olacak. Sanat\u00e7\u0131 dostlar\u0131m sahnede olacak. Ad\u0131yamanl\u0131 ve d\u0131\u015far\u0131dan gelen sanat\u00e7\u0131lar, sunucular, hepsi bu anlaml\u0131 gecede bizimle olacak. Sizlerin de bu geceye kat\u0131laca\u011f\u0131n\u0131zdan eminim. \u015eimdiden herkese sayg\u0131 ve sevgilerimi iletiyorum. 26 A\u011fustos\u2019ta sizleri bekliyorum.&#8221; dedi.<br \/>\nSanat\u00e7\u0131lar geceye renk katacak<br \/>\nKahtal\u0131 M\u0131\u00e7e\u2019ye destek vermek i\u00e7in d\u00fczenlenen bu \u00f6zel gecede, Latif Do\u011fan, O\u011fuz Aksa\u00e7, Mehmet Seske, Aynur Polat, Ya\u011f\u0131z, Kahtal\u0131 Hamido, Delal Metin, Mahmut Karada\u011f, H\u00fcseyin Delibalta, \u00d6mer \u00c7apar ve Mehmet Aslan gibi sanat\u00e7\u0131lar sahne alacak. Farkl\u0131 illerden gelen sanat\u00e7\u0131lar, Ad\u0131yamanl\u0131 m\u00fczikseverlerle bulu\u015farak bu anlaml\u0131 gecede unutulmaz bir performans sergileyecek.\n <\/p><\/p>\n","protected":false},"excerpt":{"rendered":"<p> Ad\u0131yaman Belediyesi, tedavisi s\u00fcren sanat\u00e7\u0131 Kahtal\u0131 M\u0131\u00e7e i\u00e7in vefa gecesi d\u00fczenleyecek. \u00dcnl\u00fc sanat\u00e7\u0131lar gecede sahne alacak.<\/p>\n","protected":false},"author":1,"featured_media":6503,"comment_status":"open","ping_status":"open","sticky":false,"template":"","format":"standard","meta":{"om_disable_all_campaigns":false,"_monsterinsights_skip_tracking":false,"_monsterinsights_sitenote_active":false,"_monsterinsights_sitenote_note":"","_monsterinsights_sitenote_category":0,"footnotes":""},"categories":[1,11],"tags":[559,1016,1017,1015,1018],"aioseo_notices":[],"_links":{"self":[{"href":"https:\/\/www.hbrkahta.com\/index.php\/wp-json\/wp\/v2\/posts\/6502"}],"collection":[{"href":"https:\/\/www.hbrkahta.com\/index.php\/wp-json\/wp\/v2\/posts"}],"about":[{"href":"https:\/\/www.hbrkahta.com\/index.php\/wp-json\/wp\/v2\/types\/post"}],"author":[{"embeddable":true,"href":"https:\/\/www.hbrkahta.com\/index.php\/wp-json\/wp\/v2\/users\/1"}],"replies":[{"embeddable":true,"href":"https:\/\/www.hbrkahta.com\/index.php\/wp-json\/wp\/v2\/comments?post=6502"}],"version-history":[{"count":1,"href":"https:\/\/www.hbrkahta.com\/index.php\/wp-json\/wp\/v2\/posts\/6502\/revisions"}],"predecessor-version":[{"id":6504,"href":"https:\/\/www.hbrkahta.com\/index.php\/wp-json\/wp\/v2\/posts\/6502\/revisions\/6504"}],"wp:featuredmedia":[{"embeddable":true,"href":"https:\/\/www.hbrkahta.com\/index.php\/wp-json\/wp\/v2\/media\/6503"}],"wp:attachment":[{"href":"https:\/\/www.hbrkahta.com\/index.php\/wp-json\/wp\/v2\/media?parent=6502"}],"wp:term":[{"taxonomy":"category","embeddable":true,"href":"https:\/\/www.hbrkahta.com\/index.php\/wp-json\/wp\/v2\/categories?post=6502"},{"taxonomy":"post_tag","embeddable":true,"href":"https:\/\/www.hbrkahta.com\/index.php\/wp-json\/wp\/v2\/tags?post=6502"}],"curies":[{"name":"wp","href":"https:\/\/api.w.org\/{rel}","templated":true}]}}