{"id":6499,"date":"2024-08-25T18:24:00","date_gmt":"2024-08-25T15:24:00","guid":{"rendered":"https:\/\/www.hbrkahta.com\/?p=6499"},"modified":"2024-08-25T18:24:00","modified_gmt":"2024-08-25T15:24:00","slug":"baskan-tutdere-sozunu-tuttu-ilk-kresin-temeli-atildi","status":"publish","type":"post","link":"https:\/\/www.hbrkahta.com\/index.php\/2024\/08\/25\/baskan-tutdere-sozunu-tuttu-ilk-kresin-temeli-atildi\/","title":{"rendered":"Ba\u015fkan Tutdere s\u00f6z\u00fcn\u00fc tuttu: \u0130lk kre\u015fin temeli at\u0131ld\u0131"},"content":{"rendered":"<p>erdi\u011fi s\u00f6zleri yerine getirerek kente ilk kre\u015fi kazand\u0131rd\u0131. <br \/>\nYenimahalle\u2019de temeli at\u0131lan Kre\u015f ve G\u00fcnd\u00fcz Bak\u0131m Evi\u2019nin temel atma t\u00f6reni yap\u0131ld\u0131.  T\u00f6rende konu\u015fan Ba\u015fkan Tutdere; 3 bin 500 metrekare alan \u00fczerine kurulu, 475 metrekare kapal\u0131 alana sahip ve ba\u015flang\u0131\u00e7ta 40 \u00f6\u011frenciye hizmet verecek olan <br \/>\nkre\u015fin k\u0131sa s\u00fcre i\u00e7inde tamamlanarak yeni e\u011fitim-\u00f6\u011fretim y\u0131l\u0131na yeti\u015ftirilece\u011fini belirtti.<br \/>\n&#8220;Her mahalleye bir kre\u015f yapmay\u0131 hedefliyoruz&#8221;<br \/>\nKre\u015f projelerine \u00f6nem verdiklerinin alt\u0131n\u0131 \u00e7izen Tutdere, hedefinin her mahalleye bir kre\u015f a\u00e7mak oldu\u011funa dikkat \u00e7ekti. Ba\u015fkan Tutdere, &ldquo;Se\u00e7im d\u00f6neminde s\u00f6z verdi\u011fimiz gibi bug\u00fcn ilk kre\u015fimizin temelini at\u0131yoruz. K\u0131sa s\u00fcrede haz\u0131rl\u0131klar\u0131m\u0131z\u0131 tamamlayarak, yeni e\u011fitim-\u00f6\u011fretim y\u0131l\u0131nda \u00e7ocuklar\u0131m\u0131z\u0131n hizmetine sunaca\u011f\u0131z. Hedefimiz, her mahalleye bir kre\u015f yaparak \u00e7ocuklar\u0131m\u0131z\u0131 e\u011fitim \u00f6ncesi en iyi \u015fekilde haz\u0131rlamak ve annelerimizin hayat\u0131n\u0131 kolayla\u015ft\u0131rmakt\u0131r.&rdquo; dedi.<br \/>\n&#8220;Depremin yaralar\u0131n\u0131 sarmaya devam edece\u011fiz&#8221;<br \/>\nKonu\u015fmas\u0131nda, Ad\u0131yaman\u2019da devam eden altyap\u0131 ve \u00fcstyap\u0131 \u00e7al\u0131\u015fmalar\u0131na da de\u011finen Ba\u015fkan Tutdere, depremin ard\u0131ndan kentin ihtiya\u00e7lar\u0131n\u0131 kar\u015f\u0131lamak i\u00e7in yo\u011fun bir \u00e7aba i\u00e7inde olduklar\u0131n\u0131 belirtti. &ldquo;Ad\u0131yaman Belediyesi olarak altyap\u0131dan \u00fcstyap\u0131ya her alanda \u00e7al\u0131\u015fmalar\u0131m\u0131z\u0131 s\u00fcrd\u00fcr\u00fcyoruz. \u0130n\u015fallah bu projelerle depremin yaralar\u0131n\u0131 saracak ve \u015fehrimizi hak etti\u011fi noktaya ta\u015f\u0131yaca\u011f\u0131z&rdquo; ifadelerini kulland\u0131.<br \/>\nKre\u015f, sosyal ya\u015fam\u0131 g\u00fc\u00e7lendirecek<br \/>\nYenimahalle\u2019de in\u015fa edilecek kre\u015fin, 0-6 ya\u015f grubu \u00e7ocuklara hizmet verece\u011fini ve annelerin i\u015f hayat\u0131na kat\u0131l\u0131m\u0131n\u0131 destekleyece\u011fini dile getiren Tutdere, proje kapsam\u0131nda \u00e7ocuklar\u0131n, e\u011fitim \u00f6ncesi d\u00f6nemde modern ve donan\u0131ml\u0131 bir e\u011fitim ortam\u0131nda yeti\u015fece\u011fini ifade etti. Ba\u015fkan Tutdere, kre\u015fin Ad\u0131yaman\u2019a hay\u0131rl\u0131 olmas\u0131n\u0131 dileyerek, &ldquo;Amac\u0131m\u0131z, gelece\u011fe g\u00fcvenle bakan \u00e7ocuklar yeti\u015ftirmek ve Ad\u0131yaman\u2019\u0131n sosyal ya\u015fam\u0131n\u0131 g\u00fc\u00e7lendirmek.&rdquo; dedi.\n <\/p><\/p>\n","protected":false},"excerpt":{"rendered":"<p> Ad\u0131yaman Belediye Ba\u015fkan\u0131 Abdurrahman Tutdere, se\u00e7im d\u00f6neminde verdi\u011fi s\u00f6zleri yerine getirerek kente ilk kre\u015fi kazand\u0131rd\u0131.<\/p>\n","protected":false},"author":1,"featured_media":6500,"comment_status":"open","ping_status":"open","sticky":false,"template":"","format":"standard","meta":{"om_disable_all_campaigns":false,"_monsterinsights_skip_tracking":false,"_monsterinsights_sitenote_active":false,"_monsterinsights_sitenote_note":"","_monsterinsights_sitenote_category":0,"footnotes":""},"categories":[1,11],"tags":[540,429,312,1014,548],"aioseo_notices":[],"_links":{"self":[{"href":"https:\/\/www.hbrkahta.com\/index.php\/wp-json\/wp\/v2\/posts\/6499"}],"collection":[{"href":"https:\/\/www.hbrkahta.com\/index.php\/wp-json\/wp\/v2\/posts"}],"about":[{"href":"https:\/\/www.hbrkahta.com\/index.php\/wp-json\/wp\/v2\/types\/post"}],"author":[{"embeddable":true,"href":"https:\/\/www.hbrkahta.com\/index.php\/wp-json\/wp\/v2\/users\/1"}],"replies":[{"embeddable":true,"href":"https:\/\/www.hbrkahta.com\/index.php\/wp-json\/wp\/v2\/comments?post=6499"}],"version-history":[{"count":1,"href":"https:\/\/www.hbrkahta.com\/index.php\/wp-json\/wp\/v2\/posts\/6499\/revisions"}],"predecessor-version":[{"id":6501,"href":"https:\/\/www.hbrkahta.com\/index.php\/wp-json\/wp\/v2\/posts\/6499\/revisions\/6501"}],"wp:featuredmedia":[{"embeddable":true,"href":"https:\/\/www.hbrkahta.com\/index.php\/wp-json\/wp\/v2\/media\/6500"}],"wp:attachment":[{"href":"https:\/\/www.hbrkahta.com\/index.php\/wp-json\/wp\/v2\/media?parent=6499"}],"wp:term":[{"taxonomy":"category","embeddable":true,"href":"https:\/\/www.hbrkahta.com\/index.php\/wp-json\/wp\/v2\/categories?post=6499"},{"taxonomy":"post_tag","embeddable":true,"href":"https:\/\/www.hbrkahta.com\/index.php\/wp-json\/wp\/v2\/tags?post=6499"}],"curies":[{"name":"wp","href":"https:\/\/api.w.org\/{rel}","templated":true}]}}