{"id":6475,"date":"2024-08-23T18:35:59","date_gmt":"2024-08-23T15:35:59","guid":{"rendered":"https:\/\/www.hbrkahta.com\/?p=6475"},"modified":"2024-08-23T18:35:59","modified_gmt":"2024-08-23T15:35:59","slug":"ekrem-imamoglu-adiyamana-geliyor-halk-ekmek-projesi-yolda","status":"publish","type":"post","link":"https:\/\/www.hbrkahta.com\/index.php\/2024\/08\/23\/ekrem-imamoglu-adiyamana-geliyor-halk-ekmek-projesi-yolda\/","title":{"rendered":"Ekrem \u0130mamo\u011flu Ad\u0131yaman&#8217;a geliyor: &#8216;Halk Ekmek Projesi&#8217; yolda"},"content":{"rendered":"<p>Demokrasi Park\u0131\u2019nda d\u00fczenlenen a\u00e7\u0131l\u0131\u015f t\u00f6reninde, Belediye Ba\u015fkan\u0131 Abdurrahman Tutdere\u2019nin yan\u0131 s\u0131ra bir\u00e7ok vatanda\u015f ve yerel y\u00f6netim temsilcisi de yer ald\u0131. A\u00e7\u0131l\u0131\u015fta halka yemek ve \u00e7ay ikram\u0131nda bulunan Ba\u015fkan Tutdere, halk ekmek hizmetinin de yak\u0131nda Ad\u0131yamanl\u0131larla bulu\u015faca\u011f\u0131n\u0131n m\u00fcjdesini verdi.<\/p>\n<p>&#8220;\u00dc\u00e7 Yeni Tesis Ad\u0131yaman\u2019da Hayata Ge\u00e7ti&#8221;<\/p>\n<p>Ad\u0131yaman Belediyesi, sosyal projelerine bir yenisini daha ekleyerek, Emekli \u00c7ay Evi, Emekli Lokantas\u0131 ve Kad\u0131n Dinlenme Evi\u2019ni hizmete a\u00e7t\u0131. Belediye Ba\u015fkan\u0131 Abdurrahman Tutdere, a\u00e7\u0131l\u0131\u015fta yapt\u0131\u011f\u0131 konu\u015fmada, &ldquo;Bug\u00fcn Ad\u0131yaman\u2019\u0131m\u0131z i\u00e7in \u00f6nemli \u00fc\u00e7 a\u00e7\u0131l\u0131\u015f\u0131 bir arada ger\u00e7ekle\u015ftiriyoruz. G\u00f6reve geldi\u011fimiz g\u00fcnden bu yana, halk\u0131m\u0131z\u0131n yaralar\u0131n\u0131 sarmak ve Ad\u0131yaman&#8217;\u0131 yeniden aya\u011fa kald\u0131rmak i\u00e7in var g\u00fcc\u00fcm\u00fczle \u00e7al\u0131\u015f\u0131yoruz,&rdquo; dedi.<\/p>\n<p>Yeni a\u00e7\u0131lan tesisler, emeklilerin ve dar gelirli vatanda\u015flar\u0131n sosyal hayata daha fazla kat\u0131l\u0131m sa\u011flamalar\u0131n\u0131 ama\u00e7l\u0131yor. Emekli \u00c7ay Evi\u2019nde emekliler dinlenip \u00e7ay i\u00e7ebilirken, Emekli Lokantas\u0131\u2019nda \u00fc\u00e7 \u00e7e\u015fit yemek 50 TL, \u00e7ay ise 3 TL olarak belirlendi. Kad\u0131n Dinlenme Evi ise kad\u0131nlar\u0131n rahat\u00e7a vakit ge\u00e7irebilece\u011fi ve \u00e7ocuklar\u0131yla ilgilenebilece\u011fi bir ortam sunuyor.<\/p>\n<p>&#8220;Halk Ekmek Hizmeti \u00c7ok Yak\u0131nda Ad\u0131yaman\u2019da&#8221;<\/p>\n<p>Ba\u015fkan Tutdere, a\u00e7\u0131l\u0131\u015f konu\u015fmas\u0131nda halk ekmek projesinin m\u00fcjdesini de verdi. Se\u00e7im d\u00f6neminde s\u00f6z verdikleri projeler aras\u0131nda yer alan halk ekmek hizmetinin Eyl\u00fcl ay\u0131n\u0131n ilk haftas\u0131nda ihalesinin yap\u0131laca\u011f\u0131n\u0131 belirtti. &#8220;Mutfak, a\u015fevi ve kriz koordinasyon merkezimiz projelerinin \u00e7al\u0131\u015fmalar\u0131n\u0131 tamamlad\u0131k. Sizlere s\u00f6z verdi\u011fimiz gibi bu projeleri bir bir hayata ge\u00e7irerek hizmet edece\u011fiz,&rdquo; diyen Tutdere, Ad\u0131yaman halk\u0131na y\u00f6nelik hizmetlerin devam edece\u011fini vurgulad\u0131.<\/p>\n<p>&#8220;Ekrem \u0130mamo\u011flu Ad\u0131yaman\u2019a Geliyor&#8221;<\/p>\n<p>A\u00e7\u0131l\u0131\u015f t\u00f6reninde, \u0130stanbul B\u00fcy\u00fck\u015fehir Belediye Ba\u015fkan\u0131 ve T\u00fcrkiye Belediyeler Birli\u011fi Ba\u015fkan\u0131 Ekrem \u0130mamo\u011flu\u2019nun 28 A\u011fustos\u2019ta Ad\u0131yaman\u2019a gelece\u011fini duyuran Ba\u015fkan Tutdere, bu ziyaretin Ad\u0131yaman\u2019\u0131n geli\u015fimi i\u00e7in \u00f6nemli bir ad\u0131m olaca\u011f\u0131n\u0131 belirtti. \u0130mamo\u011flu\u2019nun ziyareti s\u0131ras\u0131nda, Ad\u0131yaman\u2019\u0131n ihtiya\u00e7lar\u0131n\u0131n masaya yat\u0131r\u0131laca\u011f\u0131n\u0131 ve b\u00fcy\u00fck\u015fehir belediye ba\u015fkanlar\u0131n\u0131n deste\u011finin al\u0131naca\u011f\u0131n\u0131 ifade etti. &#8220;Ad\u0131yaman i\u00e7in gece g\u00fcnd\u00fcz demeden \u00e7al\u0131\u015f\u0131yoruz. Ekrem \u0130mamo\u011flu ve di\u011fer b\u00fcy\u00fck\u015fehir belediye ba\u015fkanlar\u0131yla birlikte, Ad\u0131yaman\u2019\u0131n konular\u0131n\u0131 konu\u015faca\u011f\u0131z ve onlar\u0131n desteklerini alaca\u011f\u0131z,&rdquo; dedi.<\/p>\n<p>&#8220;Ad\u0131yaman\u2019da Sosyal Ya\u015fam G\u00fc\u00e7lenecek&#8221;<\/p>\n<p>A\u00e7\u0131l\u0131\u015f t\u00f6reninde yap\u0131lan konu\u015fmalarda, Ad\u0131yaman\u2019da sosyal ya\u015fam\u0131n g\u00fc\u00e7lendirilmesi hedeflendi\u011fi vurguland\u0131. Belediye olarak \u00e7e\u015fitli k\u00fclt\u00fcrel ve sosyal etkinliklerin yan\u0131 s\u0131ra \u00e7ocuklara y\u00f6nelik spor ve e\u011fitim faaliyetlerinin de s\u00fcrd\u00fcr\u00fcld\u00fc\u011f\u00fcn\u00fc belirten Ba\u015fkan Tutdere, &ldquo;Her ay farkl\u0131 organizasyonlar ve etkinliklerle sizlerle olmaya devam edece\u011fiz. Ad\u0131yaman\u2019\u0131n dayan\u0131\u015fmaya ve deste\u011fe ihtiyac\u0131 var. \u015eehrimize ve insan\u0131m\u0131za sahip \u00e7\u0131kmaya davet ediyorum. Birlik ve beraberlik i\u00e7inde bu zor g\u00fcnleri atlataca\u011f\u0131z ve Ad\u0131yaman\u2019\u0131 k\u0131sa s\u00fcrede g\u00fczelle\u015ftirece\u011fiz,&rdquo; diyerek birlik ve beraberlik mesaj\u0131 verdi.<\/p><\/p>\n","protected":false},"excerpt":{"rendered":"<p> Rojin S\u00dcNG\u00dc &#8211; Ad\u0131yaman Belediyesi, sosyal belediyecilik anlay\u0131\u015f\u0131yla hayata ge\u00e7irdi\u011fi Emekli \u00c7ay Evi, Emekli Lokantas\u0131 ve Kad\u0131n Dinlenme Evi\u2019nin a\u00e7\u0131l\u0131\u015f\u0131n\u0131 b\u00fcy\u00fck bir co\u015fkuyla ger\u00e7ekle\u015ftirdi.<\/p>\n","protected":false},"author":1,"featured_media":6476,"comment_status":"open","ping_status":"open","sticky":false,"template":"","format":"standard","meta":{"om_disable_all_campaigns":false,"_monsterinsights_skip_tracking":false,"_monsterinsights_sitenote_active":false,"_monsterinsights_sitenote_note":"","_monsterinsights_sitenote_category":0,"footnotes":""},"categories":[1,11],"tags":[559,545,295,540,567],"aioseo_notices":[],"_links":{"self":[{"href":"https:\/\/www.hbrkahta.com\/index.php\/wp-json\/wp\/v2\/posts\/6475"}],"collection":[{"href":"https:\/\/www.hbrkahta.com\/index.php\/wp-json\/wp\/v2\/posts"}],"about":[{"href":"https:\/\/www.hbrkahta.com\/index.php\/wp-json\/wp\/v2\/types\/post"}],"author":[{"embeddable":true,"href":"https:\/\/www.hbrkahta.com\/index.php\/wp-json\/wp\/v2\/users\/1"}],"replies":[{"embeddable":true,"href":"https:\/\/www.hbrkahta.com\/index.php\/wp-json\/wp\/v2\/comments?post=6475"}],"version-history":[{"count":1,"href":"https:\/\/www.hbrkahta.com\/index.php\/wp-json\/wp\/v2\/posts\/6475\/revisions"}],"predecessor-version":[{"id":6477,"href":"https:\/\/www.hbrkahta.com\/index.php\/wp-json\/wp\/v2\/posts\/6475\/revisions\/6477"}],"wp:featuredmedia":[{"embeddable":true,"href":"https:\/\/www.hbrkahta.com\/index.php\/wp-json\/wp\/v2\/media\/6476"}],"wp:attachment":[{"href":"https:\/\/www.hbrkahta.com\/index.php\/wp-json\/wp\/v2\/media?parent=6475"}],"wp:term":[{"taxonomy":"category","embeddable":true,"href":"https:\/\/www.hbrkahta.com\/index.php\/wp-json\/wp\/v2\/categories?post=6475"},{"taxonomy":"post_tag","embeddable":true,"href":"https:\/\/www.hbrkahta.com\/index.php\/wp-json\/wp\/v2\/tags?post=6475"}],"curies":[{"name":"wp","href":"https:\/\/api.w.org\/{rel}","templated":true}]}}