{"id":6469,"date":"2024-08-23T12:36:02","date_gmt":"2024-08-23T09:36:02","guid":{"rendered":"https:\/\/www.hbrkahta.com\/?p=6469"},"modified":"2024-08-23T12:36:02","modified_gmt":"2024-08-23T09:36:02","slug":"besni-belediyesi-kentsel-donusum-alaninda-inceleme-yapti","status":"publish","type":"post","link":"https:\/\/www.hbrkahta.com\/index.php\/2024\/08\/23\/besni-belediyesi-kentsel-donusum-alaninda-inceleme-yapti\/","title":{"rendered":"Besni Belediyesi kentsel d\u00f6n\u00fc\u015f\u00fcm alan\u0131nda inceleme yapt\u0131"},"content":{"rendered":"<p>\u0130ncelemelerinin ard\u0131ndan a\u00e7\u0131klamalarda bulunan Ba\u015fkan Alkan \u015funlar\u0131 kaydetti; &ldquo;Sevgili Besnili hem\u015fehrilerim, Ciritmeydan Mahallesinde y\u0131k\u0131m i\u015flemleri devam ediyor. K\u0131sa bir s\u00fcre \u00f6nce ba\u015flam\u0131\u015ft\u0131, \u015fu anda epey bir alan y\u0131k\u0131ld\u0131. B\u00fcy\u00fck bina olarak 5-6 tane bina kald\u0131. Her zaman s\u00f6yledi\u011fimiz gibi bir \u015feyleri aya\u011fa kald\u0131rmak, y\u00fcr\u00fctmek ve ko\u015fturmak gerekiyordu. Sa\u011f olsun say\u0131n bakan\u0131m\u0131z\u0131n \u00f6zel talimat\u0131yla buras\u0131 yeniden hayat buldu. Say\u0131n vekilimiz H\u00fcseyin \u00d6zhan beye buradan te\u015fekk\u00fcr ediyorum. \u00c7\u00fcnk\u00fc s\u00fcre\u00e7 biraz daha uzayabilecekti ama bu s\u00fcreci en k\u0131sa s\u00fcrede yapmak i\u00e7in giri\u015fimlerde bulundular. Bizde Ankara ziyaretlerimizde bunlar\u0131 g\u00fcndeme getirdik. \u015eu anda y\u0131k\u0131m i\u015fleri ba\u015flad\u0131, bu ay\u0131n sonunda ihalesi yap\u0131lacak. \u0130n\u015fallah ondan sonraki s\u00fcre\u00e7te de buras\u0131 en k\u0131sa s\u00fcrede teslim edilecek \u015fekilde \u00e7al\u0131\u015fmalara ba\u015flanacak&rdquo;<\/p>\n<p>Ba\u015fkan Alkan \u015f\u00f6yle devam etti; &ldquo;Her zaman s\u00f6yledi\u011fimiz gibi bir Yenikent sevdas\u0131 vard\u0131, her ne kadar oraya talep olmu\u015fsa da kentsel d\u00f6n\u00fc\u015f\u00fcmle birlikte bundan sonra buralara da ra\u011fbet olu\u015facak. Bu kentsel d\u00f6n\u00fc\u015f\u00fcm b\u00f6lgesindeki b\u00fct\u00fcn arsalar, yerler de\u011ferlenecek. Yeniden buralarda m\u00fcteahhitler Yenikent\u2019e yapt\u0131klar\u0131 gibi blok ve arsa yerlerini al\u0131p buralara yat\u0131r\u0131m yapacaklar. \u015eehrin cazibe merkezi olacak. Haci Re\u015fit Camii, h\u00fck\u00fcmet kona\u011f\u0131, belediye binas\u0131, il\u00e7e tar\u0131m bunlar\u0131 burada yapt\u0131\u011f\u0131m\u0131z zaman komple yeni \u015fehir, yeni stat\u00fc ve g\u00f6r\u00fcn\u00fcme kavu\u015facak. D\u0131\u015far\u0131dan gelen misafirlerimiz Besni\u2019ye geldi\u011fi zaman bu memleketin nas\u0131l de\u011fi\u015fti\u011fini bizzat ya\u015fayarak, g\u00f6rerek fark edecekler. Kentsel D\u00f6n\u00fc\u015f\u00fcm ile birlikte y\u00fcr\u00fct\u00fclecek olan Meydan Projesi sayesinde Besni\u2019de de\u011fi\u015fimin ya\u015fanaca\u011f\u0131n\u0131 dile getiren Ba\u015fkan\u0131m\u0131z Alkan; &ldquo;Tabi burada ba\u015fka sorunlar\u0131m\u0131z da var, mesela adliyenin yeni \u015fehrin d\u0131\u015f\u0131na \u00e7\u0131kmas\u0131 gibi onu da say\u0131n kaymakam\u0131m\u0131zla, vekillerimizle ve bakan yard\u0131mc\u0131lar\u0131m\u0131zla g\u00f6r\u00fc\u015ft\u00fck, yap\u0131lan adliye binas\u0131na e\u011fer anla\u015fabilirsek emniyeti yeni yap\u0131lan adliye binas\u0131na, onun yerine milli e\u011fitimi adliyeyi de yeniden h\u00fck\u00fcmet kona\u011f\u0131na konu\u015fland\u0131rmak \u00fczere daha \u00e7ok vatanda\u015flar\u0131m\u0131z\u0131n \u015fehir i\u00e7inde kalarak i\u015flemlerini halletmesi y\u00f6n\u00fcnde d\u00fc\u015f\u00fcncemiz var. Say\u0131n vekilimiz H\u00fcseyin Bey de bu konuyla ilgileniyor. K\u0131sacas\u0131 art\u0131k Besni, \u00e7ar\u015f\u0131 merkezli, \u00e7ok daha cazip, \u00e7ok daha e\u011flenceli, \u00e7ok daha hareketli hale gelecek. Ticaretin kalbi yine a\u015fa\u011f\u0131 \u015fehirde atacak. Burada l\u00fcks konutlar olacak, etraf\u0131nda da l\u00fcks konutlar\u0131n yap\u0131laca\u011f\u0131ndan \u015f\u00fcphem yoktur. Di\u011fer mahallelere de bu sirayet edecek. E\u011fer bina sakinlerini kabul ettirebilirsek yolun iki yakas\u0131 da kentsel d\u00f6n\u00fc\u015f\u00fcme girmi\u015f olacak. Ama \u015fimdilik buras\u0131 a\u015fa\u011f\u0131ya kadar rezerv alan\u0131 ilan edilen Ziraat Bankas\u0131na kadar kar\u015f\u0131 taraf\u0131yla birlikte yap\u0131lacak. G\u00fczel i\u015flere imzay\u0131 in\u015fallah hep birlikte ataca\u011f\u0131z.<\/p>\n<p>Meydan Projesinin alt\u0131nda otopark, konferans salonlar\u0131, nikah salonlar\u0131, yer alt\u0131 \u00e7ar\u015f\u0131s\u0131 olacak. \u00c7ok i\u015flevsel ve \u00e7ok kullan\u0131\u015fl\u0131, vatanda\u015flar\u0131m\u0131z\u0131n \u00e7evre il ve il\u00e7elerden bile gelip meydanda vakit ge\u00e7irmek isteyecekleri g\u00fczide bir mekan olacak. Canla ba\u015fla bu memleket i\u00e7in \u00e7al\u0131\u015f\u0131yoruz, \u00e7al\u0131\u015fmaya devam edece\u011fiz. Zaman\u0131m\u0131z \u00e7ok k\u0131s\u0131tl\u0131, bize zaman yetmiyor ama emin olun en k\u0131sa zamanda da bu \u00e7al\u0131\u015fmalar\u0131n meyvesini alaca\u011f\u0131z, hep birlikte de ya\u015fayarak g\u00f6rece\u011fiz.&rdquo; diyerek s\u00f6z\u00fcn\u00fc bitirdi.<\/p><\/p>\n","protected":false},"excerpt":{"rendered":"<p> G\u00fclbahar S\u00fcng\u00fc-Besni Belediye Ba\u015fkan Re\u015fit Alkan Ciritmeydan Mahallesinde y\u0131k\u0131mlar\u0131n devam etti\u011fi Besni\u2019nin toparlanmas\u0131 i\u00e7in Kentsel D\u00f6n\u00fc\u015f\u00fcm \u00e7al\u0131\u015fmalar\u0131n\u0131 inceledi.  Alkan yapt\u0131\u011f\u0131 incelemelerde \u015fu ifadeleri kulland\u0131; \u201c\u015eu anda y\u0131k\u0131m i\u015fleri ba\u015flad\u0131, bu ay\u0131n sonunda ihalesi yap\u0131lacak. \u0130n\u015fallah ondan sonraki s\u00fcre\u00e7te de buras\u0131 en k\u0131sa s\u00fcrede teslim edilecek \u015fekilde \u00e7al\u0131\u015fmalara ba\u015flanacak\u201d dedi.<\/p>\n","protected":false},"author":1,"featured_media":6470,"comment_status":"open","ping_status":"open","sticky":false,"template":"","format":"standard","meta":{"om_disable_all_campaigns":false,"_monsterinsights_skip_tracking":false,"_monsterinsights_sitenote_active":false,"_monsterinsights_sitenote_note":"","_monsterinsights_sitenote_category":0,"footnotes":""},"categories":[1,11],"tags":[540,745,535,674,457],"aioseo_notices":[],"_links":{"self":[{"href":"https:\/\/www.hbrkahta.com\/index.php\/wp-json\/wp\/v2\/posts\/6469"}],"collection":[{"href":"https:\/\/www.hbrkahta.com\/index.php\/wp-json\/wp\/v2\/posts"}],"about":[{"href":"https:\/\/www.hbrkahta.com\/index.php\/wp-json\/wp\/v2\/types\/post"}],"author":[{"embeddable":true,"href":"https:\/\/www.hbrkahta.com\/index.php\/wp-json\/wp\/v2\/users\/1"}],"replies":[{"embeddable":true,"href":"https:\/\/www.hbrkahta.com\/index.php\/wp-json\/wp\/v2\/comments?post=6469"}],"version-history":[{"count":1,"href":"https:\/\/www.hbrkahta.com\/index.php\/wp-json\/wp\/v2\/posts\/6469\/revisions"}],"predecessor-version":[{"id":6471,"href":"https:\/\/www.hbrkahta.com\/index.php\/wp-json\/wp\/v2\/posts\/6469\/revisions\/6471"}],"wp:featuredmedia":[{"embeddable":true,"href":"https:\/\/www.hbrkahta.com\/index.php\/wp-json\/wp\/v2\/media\/6470"}],"wp:attachment":[{"href":"https:\/\/www.hbrkahta.com\/index.php\/wp-json\/wp\/v2\/media?parent=6469"}],"wp:term":[{"taxonomy":"category","embeddable":true,"href":"https:\/\/www.hbrkahta.com\/index.php\/wp-json\/wp\/v2\/categories?post=6469"},{"taxonomy":"post_tag","embeddable":true,"href":"https:\/\/www.hbrkahta.com\/index.php\/wp-json\/wp\/v2\/tags?post=6469"}],"curies":[{"name":"wp","href":"https:\/\/api.w.org\/{rel}","templated":true}]}}