{"id":6454,"date":"2024-08-22T18:12:00","date_gmt":"2024-08-22T15:12:00","guid":{"rendered":"https:\/\/www.hbrkahta.com\/?p=6454"},"modified":"2024-08-22T18:12:00","modified_gmt":"2024-08-22T15:12:00","slug":"bakan-murat-kurum-11-sehrimizde-302-bin-konut-hizla-yukseliyor","status":"publish","type":"post","link":"https:\/\/www.hbrkahta.com\/index.php\/2024\/08\/22\/bakan-murat-kurum-11-sehrimizde-302-bin-konut-hizla-yukseliyor\/","title":{"rendered":"Bakan Murat Kurum: &#8217;11 \u015eehrimizde 302 bin konut h\u0131zla y\u00fckseliyor&#8217;"},"content":{"rendered":"<p>Bakan Kurum, Ad\u0131yaman Valili\u011fi\u2019nde yapt\u0131\u011f\u0131 toplant\u0131da, 11 ilde y\u00fcr\u00fct\u00fclen deprem konutlar\u0131 in\u015faat\u0131 hakk\u0131nda \u00f6nemli a\u00e7\u0131klamalarda bulundu.<\/p>\n<p>Sabah saatlerinde Ad\u0131yaman\u2019a gelen Bakan Kurum, havaliman\u0131nda Ad\u0131yaman Valisi Osman Varol, AK Parti milletvekilleri ve yerel y\u00f6neticiler taraf\u0131ndan kar\u015f\u0131land\u0131. \u0130lk ziyaretini Ad\u0131yaman Valili\u011fi&#8217;ne yapan Kurum, burada \u015feref defterini imzalayarak, Vali Varol\u2019dan kentte y\u00fcr\u00fct\u00fclen \u00e7al\u0131\u015fmalar hakk\u0131nda bilgi ald\u0131.<\/p>\n<p>&ldquo;Eyl\u00fcl\u2019de 24 Bin Konut Teslim Edilecek&rdquo;<\/p>\n<p>Valilikte d\u00fczenlenen koordinasyon toplant\u0131s\u0131nda kentin genelinde devam eden kal\u0131c\u0131 deprem konutlar\u0131n\u0131n durumu, yerinde d\u00f6n\u00fc\u015f\u00fcm ve kentsel d\u00f6n\u00fc\u015f\u00fcm projeleri masaya yat\u0131r\u0131ld\u0131. Bakan Kurum, toplant\u0131 sonras\u0131nda gazetecilere yapt\u0131\u011f\u0131 a\u00e7\u0131klamada, 11 ilde 302 bin konutun h\u0131zla y\u00fckseldi\u011fini belirterek \u015funlar\u0131 s\u00f6yledi:<\/p>\n<p>&#8220;Eyl\u00fcl ay\u0131nda 24 bin konutumuzu bitirip teslim say\u0131m\u0131z\u0131 100 bine ula\u015ft\u0131raca\u011f\u0131z. Y\u0131lsonuna kadar en az 200 bin konutumuzu teslim etmi\u015f olaca\u011f\u0131z. 2025 y\u0131l\u0131 sonunda ise depremzede karde\u015flerimizin tamam\u0131 yeni yuvalar\u0131na kavu\u015facak. 14 milyon insan\u0131m\u0131z yeni, sa\u011fl\u0131kl\u0131, g\u00fcvenli hayatlar\u0131na ba\u015flayacak. On binlerce d\u00fckk&acirc;n\u0131m\u0131z\u0131n kap\u0131lar\u0131 berekete, bollu\u011fa a\u00e7\u0131lacak.&#8221;<\/p>\n<p>Ad\u0131yaman\u2019daki \u00c7al\u0131\u015fmalar H\u0131z Kesmeden Devam Ediyor<\/p>\n<p>Ad\u0131yaman&#8217;\u0131n \u00f6nemine de\u011finen Bakan Kurum, \u015fehrin yeni yuvalar\u0131na kavu\u015fmas\u0131 i\u00e7in b\u00fcy\u00fck bir \u00e7aba g\u00f6sterildi\u011fini belirtti. \u015eu ana kadar \u015fehirde 8 bin 174 yeni konut ve i\u015f yerinin teslim edildi\u011fini, halen 45 bin 444 konut ve i\u015f yerinin daha teslim edilmesi i\u00e7in \u00e7al\u0131\u015f\u0131ld\u0131\u011f\u0131n\u0131 vurgulayan Kurum, \u015funlar\u0131 ekledi:<\/p>\n<p>&#8220;Ad\u0131yaman\u2019da y\u0131lsonuna kadar 19 bin 314 konut ve i\u015fyerini daha depremzede karde\u015flerimize teslim edece\u011fiz. Ad\u0131yaman \u00e7ocuklar\u0131 bir an \u00f6nce g\u00fcls\u00fcn, annelerimiz depremin ac\u0131s\u0131n\u0131 unutsun diye canla ba\u015fla \u00e7al\u0131\u015f\u0131yoruz.&#8221;<\/p>\n<p>Sosyal Alanlar ve Meydan Projeleri<\/p>\n<p>Ad\u0131yaman i\u00e7in \u00f6nemli sosyal projelere de de\u011finen Kurum, 70 bin metrekarelik alanda yap\u0131m\u0131 s\u00fcren Ad\u0131yaman Meydan Projesi\u2019nin \u015fehir merkezine canl\u0131l\u0131k kataca\u011f\u0131n\u0131 belirtti. Meydan projesinin yan\u0131 s\u0131ra, 500 y\u0131ll\u0131k Ulu Cami ve 19. y\u00fczy\u0131ldan kalma Tuz Han\u0131&#8217;n\u0131n restorasyon \u00e7al\u0131\u015fmalar\u0131n\u0131n da h\u0131zla s\u00fcrd\u00fc\u011f\u00fcn\u00fc aktaran Kurum, projelerin turizm a\u00e7\u0131s\u0131ndan \u015fehre ciddi bir katk\u0131 sa\u011flayaca\u011f\u0131n\u0131 ifade etti. Ayr\u0131ca, Ad\u0131yaman \u00dcniversitesi i\u00e7in yap\u0131lacak yeni fak\u00fclte ve lojmanlar\u0131n ihalesinin 30 Eyl\u00fcl&#8217;de ger\u00e7ekle\u015ftirilece\u011fini duyurdu.<\/p>\n<p>&#8220;Deprem D\u00f6n\u00fc\u015f\u00fcm\u00fc Milli M\u00fccadeledir&#8221;<\/p>\n<p>Bakan Kurum, deprem d\u00f6n\u00fc\u015f\u00fcm\u00fcn\u00fc &#8220;Yeni Bir Milli M\u00fccadele&#8221; olarak nitelendirerek, t\u00fcm siyasi g\u00f6r\u00fc\u015flerin bu konuda birlik olmas\u0131 gerekti\u011fini vurgulad\u0131:<\/p>\n<p>&#8220;Deprem d\u00f6n\u00fc\u015f\u00fcm\u00fc, \u00fclkemiz i\u00e7in adeta yeni bir milli m\u00fccadeledir. Bu milli m\u00fccadelemize omuz verecek herkesle beraber hareket ediyoruz, bundan sonra da edece\u011fiz. Deprem b\u00f6lgesinin, T\u00fcrkiye\u2019nin 1. g\u00fcndemi olarak kalmas\u0131 i\u00e7in gereken her m\u00fccadeleyi s\u00fcrd\u00fcrece\u011fiz.&#8221;<\/p>\n<p>Son olarak \u00dcsk\u00fcdar, Vanik\u00f6y&#8217;de Bo\u011fazi\u00e7i \u00d6ng\u00f6r\u00fcm B\u00f6lgesi&#8217;nde yer alan ve sosyal medyada da tart\u0131\u015f\u0131lan villa in\u015faat\u0131n\u0131n ka\u00e7ak yap\u0131ld\u0131\u011f\u0131 iddias\u0131 \u00fczerine konu\u015fan Bakan Kurum, &#8220;\u0130stanbul Bo\u011faz\u0131 sadece orada oturan, ya\u015fayanlar\u0131n de\u011fil, hepimizin ortak meselesidir. Ve bo\u011faz\u0131m\u0131z\u0131n g\u00fczelli\u011finin korunmas\u0131 ad\u0131na oradaki ye\u015fil alanlar\u0131n, oradaki tarihi alanlar\u0131n korunmas\u0131 ad\u0131na bizde Bo\u011fazi\u00e7i \u00d6ng\u00f6r\u00fcm B\u00f6lgesi&#8217;ne g\u00f6z\u00fcm\u00fcz gibi bak\u0131yoruz. Ve bundan sonraki s\u00fcre\u00e7te bakmaya devam edece\u011fiz. \u00dcsk\u00fcdar, Vanik\u00f6y semtinde Bo\u011fazi\u00e7i \u00d6ng\u00f6r\u00fcm B\u00f6lgesi&#8217;nde maalesef bura ki imara uygun olmayan ka\u00e7ak yap\u0131la\u015fmayla kar\u015f\u0131 kar\u015f\u0131ya kald\u0131k. Bu yap\u0131la\u015fmaya ili\u015fkin \u0130stanbul B\u00fcy\u00fck\u015fehir Belediyesi sorumlulu\u011fundaki bu b\u00f6lgede ekiplerimiz hem \u0130stanbul B\u00fcy\u00fck\u015fehir Belediyesi&#8217;ni yaz\u0131l\u0131 ve s\u00f6zl\u00fc uyarmak suretiyle hem de in\u015faat\u0131 devam eden yeri durdurmak suretiyle m\u00fcdahale ettik. Buradaki ka\u00e7ak yap\u0131 in\u015faat\u0131 durdurulmu\u015ftur. Gerekli hukuki i\u015flemler savc\u0131l\u0131\u011f\u0131m\u0131za su\u00e7 duyurusu i\u015flemleri y\u00fcr\u00fct\u00fclmektedir. Ka\u00e7ak yap\u0131n\u0131n y\u0131k\u0131m\u0131na ili\u015fkinde ilgili B\u00fcy\u00fck\u015fehir Belediyesi&#8217;ne gerekli uyar\u0131 yap\u0131lm\u0131\u015ft\u0131r. Bizde bakanl\u0131k olarak s\u00fcreci takip edece\u011fiz. Bo\u011fazi\u00e7i \u00d6ng\u00f6r\u00fcm B\u00f6lgesi&#8217;ni \u0130stanbul bo\u011faz\u0131m\u0131z\u0131 g\u00f6z\u00fcm\u00fcz gibi koruyaca\u011f\u0131z. Burada herhangi bir ka\u00e7ak kaz\u0131 yap\u0131lmas\u0131na m\u00fcsaade etmeyece\u011fiz. Bunun d\u0131\u015f\u0131nda da T\u00fcrkiye&#8217;nin her yerinde oldu\u011fu gibi kararl\u0131l\u0131\u011f\u0131m\u0131z\u0131 artt\u0131rarak devam edece\u011fiz. Bu g\u00fczellikler bize emanet. Ve bu emanete hep birlikte sahip \u00e7\u0131kaca\u011f\u0131z. Bu emanetlere sahip \u00e7\u0131karak gelecek nesillere en g\u00fczel haliyle aktarm\u0131\u015f olaca\u011f\u0131z. Ka\u00e7ak yap\u0131ya ili\u015fkin arkada\u015flar\u0131m\u0131z s\u00fcreci takip etmektedir.&#8221; \u015feklinde konu\u015ftu.<\/p>\n<p>A\u00e7\u0131klamalar\u0131n\u0131n ard\u0131ndan, Bakan Kurum, yerinde d\u00f6n\u00fc\u015f\u00fcm program\u0131 kapsam\u0131nda projesi biten ailelerin evlerini ziyaret etti ve toplu afet konutlar\u0131 \u015fantiyesini inceledi. Kurum, sonras\u0131nda Kahramanmara\u015f\u2019a gitmek \u00fczere Ad\u0131yaman\u2019dan ayr\u0131ld\u0131.<\/p><\/p>\n","protected":false},"excerpt":{"rendered":"<p>  \u2013 \u00c7evre, \u015eehircilik ve \u0130klim De\u011fi\u015fikli\u011fi Bakan\u0131 Murat Kurum, \u00e7e\u015fitli temaslarda bulunmak ve devam eden projeleri yerinde incelemek \u00fczere Ad\u0131yaman&#8217;a geldi.<\/p>\n","protected":false},"author":1,"featured_media":6455,"comment_status":"open","ping_status":"open","sticky":false,"template":"","format":"standard","meta":{"om_disable_all_campaigns":false,"_monsterinsights_skip_tracking":false,"_monsterinsights_sitenote_active":false,"_monsterinsights_sitenote_note":"","_monsterinsights_sitenote_category":0,"footnotes":""},"categories":[1,11],"tags":[559,587,588,619,539],"aioseo_notices":[],"_links":{"self":[{"href":"https:\/\/www.hbrkahta.com\/index.php\/wp-json\/wp\/v2\/posts\/6454"}],"collection":[{"href":"https:\/\/www.hbrkahta.com\/index.php\/wp-json\/wp\/v2\/posts"}],"about":[{"href":"https:\/\/www.hbrkahta.com\/index.php\/wp-json\/wp\/v2\/types\/post"}],"author":[{"embeddable":true,"href":"https:\/\/www.hbrkahta.com\/index.php\/wp-json\/wp\/v2\/users\/1"}],"replies":[{"embeddable":true,"href":"https:\/\/www.hbrkahta.com\/index.php\/wp-json\/wp\/v2\/comments?post=6454"}],"version-history":[{"count":1,"href":"https:\/\/www.hbrkahta.com\/index.php\/wp-json\/wp\/v2\/posts\/6454\/revisions"}],"predecessor-version":[{"id":6456,"href":"https:\/\/www.hbrkahta.com\/index.php\/wp-json\/wp\/v2\/posts\/6454\/revisions\/6456"}],"wp:featuredmedia":[{"embeddable":true,"href":"https:\/\/www.hbrkahta.com\/index.php\/wp-json\/wp\/v2\/media\/6455"}],"wp:attachment":[{"href":"https:\/\/www.hbrkahta.com\/index.php\/wp-json\/wp\/v2\/media?parent=6454"}],"wp:term":[{"taxonomy":"category","embeddable":true,"href":"https:\/\/www.hbrkahta.com\/index.php\/wp-json\/wp\/v2\/categories?post=6454"},{"taxonomy":"post_tag","embeddable":true,"href":"https:\/\/www.hbrkahta.com\/index.php\/wp-json\/wp\/v2\/tags?post=6454"}],"curies":[{"name":"wp","href":"https:\/\/api.w.org\/{rel}","templated":true}]}}