{"id":6451,"date":"2024-08-22T15:36:00","date_gmt":"2024-08-22T12:36:00","guid":{"rendered":"https:\/\/www.hbrkahta.com\/?p=6451"},"modified":"2024-08-22T15:36:00","modified_gmt":"2024-08-22T12:36:00","slug":"deprem-sonrasi-egitime-buyuk-darbe-cumhuriyet-ilkokulu-yok-ediliyor","status":"publish","type":"post","link":"https:\/\/www.hbrkahta.com\/index.php\/2024\/08\/22\/deprem-sonrasi-egitime-buyuk-darbe-cumhuriyet-ilkokulu-yok-ediliyor\/","title":{"rendered":"Deprem sonras\u0131 e\u011fitime b\u00fcy\u00fck darbe: Cumhuriyet \u0130lkokulu yok ediliyor"},"content":{"rendered":"<p>1937 y\u0131l\u0131nda in\u015fa edilen ve d\u00f6nemin mimarisini yans\u0131tan bu okul, \u015fehrin k\u00fclt\u00fcrel miras\u0131n\u0131n \u00f6nemli bir par\u00e7as\u0131 olarak biliniyor. Ancak son geli\u015fmeler, okulun e\u011fitim hayat\u0131ndan tamamen silinebilece\u011fi endi\u015fesini beraberinde getirdi.<\/p>\n<p>&#8220;Depremin Ard\u0131ndan Tarihi Bir Miras\u0131n Yok Olu\u015fu&#8221;<\/p>\n<p>6 \u015eubat 2023&#8217;te ya\u015fanan b\u00fcy\u00fck deprem, Ad\u0131yaman\u2019da bir\u00e7ok tarihi yap\u0131ya b\u00fcy\u00fck zarar verdi. Bu yap\u0131lar\u0131n ba\u015f\u0131nda gelen Cumhuriyet \u0130lkokulu, sadece bir e\u011fitim kurumu de\u011fil, ayn\u0131 zamanda Ad\u0131yaman\u2019\u0131n kimli\u011fini olu\u015fturan bir simge olarak biliniyor. Gazeteci Mehmet Ali Aslancirit, bu yap\u0131n\u0131n korunmamas\u0131 durumunda, \u015fehrin tarihi dokusunun ve k\u00fclt\u00fcrel miras\u0131n\u0131n ciddi \u015fekilde zarar g\u00f6rece\u011fini belirtti. Aslancirit, &#8220;Bu \u015fehrin ruhunu olu\u015fturan de\u011ferli yap\u0131lar\u0131m\u0131z\u0131 depremde kaybettik. Kalanlar\u0131 da b\u00fcrokrasinin so\u011fuk ellerine teslim etmek istemiyoruz&#8221; diyerek okulun asl\u0131na uygun \u015fekilde restore edilmesi gerekti\u011fine vurgu yapt\u0131.<\/p>\n<p>&#8220;E\u011fitim \u0130\u00e7in Bir Kay\u0131p: Okul A\u00e7\u0131\u011f\u0131na Ra\u011fmen Tarihi Okul Y\u0131k\u0131lma Tehlikesinde&#8221;<\/p>\n<p>Ad\u0131yaman&#8217;da, deprem sonras\u0131 ortaya \u00e7\u0131kan okul a\u00e7\u0131\u011f\u0131na ra\u011fmen, Cumhuriyet \u0130lkokulu\u2019nun e\u011fitime yeniden kazand\u0131r\u0131laca\u011f\u0131na dair belirsizlik s\u00fcr\u00fcyor. Ad\u0131yaman K\u00fclt\u00fcr Turizm eski M\u00fcd\u00fcr\u00fc Abuzer Gelse, tarihi binan\u0131n m\u00fczeye d\u00f6n\u00fc\u015ft\u00fcr\u00fclmesi planlar\u0131na de\u011finerek, &#8220;Cumhuriyet \u0130lkokulu&#8217;nun restorasyonu sa\u011flanarak, Ad\u0131yaman i\u00e7in \u00f6nemli bir k\u00fclt\u00fcrel miras aya\u011fa kald\u0131r\u0131lacak. Ancak \u00e7ocuklar\u0131m\u0131z\u0131n e\u011fitim ihtiya\u00e7lar\u0131 i\u00e7in de yeni okullar\u0131n in\u015fas\u0131 devam ediyor,&#8221; dedi. Bu durum, \u015fehirdeki e\u011fitim ihtiyac\u0131n\u0131n yeterince kar\u015f\u0131lanamamas\u0131 tehlikesini de beraberinde getiriyor.<\/p>\n<p>Ad\u0131yaman&#8217;\u0131n Gelece\u011fi Tehlikede mi?<\/p>\n<p>Deprem sonras\u0131 yeniden in\u015fa edilen Ad\u0131yaman\u2019da, tarihi ve k\u00fclt\u00fcrel de\u011ferlerin korunup korunamayaca\u011f\u0131 b\u00fcy\u00fck bir soru i\u015fareti olarak duruyor. AK Parti Ad\u0131yaman \u0130l Ba\u015fkan\u0131 Faruk B\u00fclent Kablan ise, &#8220;Ad\u0131yaman\u2019\u0131n k\u00fclt\u00fcrel ve tarihi yap\u0131lar\u0131n\u0131n korunaca\u011f\u0131n\u0131 ve bu konuda gerekli hassasiyetin g\u00f6sterilece\u011fini&#8221; belirterek, h\u00fck\u00fcmetin bu konuda ad\u0131mlar ataca\u011f\u0131n\u0131 ifade etti.<\/p>\n<p>Gazeteci Abdurrahman Ak\u00e7al ise Cumhuriyet \u0130lkokulu \u00f6n\u00fcnde \u00e7ekti\u011fi bir video ile okulun son durumuna ili\u015fkin edindi\u011fi bilgileri aktard\u0131 ve Cumhuriyet \u0130lkokulu&#8217;nun yap\u0131lan t\u00fcm a\u00e7\u0131klamalar\u0131n aksine yok edilece\u011fini iddia etti.<\/p>\n<p>Ak\u00e7al a\u00e7\u0131klamas\u0131nda, Cumhuriyet \u0130lkokulu yerle\u015fkesi i\u00e7erisinde bulunan iki binadan birinin E\u011fitim M\u00fczesi olarak restore edilece\u011fini ancak y\u00fczde 70 oran\u0131nda g\u00fc\u00e7lendirmesi tamamlanan ve e\u011fitim \u00f6\u011fretim d\u00f6nemine haz\u0131r hale getirilmek \u00fczere olan di\u011fer okul binas\u0131n\u0131n ise Milli E\u011fitim M\u00fcd\u00fcrl\u00fc\u011f\u00fc&#8217;nden al\u0131narak, \u00c7evre \u015eehircilik ve \u0130klim De\u011fi\u015fikli\u011fi Bakanl\u0131\u011f\u0131&#8217;na devredildi\u011fini kaydetti. Ak\u00e7al, Bakanl\u0131\u011f\u0131n rezerv alan \u00e7al\u0131\u015fmalar\u0131 kapsam\u0131na al\u0131nan okul binas\u0131n\u0131n, sa\u011flam hale getirilmesine, y\u00fcksek miktarl\u0131 harcama yap\u0131lmas\u0131na ra\u011fmen y\u0131k\u0131l\u0131p, yok edilece\u011fini ve art\u0131k Cumhuriyet \u0130lkokulu&#8217;nun tarih olaca\u011f\u0131n\u0131 iddia etti.<\/p>\n<p>Okulun yok edilece\u011fi bilgisi sosyal medya \u00fczerinden pek \u00e7ok ki\u015fi taraf\u0131ndan payla\u015f\u0131l\u0131nca, toplumun farkl\u0131 kesimlerinden gelen tepkiler sonras\u0131 Milli E\u011fitim ve \u00c7evre \u015eehircilik Bakanl\u0131\u011f\u0131&#8217;n\u0131n ne t\u00fcr bir karar alaca\u011f\u0131 merak konusu oldu. Ad\u0131yaman milletvekilleri ve \u015fehir protokol\u00fc ile vatanda\u015flar\u0131n Cumhuriyet \u0130lkokulu&#8217;nun yok edilmemesi i\u00e7in imza kampanyas\u0131 da dahil olmak \u00fczere \u00e7e\u015fitli eylemler yapacaklar\u0131 bilgisi al\u0131nd\u0131.<\/p><\/p>\n","protected":false},"excerpt":{"rendered":"<p> Abdullah FERGER &#8211; Ad\u0131yaman\u2019\u0131n en eski e\u011fitim kurumlar\u0131ndan biri olan ve kentin tarihine tan\u0131kl\u0131k eden Cumhuriyet \u0130lkokulu, depremde ald\u0131\u011f\u0131 hasar sonras\u0131 onar\u0131lmas\u0131na ve y\u00fczde 70 oran\u0131nda g\u00fc\u00e7lendirilmesine ra\u011fmen y\u0131k\u0131larak, yok edilme tehlikesiyle kar\u015f\u0131 kar\u015f\u0131ya.<\/p>\n","protected":false},"author":1,"featured_media":6452,"comment_status":"open","ping_status":"open","sticky":false,"template":"","format":"standard","meta":{"om_disable_all_campaigns":false,"_monsterinsights_skip_tracking":false,"_monsterinsights_sitenote_active":false,"_monsterinsights_sitenote_note":"","_monsterinsights_sitenote_category":0,"footnotes":""},"categories":[1,11],"tags":[559,540,1008,312,591],"aioseo_notices":[],"_links":{"self":[{"href":"https:\/\/www.hbrkahta.com\/index.php\/wp-json\/wp\/v2\/posts\/6451"}],"collection":[{"href":"https:\/\/www.hbrkahta.com\/index.php\/wp-json\/wp\/v2\/posts"}],"about":[{"href":"https:\/\/www.hbrkahta.com\/index.php\/wp-json\/wp\/v2\/types\/post"}],"author":[{"embeddable":true,"href":"https:\/\/www.hbrkahta.com\/index.php\/wp-json\/wp\/v2\/users\/1"}],"replies":[{"embeddable":true,"href":"https:\/\/www.hbrkahta.com\/index.php\/wp-json\/wp\/v2\/comments?post=6451"}],"version-history":[{"count":1,"href":"https:\/\/www.hbrkahta.com\/index.php\/wp-json\/wp\/v2\/posts\/6451\/revisions"}],"predecessor-version":[{"id":6453,"href":"https:\/\/www.hbrkahta.com\/index.php\/wp-json\/wp\/v2\/posts\/6451\/revisions\/6453"}],"wp:featuredmedia":[{"embeddable":true,"href":"https:\/\/www.hbrkahta.com\/index.php\/wp-json\/wp\/v2\/media\/6452"}],"wp:attachment":[{"href":"https:\/\/www.hbrkahta.com\/index.php\/wp-json\/wp\/v2\/media?parent=6451"}],"wp:term":[{"taxonomy":"category","embeddable":true,"href":"https:\/\/www.hbrkahta.com\/index.php\/wp-json\/wp\/v2\/categories?post=6451"},{"taxonomy":"post_tag","embeddable":true,"href":"https:\/\/www.hbrkahta.com\/index.php\/wp-json\/wp\/v2\/tags?post=6451"}],"curies":[{"name":"wp","href":"https:\/\/api.w.org\/{rel}","templated":true}]}}