{"id":6448,"date":"2024-08-22T15:00:04","date_gmt":"2024-08-22T12:00:04","guid":{"rendered":"https:\/\/www.hbrkahta.com\/?p=6448"},"modified":"2024-08-22T15:00:04","modified_gmt":"2024-08-22T12:00:04","slug":"bakan-kurum-adiyamanda-deprem-sonrasi-iyilestirme-calismalari-masaya-yatirildi","status":"publish","type":"post","link":"https:\/\/www.hbrkahta.com\/index.php\/2024\/08\/22\/bakan-kurum-adiyamanda-deprem-sonrasi-iyilestirme-calismalari-masaya-yatirildi\/","title":{"rendered":"Bakan Kurum Ad\u0131yaman&#8217;da: Deprem sonras\u0131 iyile\u015ftirme \u00e7al\u0131\u015fmalar\u0131 masaya yat\u0131r\u0131ld\u0131"},"content":{"rendered":"<p>Deprem sonras\u0131 yap\u0131lan in\u015faat \u00e7al\u0131\u015fmalar\u0131n\u0131 yerinde denetleyen Bakan Kurum, Ad\u0131yaman yeniden in\u015fas\u0131 ve ihyas\u0131 i\u00e7in ger\u00e7ekle\u015ftirilen projelerin son durumunu de\u011ferlendirdi.<\/p>\n<p>&#8220;Koordinasyon Toplant\u0131s\u0131nda \u00d6nemli Ba\u015fl\u0131klar G\u00f6r\u00fc\u015f\u00fcld\u00fc&#8221;<\/p>\n<p>Bakan Murat Kurum ba\u015fkanl\u0131\u011f\u0131nda ger\u00e7ekle\u015ftirilen koordinasyon toplant\u0131s\u0131nda, Ad\u0131yaman&#8217;da deprem sonras\u0131 devam eden projelerin son durumu masaya yat\u0131r\u0131ld\u0131. Yeni Kent Meydan\u0131 ve \u00c7ar\u015f\u0131 Projesi&#8217;nin geldi\u011fi a\u015fama ile il genelinde yap\u0131lan di\u011fer \u00e7al\u0131\u015fmalar detayl\u0131 bir \u015fekilde ele al\u0131nd\u0131. Toplant\u0131da, Ad\u0131yaman&#8217;\u0131n yeniden in\u015fas\u0131 i\u00e7in hayata ge\u00e7irilen yeni projeler ve gelecekte yap\u0131lmas\u0131 planlanan \u00e7al\u0131\u015fmalar da g\u00fcndeme getirildi.<\/p>\n<p>&#8220;Valilik Ziyareti ve Proje Bilgilendirmesi&#8221;<\/p>\n<p>Ad\u0131yaman Valili\u011fi\u2019ni ziyaret eden Bakan Kurum, Vali Dr. Osman Varol\u2019dan ilin d\u00f6rt bir yan\u0131nda devam eden kal\u0131c\u0131 deprem konutlar\u0131 ve k\u00f6y evleri projeleri hakk\u0131nda bilgi ald\u0131. Yerinde D\u00f6n\u00fc\u015f\u00fcm ve Kentsel D\u00f6n\u00fc\u015f\u00fcm Projeleri kapsam\u0131nda yap\u0131lan \u00e7al\u0131\u015fmalar\u0131n mevcut durumu ve gelecekteki planlamalar hakk\u0131nda detayl\u0131 de\u011ferlendirmeler yap\u0131ld\u0131.<\/p>\n<p>&#8220;Ad\u0131yaman&#8217;\u0131n Yeniden \u0130hyas\u0131 \u0130\u00e7in H\u0131zla \u0130lerliyoruz&#8221;<\/p>\n<p>Bakan Kurum, yapt\u0131\u011f\u0131 a\u00e7\u0131klamada, &#8220;Depremden bu yana Ad\u0131yaman&#8217;da y\u00fcr\u00fctt\u00fc\u011f\u00fcm\u00fcz projelerle halk\u0131m\u0131z\u0131n yan\u0131nda olmaya devam ediyoruz. Kal\u0131c\u0131 konutlar ve k\u00f6y evleri in\u015fa edilirken, ayn\u0131 zamanda kentsel d\u00f6n\u00fc\u015f\u00fcm projeleriyle \u015fehrimizi daha g\u00fcvenli ve ya\u015fanabilir hale getirmek i\u00e7in \u00e7al\u0131\u015f\u0131yoruz&#8221; dedi.<\/p>\n<p>Bakan Kurum\u2019un Ad\u0131yaman ziyareti, il genelinde devam eden \u00e7al\u0131\u015fmalar\u0131n h\u0131zla tamamlanmas\u0131 y\u00f6n\u00fcnde kararlar al\u0131nd\u0131. Ziyaret kapsam\u0131nda, bakanl\u0131k yetkilileri ve yerel y\u00f6neticilerle birlikte y\u00fcr\u00fct\u00fclen projelerin h\u0131zland\u0131r\u0131lmas\u0131 ve yeni projelerin hayata ge\u00e7irilmesi i\u00e7in i\u015f birli\u011fi vurguland\u0131.<\/p><\/p>\n","protected":false},"excerpt":{"rendered":"<p> G\u00fclbahar S\u00dcNG\u00dc \u2013 \u00c7evre, \u015eehircilik ve \u0130klim De\u011fi\u015fikli\u011fi Bakan\u0131 Murat Kurum, Ad\u0131yaman&#8217;da bir dizi ziyaret ve incelemelerde bulundu.<\/p>\n","protected":false},"author":1,"featured_media":6449,"comment_status":"open","ping_status":"open","sticky":false,"template":"","format":"standard","meta":{"om_disable_all_campaigns":false,"_monsterinsights_skip_tracking":false,"_monsterinsights_sitenote_active":false,"_monsterinsights_sitenote_note":"","_monsterinsights_sitenote_category":0,"footnotes":""},"categories":[1,11],"tags":[559,292,535,823,674],"aioseo_notices":[],"_links":{"self":[{"href":"https:\/\/www.hbrkahta.com\/index.php\/wp-json\/wp\/v2\/posts\/6448"}],"collection":[{"href":"https:\/\/www.hbrkahta.com\/index.php\/wp-json\/wp\/v2\/posts"}],"about":[{"href":"https:\/\/www.hbrkahta.com\/index.php\/wp-json\/wp\/v2\/types\/post"}],"author":[{"embeddable":true,"href":"https:\/\/www.hbrkahta.com\/index.php\/wp-json\/wp\/v2\/users\/1"}],"replies":[{"embeddable":true,"href":"https:\/\/www.hbrkahta.com\/index.php\/wp-json\/wp\/v2\/comments?post=6448"}],"version-history":[{"count":1,"href":"https:\/\/www.hbrkahta.com\/index.php\/wp-json\/wp\/v2\/posts\/6448\/revisions"}],"predecessor-version":[{"id":6450,"href":"https:\/\/www.hbrkahta.com\/index.php\/wp-json\/wp\/v2\/posts\/6448\/revisions\/6450"}],"wp:featuredmedia":[{"embeddable":true,"href":"https:\/\/www.hbrkahta.com\/index.php\/wp-json\/wp\/v2\/media\/6449"}],"wp:attachment":[{"href":"https:\/\/www.hbrkahta.com\/index.php\/wp-json\/wp\/v2\/media?parent=6448"}],"wp:term":[{"taxonomy":"category","embeddable":true,"href":"https:\/\/www.hbrkahta.com\/index.php\/wp-json\/wp\/v2\/categories?post=6448"},{"taxonomy":"post_tag","embeddable":true,"href":"https:\/\/www.hbrkahta.com\/index.php\/wp-json\/wp\/v2\/tags?post=6448"}],"curies":[{"name":"wp","href":"https:\/\/api.w.org\/{rel}","templated":true}]}}