{"id":6445,"date":"2024-08-22T14:48:01","date_gmt":"2024-08-22T11:48:01","guid":{"rendered":"https:\/\/www.hbrkahta.com\/?p=6445"},"modified":"2024-08-22T14:48:01","modified_gmt":"2024-08-22T11:48:01","slug":"rezipte-tas-ocagina-tepki-yasam-hakkimizi-elimizden-aliyorlar","status":"publish","type":"post","link":"https:\/\/www.hbrkahta.com\/index.php\/2024\/08\/22\/rezipte-tas-ocagina-tepki-yasam-hakkimizi-elimizden-aliyorlar\/","title":{"rendered":"Rezip&#8217;te ta\u015f oca\u011f\u0131na tepki: &#8216;Ya\u015fam hakk\u0131m\u0131z\u0131 elimizden al\u0131yorlar&#8217;"},"content":{"rendered":"<p>K\u00f6yl\u00fcler, ta\u015f ocaklar\u0131n\u0131n hem do\u011falar\u0131n\u0131 tahrip etti\u011fini hem de sa\u011fl\u0131klar\u0131n\u0131 tehdit etti\u011fini vurgulayarak, devlet yetkililerine seslendi.<\/p>\n<p>&#8220;Do\u011fa ve Sa\u011fl\u0131k Tehlikede&#8221;<\/p>\n<p>K\u00f6yl\u00fcler ad\u0131na bas\u0131n a\u00e7\u0131klamas\u0131 yapan Mahmut Tele\u015f, ta\u015f ocaklar\u0131n\u0131n k\u00f6ylerinin ya\u015fam alanlar\u0131n\u0131 yok etti\u011fini ifade etti. Kaynak sular\u0131n\u0131n zarar g\u00f6rd\u00fc\u011f\u00fcn\u00fc, her g\u00fcn asbeste maruz kald\u0131klar\u0131n\u0131 belirten Tele\u015f, bah\u00e7elerdeki meyvelerin tozla kapland\u0131\u011f\u0131n\u0131 ve tar\u0131m\u0131n olumsuz etkilendi\u011fini dile getirdi. &#8220;Buras\u0131 bizim ya\u015fam alan\u0131m\u0131z, buras\u0131 \u00e7ocuklar\u0131m\u0131z\u0131n gelece\u011fi, atalar\u0131m\u0131z\u0131n yadigar\u0131&#8221; diyen Tele\u015f, ta\u015f ocaklar\u0131n\u0131n yaratt\u0131\u011f\u0131 tahribat\u0131n kabul edilemez oldu\u011funu s\u00f6yledi.<\/p>\n<p>&#8220;K\u00f6y\u00fcm\u00fcz Rant U\u011fruna Feda Edilmesin&#8221;<\/p>\n<p>Tele\u015f, Rezip K\u00f6y\u00fc\u2019n\u00fcn, ge\u00e7mi\u015fte ter\u00f6rle m\u00fccadelede devletin en \u00f6nemli kalelerinden biri oldu\u011funu hat\u0131rlatarak, bu stratejik \u00f6neme sahip k\u00f6y\u00fcn rant u\u011fruna zorla g\u00f6\u00e7 ettirilmek istenmesine tepki g\u00f6sterdi. &#8220;Bu projeyi k\u00f6yl\u00fc olarak istemiyoruz. Rezip K\u00f6y\u00fc&#8217;n\u00fcn zorla bo\u015falt\u0131lmas\u0131, rant odaklar\u0131na fayda sa\u011flarken devletin g\u00fcvenlik politikas\u0131na zarar veriyor&#8221; dedi.<\/p>\n<p>Devlete \u00c7a\u011fr\u0131: &#8220;Bu Zulm\u00fc Durdurun!&#8221;<\/p>\n<p>Mahmut Tele\u015f, k\u00f6ylerinin ta\u015f ocaklar\u0131 y\u00fcz\u00fcnden yok olmas\u0131na izin vermeyeceklerini belirterek, devlet yetkililerini k\u00f6ylerine davet etti. Cumhurba\u015fkan\u0131, Tar\u0131m ve Orman Bakan\u0131, vali ve di\u011fer yetkililere seslenen Tele\u015f, &#8220;Bu zulm\u00fc durdurun. Bizi bu topraklardan g\u00f6\u00e7 etmeye zorlasalar da direnece\u011fiz. K\u00f6y\u00fcm\u00fcz\u00fcn ve do\u011fam\u0131z\u0131n yok edilmesine izin vermeyece\u011fiz&#8221; dedi.<\/p>\n<p>K\u00f6y sakinleri, ta\u015f ocaklar\u0131n\u0131n kapat\u0131lmas\u0131n\u0131 ve do\u011falar\u0131n\u0131n korunmas\u0131n\u0131 talep ederken, t\u00fcm duyarl\u0131 vatanda\u015flar\u0131 destek vermeye \u00e7a\u011f\u0131rd\u0131.<\/p><\/p>\n","protected":false},"excerpt":{"rendered":"<p> Rojin S\u00dcNG\u00dc \u2013 Ad\u0131yaman&#8217;\u0131n \u00c7elikhan il\u00e7esi Kayatepe (Rezip) k\u00f6y\u00fc sakinleri, k\u00f6ylerinin yak\u0131nlar\u0131nda faaliyet g\u00f6steren ta\u015f ocaklar\u0131ndan dolay\u0131 b\u00fcy\u00fck bir ma\u011fduriyet ya\u015fad\u0131klar\u0131n\u0131 belirterek, eylem d\u00fczenledi.<\/p>\n","protected":false},"author":1,"featured_media":6446,"comment_status":"open","ping_status":"open","sticky":false,"template":"","format":"standard","meta":{"om_disable_all_campaigns":false,"_monsterinsights_skip_tracking":false,"_monsterinsights_sitenote_active":false,"_monsterinsights_sitenote_note":"","_monsterinsights_sitenote_category":0,"footnotes":""},"categories":[1,11],"tags":[1007,1006],"aioseo_notices":[],"_links":{"self":[{"href":"https:\/\/www.hbrkahta.com\/index.php\/wp-json\/wp\/v2\/posts\/6445"}],"collection":[{"href":"https:\/\/www.hbrkahta.com\/index.php\/wp-json\/wp\/v2\/posts"}],"about":[{"href":"https:\/\/www.hbrkahta.com\/index.php\/wp-json\/wp\/v2\/types\/post"}],"author":[{"embeddable":true,"href":"https:\/\/www.hbrkahta.com\/index.php\/wp-json\/wp\/v2\/users\/1"}],"replies":[{"embeddable":true,"href":"https:\/\/www.hbrkahta.com\/index.php\/wp-json\/wp\/v2\/comments?post=6445"}],"version-history":[{"count":1,"href":"https:\/\/www.hbrkahta.com\/index.php\/wp-json\/wp\/v2\/posts\/6445\/revisions"}],"predecessor-version":[{"id":6447,"href":"https:\/\/www.hbrkahta.com\/index.php\/wp-json\/wp\/v2\/posts\/6445\/revisions\/6447"}],"wp:featuredmedia":[{"embeddable":true,"href":"https:\/\/www.hbrkahta.com\/index.php\/wp-json\/wp\/v2\/media\/6446"}],"wp:attachment":[{"href":"https:\/\/www.hbrkahta.com\/index.php\/wp-json\/wp\/v2\/media?parent=6445"}],"wp:term":[{"taxonomy":"category","embeddable":true,"href":"https:\/\/www.hbrkahta.com\/index.php\/wp-json\/wp\/v2\/categories?post=6445"},{"taxonomy":"post_tag","embeddable":true,"href":"https:\/\/www.hbrkahta.com\/index.php\/wp-json\/wp\/v2\/tags?post=6445"}],"curies":[{"name":"wp","href":"https:\/\/api.w.org\/{rel}","templated":true}]}}