{"id":6439,"date":"2024-08-22T14:00:02","date_gmt":"2024-08-22T11:00:02","guid":{"rendered":"https:\/\/www.hbrkahta.com\/?p=6439"},"modified":"2024-08-22T14:00:02","modified_gmt":"2024-08-22T11:00:02","slug":"adiyaman-belediyesinde-su-icin-gece-mesaisi","status":"publish","type":"post","link":"https:\/\/www.hbrkahta.com\/index.php\/2024\/08\/22\/adiyaman-belediyesinde-su-icin-gece-mesaisi\/","title":{"rendered":"Ad\u0131yaman Belediyesi\u2019nde su i\u00e7in gece mesaisi"},"content":{"rendered":"<p><span><span>Ad\u0131yaman\u2019da baz\u0131 mahallelerde ya\u015fanan su s\u0131k\u0131nt\u0131s\u0131n\u0131 \u00e7\u00f6zmek amac\u0131yla yap\u0131lan toplant\u0131ya, Belediye Ba\u015fkan\u0131 Abdurrahman Tutdere\u2019nin yan\u0131 s\u0131ra su y\u00f6netimi alan\u0131nda farkl\u0131 \u015fehirlerdeki ba\u015far\u0131l\u0131 \u00e7al\u0131\u015fmalar\u0131yla tan\u0131nan Ad\u0131yaman \u00dcniversitesi Rekt\u00f6r Yard\u0131mc\u0131s\u0131 Prof. Dr. \u00d6zg\u00fcr \u00d6zdemir, ilgili belediye ba\u015fkan yard\u0131mc\u0131lar\u0131, Su ve Kanalizasyon Birimi m\u00fcd\u00fcrleri, saha amirleri, \u00e7avu\u015flar ve teknik personel kat\u0131ld\u0131.<\/span><\/span><\/p>\n<p><span><span>K\u0131sa ve uzun vadeli \u00e7\u00f6z\u00fcmler masaya yatirildi<\/span><\/span><\/p>\n<p><span><span>Toplant\u0131da, mahallelerde ya\u015fanan su s\u0131k\u0131nt\u0131s\u0131n\u0131n nedenleri detayl\u0131 \u015fekilde ele al\u0131nd\u0131 ve \u00e7\u00f6z\u00fcm \u00f6nerileri masaya yat\u0131r\u0131ld\u0131. Su y\u00f6netimi konusunda tecr\u00fcbesiyle tan\u0131nan Prof. Dr. \u00d6zg\u00fcr \u00d6zdemir, \u00e7\u00f6z\u00fcm yollar\u0131 hakk\u0131nda bilgi verdi ve teknik \u00f6neriler sundu. G\u00f6r\u00fc\u015fmelerde hem k\u0131sa vadeli \u00e7\u00f6z\u00fcmler hem de su sorununun kal\u0131c\u0131 \u015fekilde \u00e7\u00f6z\u00fclmesine y\u00f6nelik uzun vadeli planlar de\u011ferlendirildi.<\/span><\/span><\/p>\n<p><span><span>Toplant\u0131yla ilgili a\u00e7\u0131klamada bulunan Ba\u015fkan Tutdere, &ldquo;Alita\u015f\u0131 ve S\u00fcmerevler ba\u015fta olmak \u00fczere baz\u0131 mahallelerimizde ya\u015fanan su s\u0131k\u0131nt\u0131s\u0131n\u0131n bir an \u00f6nce \u00e7\u00f6z\u00fclmesi i\u00e7in \u00e7al\u0131\u015fmalar\u0131m\u0131z devam ediyor. Bu kapsamda ger\u00e7ekle\u015ftirdi\u011fimiz toplant\u0131da, daha \u00f6nce farkl\u0131 \u015fehirlerde bu alandaki ba\u015far\u0131l\u0131 \u00e7al\u0131\u015fmalar\u0131yla tan\u0131nan Ad\u0131yaman \u00dcniversitemizin k\u0131ymetli Rekt\u00f6r Yard\u0131mc\u0131s\u0131 Say\u0131n Prof. Dr. \u00d6zg\u00fcr \u00d6zdemir, ilgili ba\u015fkan yard\u0131mc\u0131m\u0131z, birim m\u00fcd\u00fcrlerimiz ve ekip arkada\u015flar\u0131m\u0131za \u00e7ok de\u011ferli bilgiler verdi. <\/span><\/span><span><span>\u015eehrimizdeki su sorununu \u00e7\u00f6zmek i\u00e7in t\u00fcm ekiplerimizle \u00e7al\u0131\u015fmalar\u0131m\u0131za devam ediyoruz.&#8221; dedi.<\/span><\/span><\/p><\/p>\n","protected":false},"excerpt":{"rendered":"<p> Ad\u0131yaman Belediyesi, baz\u0131 mahallelerde ya\u015fanan su s\u0131k\u0131nt\u0131s\u0131n\u0131 \u00e7\u00f6zmek i\u00e7in gece saatlerinde kapsaml\u0131 bir toplant\u0131 ger\u00e7ekle\u015ftirdi. Belediye Ba\u015fkan\u0131 Abdurrahman Tutdere\u2019nin ba\u015fkanl\u0131k etti\u011fi toplant\u0131, gece saat 1\u2019de sona erdi. Toplant\u0131ya, su y\u00f6netimi alan\u0131ndaki ba\u015far\u0131l\u0131 \u00e7al\u0131\u015fmalar\u0131yla tan\u0131nan Ad\u0131yaman \u00dcniversitesi Rekt\u00f6r Yard\u0131mc\u0131s\u0131 Prof. Dr. \u00d6zg\u00fcr \u00d6zdemir de kat\u0131ld\u0131.<\/p>\n","protected":false},"author":1,"featured_media":6440,"comment_status":"open","ping_status":"open","sticky":false,"template":"","format":"standard","meta":{"om_disable_all_campaigns":false,"_monsterinsights_skip_tracking":false,"_monsterinsights_sitenote_active":false,"_monsterinsights_sitenote_note":"","_monsterinsights_sitenote_category":0,"footnotes":""},"categories":[1,11],"tags":[],"aioseo_notices":[],"_links":{"self":[{"href":"https:\/\/www.hbrkahta.com\/index.php\/wp-json\/wp\/v2\/posts\/6439"}],"collection":[{"href":"https:\/\/www.hbrkahta.com\/index.php\/wp-json\/wp\/v2\/posts"}],"about":[{"href":"https:\/\/www.hbrkahta.com\/index.php\/wp-json\/wp\/v2\/types\/post"}],"author":[{"embeddable":true,"href":"https:\/\/www.hbrkahta.com\/index.php\/wp-json\/wp\/v2\/users\/1"}],"replies":[{"embeddable":true,"href":"https:\/\/www.hbrkahta.com\/index.php\/wp-json\/wp\/v2\/comments?post=6439"}],"version-history":[{"count":1,"href":"https:\/\/www.hbrkahta.com\/index.php\/wp-json\/wp\/v2\/posts\/6439\/revisions"}],"predecessor-version":[{"id":6441,"href":"https:\/\/www.hbrkahta.com\/index.php\/wp-json\/wp\/v2\/posts\/6439\/revisions\/6441"}],"wp:featuredmedia":[{"embeddable":true,"href":"https:\/\/www.hbrkahta.com\/index.php\/wp-json\/wp\/v2\/media\/6440"}],"wp:attachment":[{"href":"https:\/\/www.hbrkahta.com\/index.php\/wp-json\/wp\/v2\/media?parent=6439"}],"wp:term":[{"taxonomy":"category","embeddable":true,"href":"https:\/\/www.hbrkahta.com\/index.php\/wp-json\/wp\/v2\/categories?post=6439"},{"taxonomy":"post_tag","embeddable":true,"href":"https:\/\/www.hbrkahta.com\/index.php\/wp-json\/wp\/v2\/tags?post=6439"}],"curies":[{"name":"wp","href":"https:\/\/api.w.org\/{rel}","templated":true}]}}