{"id":6433,"date":"2024-08-22T01:48:06","date_gmt":"2024-08-21T22:48:06","guid":{"rendered":"https:\/\/www.hbrkahta.com\/?p=6433"},"modified":"2024-08-22T01:48:06","modified_gmt":"2024-08-21T22:48:06","slug":"adiyamanda-artan-intihar-vakalari-endise-veriyor","status":"publish","type":"post","link":"https:\/\/www.hbrkahta.com\/index.php\/2024\/08\/22\/adiyamanda-artan-intihar-vakalari-endise-veriyor\/","title":{"rendered":"Ad\u0131yaman&#8217;da artan intihar vakalar\u0131 endi\u015fe veriyor"},"content":{"rendered":"<p>Ayd\u0131n, bu durumun \u00f6zellikle deprem b\u00f6lgelerinde, ekonomik s\u0131k\u0131nt\u0131lar ve toplumsal gerginliklerle birlikte ciddi bir halk sa\u011fl\u0131\u011f\u0131 sorununa d\u00f6n\u00fc\u015ft\u00fc\u011f\u00fcn\u00fc vurgulad\u0131.<br \/>\nAyd\u0131n, a\u00e7\u0131klamas\u0131nda T\u00dc\u0130K\u2019in 14 Haziran 2024 tarihinde yay\u0131mlad\u0131\u011f\u0131 verilere dayanarak, 2022 y\u0131l\u0131na k\u0131yasla 2023 y\u0131l\u0131nda intihar vakalar\u0131n\u0131n belirgin bir \u015fekilde artt\u0131\u011f\u0131n\u0131 ifade etti. 2024 y\u0131l\u0131na dair net verilerin hen\u00fcz a\u00e7\u0131klanmad\u0131\u011f\u0131n\u0131 belirten Ayd\u0131n, bas\u0131n ve sosyal medyada s\u0131kl\u0131kla kar\u015f\u0131la\u015f\u0131lan intihar vakalar\u0131n\u0131n, bu art\u0131\u015f\u0131 do\u011frular nitelikte oldu\u011funu s\u00f6yledi. Ad\u0131yaman\u2019\u0131n, intihar vakalar\u0131 a\u00e7\u0131s\u0131ndan birinci s\u0131rada yer almas\u0131, Ayd\u0131n\u2019a g\u00f6re, deprem b\u00f6lgelerinde ya\u015fanan travmalar\u0131n bu durumu tetikledi\u011fini a\u00e7\u0131k\u00e7a ortaya koyuyor.<br \/>\n&#8220;Depremin Etkileri \u0130ntiharlar\u0131 Tetikliyor&#8221;<br \/>\n6 \u015eubat depreminden sonra, Ad\u0131yaman, Hatay ve Kahramanmara\u015f gibi illerin intihar vakalar\u0131nda ba\u015f\u0131 \u00e7ekti\u011fini belirten Ayd\u0131n, bu durumun deprem sonras\u0131 ya\u015fanan travmalardan kaynakland\u0131\u011f\u0131n\u0131 s\u00f6yledi. Deprem b\u00f6lgesinde bir\u00e7ok insan\u0131n hayat\u0131n\u0131 kaybetti\u011fini, geride kalanlar\u0131n ise b\u00fcy\u00fck bir \u00e7aresizlik ve umutsuzluk i\u00e7inde oldu\u011funu dile getirdi. Ayd\u0131n, &#8220;Deprem s\u0131ras\u0131nda ve sonras\u0131nda ya\u015fanan ac\u0131lar, bir\u00e7ok insan\u0131n ruh sa\u011fl\u0131\u011f\u0131n\u0131 derinden etkiledi. Enkaz alt\u0131nda saatlerce beklemek, yak\u0131nlar\u0131n\u0131 kaybetmek, uzuv kay\u0131plar\u0131 ve sonras\u0131nda ya\u015fanan yoksulluk, insanlar\u0131n psikolojik olarak y\u0131pranmas\u0131na neden oldu&#8221; dedi.<br \/>\nDeprem sonras\u0131 \u00e7ad\u0131r ve konteyner kentlerde ya\u015famaya mahk&ucirc;m olan insanlar\u0131n, bu zor ko\u015fullarda hayatta kalmaya \u00e7al\u0131\u015ft\u0131klar\u0131n\u0131 belirten Ayd\u0131n, 21 metrekarelik bir alanda ya\u015faman\u0131n, e\u011fitim ve sa\u011fl\u0131k hizmetlerine eri\u015fimin k\u0131s\u0131tl\u0131 olmas\u0131n\u0131n, insanlar\u0131n ya\u015fam kalitesini d\u00fc\u015f\u00fcrd\u00fc\u011f\u00fcn\u00fc ve intiharlar\u0131 tetikledi\u011fini vurgulad\u0131.<br \/>\n&#8220;Ekonomik Kriz ve Toplumsal Gerginlikler \u0130ntiharlar\u0131 Art\u0131r\u0131yor&#8221;<br \/>\nAyd\u0131n, intihar vakalar\u0131n\u0131n sadece bireysel sorunlar sonucu ortaya \u00e7\u0131kmad\u0131\u011f\u0131n\u0131, \u00fclkenin i\u00e7inde bulundu\u011fu ekonomik sorunlar\u0131n, toplumdaki gerginliklerin ve belirsizliklerin de bu duruma zemin haz\u0131rlad\u0131\u011f\u0131n\u0131 belirtti. Ekonomik kriz, i\u015fsizlik, umutsuzluk, dayan\u0131\u015fma eksikli\u011fi ve sosyal hizmet desteklerinin yetersizli\u011fi gibi sorunlar\u0131n, \u00f6zellikle deprem b\u00f6lgelerinde intihar vakalar\u0131n\u0131n artmas\u0131na yol a\u00e7t\u0131\u011f\u0131n\u0131 ifade etti.<br \/>\nAyd\u0131n, &#8220;Ekonomik sorunlar, sosyal \u00e7at\u0131\u015fmalar, hukuksuzluk ve adaletsizlik, insanlar\u0131n ya\u015fam\u0131n\u0131 daha da zorla\u015ft\u0131r\u0131yor. Bu sorunlar \u00e7\u00f6z\u00fclmeden, intihar vakalar\u0131n\u0131 \u00f6nlemek m\u00fcmk\u00fcn de\u011fil. Devletin ve yerel y\u00f6netimlerin bu konuda acil \u00f6nlemler almas\u0131 gerekiyor&#8221; diye konu\u015ftu.<br \/>\n&#8220;Koruyucu \u00d6nlemler ve Kamu Hizmetlerinin \u00d6nemi&#8221;<br \/>\n\u0130ntihar vakalar\u0131n\u0131n \u00f6nlenmesi i\u00e7in koruyucu sa\u011fl\u0131k hizmetlerinin geli\u015ftirilmesi gerekti\u011fini vurgulayan Ayd\u0131n, devletin ve yerel y\u00f6netimlerin bu konuda birinci derece sorumlu oldu\u011funu belirtti. Ayd\u0131n, &#8220;Sosyal devletin g\u00f6revi, halk\u0131n i\u00e7inde bulundu\u011fu sorunlar\u0131 \u00e7\u00f6zmek ve bu y\u00f6nde gerekli hizmetleri sunmakt\u0131r. Belediyeler de halkla i\u00e7 i\u00e7e olan, onlara en yak\u0131n olan kurumlar olarak, bu sorunlar\u0131n \u00e7\u00f6z\u00fcm\u00fcnde \u00f6nemli bir rol oynamal\u0131d\u0131r&#8221; dedi.<br \/>\nAd\u0131yaman\u2019da deprem sonras\u0131nda madde ba\u011f\u0131ml\u0131l\u0131\u011f\u0131, akran zorbal\u0131\u011f\u0131, siber zorbal\u0131k, aile i\u00e7i \u015fiddet, kad\u0131na y\u00f6nelik \u015fiddet, ihmal ve istismar gibi sorunlar\u0131n da artt\u0131\u011f\u0131n\u0131 belirten Ayd\u0131n, bu sorunlar\u0131n da intihar vakalar\u0131n\u0131 tetikledi\u011fini s\u00f6yledi. Ayd\u0131n, belediyelerin bu sorunlara kar\u015f\u0131 etkili \u00f6nlemler almas\u0131 gerekti\u011fini ifade etti.<br \/>\n&#8220;Bas\u0131na ve Medyaya \u00d6nemli Sorumluluklar D\u00fc\u015f\u00fcyor&#8221;<br \/>\n\u0130ntihar vakalar\u0131n\u0131n bas\u0131nda ve sosyal medyada ele al\u0131n\u0131\u015f bi\u00e7iminin de \u00f6nemli oldu\u011funu belirten Ayd\u0131n, intihar\u0131 \u00f6zendirebilecek, travmatik g\u00f6r\u00fcnt\u00fcler i\u00e7eren payla\u015f\u0131mlar\u0131n yap\u0131lmamas\u0131 gerekti\u011fini s\u00f6yledi. Ayd\u0131n, bas\u0131n\u0131n bu konuda hassas davranmas\u0131 gerekti\u011fini vurgulayarak, &#8220;Bas\u0131n mensuplar\u0131n\u0131n intihar vakalar\u0131n\u0131 haberle\u015ftirirken dikkatli olmalar\u0131 gerekiyor. Olay\u0131 do\u011fru \u015fekilde aktar\u0131rken, intihar\u0131 te\u015fvik edecek unsurlardan ka\u00e7\u0131nmak \u00f6nemlidir&#8221; dedi.<br \/>\n&#8220;Sa\u011fl\u0131k ve Sosyal Hizmet Emek\u00e7ileri Sendikas\u0131&#8217;ndan Destek&#8221;<br \/>\nAyd\u0131n, son olarak Sa\u011fl\u0131k ve Sosyal Hizmet Emek\u00e7ileri Sendikas\u0131 olarak, depremde ve di\u011fer kriz d\u00f6nemlerinde oldu\u011fu gibi intihar vakalar\u0131n\u0131n artmas\u0131 kar\u015f\u0131s\u0131nda da halk\u0131n yan\u0131nda olacaklar\u0131n\u0131 belirtti. Koruyucu ve \u00f6nleyici sa\u011fl\u0131k hizmetleri konusunda \u00e7al\u0131\u015fmalar\u0131n\u0131 s\u00fcrd\u00fcreceklerini ifade eden Ayd\u0131n, &#8220;Toplumu derinden etkileyen bu sorun kar\u015f\u0131s\u0131nda, halk\u0131m\u0131z\u0131n yan\u0131nda olmaya devam edece\u011fiz&#8221; dedi.<\/p><\/p>\n","protected":false},"excerpt":{"rendered":"<p> Ertu\u011frul DANI\u015e \u2013 SES Ad\u0131yaman \u015eube E\u015f Ba\u015fkan\u0131 \u0130brahim Halil Ayd\u0131n, \u00fclke genelinde ve \u00f6zellikle Ad\u0131yaman\u2019da artan intihar vakalar\u0131na dikkat \u00e7ekmek amac\u0131yla bas\u0131n mensuplar\u0131yla bir araya geldi.<br \/>\nT\u00dc\u0130K\u2019in son verilerine g\u00f6re Ad\u0131yaman, intihar vakalar\u0131nda \u00fclke genelinde ilk s\u0131rada yer al\u0131yor.<\/p>\n","protected":false},"author":1,"featured_media":6434,"comment_status":"open","ping_status":"open","sticky":false,"template":"","format":"standard","meta":{"om_disable_all_campaigns":false,"_monsterinsights_skip_tracking":false,"_monsterinsights_sitenote_active":false,"_monsterinsights_sitenote_note":"","_monsterinsights_sitenote_category":0,"footnotes":""},"categories":[1,11],"tags":[474,540,588,233,668],"aioseo_notices":[],"_links":{"self":[{"href":"https:\/\/www.hbrkahta.com\/index.php\/wp-json\/wp\/v2\/posts\/6433"}],"collection":[{"href":"https:\/\/www.hbrkahta.com\/index.php\/wp-json\/wp\/v2\/posts"}],"about":[{"href":"https:\/\/www.hbrkahta.com\/index.php\/wp-json\/wp\/v2\/types\/post"}],"author":[{"embeddable":true,"href":"https:\/\/www.hbrkahta.com\/index.php\/wp-json\/wp\/v2\/users\/1"}],"replies":[{"embeddable":true,"href":"https:\/\/www.hbrkahta.com\/index.php\/wp-json\/wp\/v2\/comments?post=6433"}],"version-history":[{"count":1,"href":"https:\/\/www.hbrkahta.com\/index.php\/wp-json\/wp\/v2\/posts\/6433\/revisions"}],"predecessor-version":[{"id":6435,"href":"https:\/\/www.hbrkahta.com\/index.php\/wp-json\/wp\/v2\/posts\/6433\/revisions\/6435"}],"wp:featuredmedia":[{"embeddable":true,"href":"https:\/\/www.hbrkahta.com\/index.php\/wp-json\/wp\/v2\/media\/6434"}],"wp:attachment":[{"href":"https:\/\/www.hbrkahta.com\/index.php\/wp-json\/wp\/v2\/media?parent=6433"}],"wp:term":[{"taxonomy":"category","embeddable":true,"href":"https:\/\/www.hbrkahta.com\/index.php\/wp-json\/wp\/v2\/categories?post=6433"},{"taxonomy":"post_tag","embeddable":true,"href":"https:\/\/www.hbrkahta.com\/index.php\/wp-json\/wp\/v2\/tags?post=6433"}],"curies":[{"name":"wp","href":"https:\/\/api.w.org\/{rel}","templated":true}]}}