{"id":6430,"date":"2024-08-22T01:36:05","date_gmt":"2024-08-21T22:36:05","guid":{"rendered":"https:\/\/www.hbrkahta.com\/?p=6430"},"modified":"2024-08-22T01:36:05","modified_gmt":"2024-08-21T22:36:05","slug":"chpli-baskan-engin-dogan-bulamda-ikinci-kis-hala-bir-kazma-bile-vurulmadi","status":"publish","type":"post","link":"https:\/\/www.hbrkahta.com\/index.php\/2024\/08\/22\/chpli-baskan-engin-dogan-bulamda-ikinci-kis-hala-bir-kazma-bile-vurulmadi\/","title":{"rendered":"CHP&#8217;li Ba\u015fkan Engin Do\u011fan: &#8216;Bulam\u2019da ikinci k\u0131\u015f, hala bir kazma bile vurulmad\u0131&#8217;"},"content":{"rendered":"<p>\u0130n\u015faat alan\u0131n\u0131 yerinde incelemek \u00fczere P\u0131narba\u015f\u0131&#8217;na gelen CHP Ad\u0131yaman \u0130l Ba\u015fkan\u0131 Engin Do\u011fan olduk\u00e7a sert ifadelerle h\u00fck\u00fcmete y\u00fcklendi. Do\u011fan, beldede a\u00e7\u0131k bir ihmal ya\u015fand\u0131\u011f\u0131n\u0131, h\u00fck\u00fcmetin b\u00f6lgedeki vatanda\u015flara verdi\u011fi s\u00f6zleri tutmad\u0131\u011f\u0131n\u0131 belirtti.<\/p>\n<p>&#8220;Ad\u0131yaman H&acirc;l&acirc; Yetim, Verilen S\u00f6zler Yerine Getirilmedi&#8221;<\/p>\n<p>CHP \u0130l Ba\u015fkan\u0131 Engin Do\u011fan, konu\u015fmas\u0131nda h\u00fck\u00fcmetin deprem sonras\u0131nda Ad\u0131yaman\u2019a 39 bin konut yapma s\u00f6z\u00fc verdi\u011fini hat\u0131rlatt\u0131. Ancak bu s\u00f6zlerin tutulmad\u0131\u011f\u0131n\u0131 ifade eden Do\u011fan, &ldquo;Depremin \u00fczerinden tam 20 ay ge\u00e7ti, ancak bu s\u00fcrede s\u00f6z verilen 39 bin konuttan sadece 3 bini tamamlanabildi. \u00dcstelik bu 3 bin konutun bile \u00e7o\u011funun kura \u00e7ekimi dahi yap\u0131lmad\u0131. 39 bin konut s\u00f6z\u00fc verip sadece 3 binini teslim ederseniz, bu neyi de\u011fi\u015ftirir? Ad\u0131yaman halk\u0131 verdi\u011finiz s\u00f6zlerin tutulmas\u0131n\u0131 bekliyor&rdquo; dedi.<\/p>\n<p>&#8220;P\u0131narba\u015f\u0131 Beldesi H&acirc;l&acirc; Enkaz Alt\u0131nda&#8221;<\/p>\n<p>Do\u011fan, konu\u015fmas\u0131nda \u00f6zellikle P\u0131narba\u015f\u0131 beldesinin durumuna dikkat \u00e7ekti. Deprem sonras\u0131 beldedeki 295 hanenin tamamen y\u0131k\u0131ld\u0131\u011f\u0131n\u0131 ve bu s\u00fcre\u00e7te tek bir kazma bile vurulmad\u0131\u011f\u0131n\u0131 vurgulayan Do\u011fan, beldenin 20 ayd\u0131r enkaz alt\u0131nda kald\u0131\u011f\u0131n\u0131 s\u00f6yledi. &ldquo;Bulam, da\u011fl\u0131k bir alan. Bu b\u00f6lgede t\u00fct\u00fcn yeti\u015ftiricili\u011fi yaparak ge\u00e7imini sa\u011flayan insanlar, \u015fimdi evsiz barks\u0131z kald\u0131. Depremin \u00fczerinden 20 ay ge\u00e7ti, ama ne bir kazma vuruldu ne de bir ad\u0131m at\u0131ld\u0131. H\u00fck\u00fcmetin bu ihmali affedilemez&rdquo; diye konu\u015ftu.<\/p>\n<p>&#8220;Beldedeki Halk\u0131n Gelece\u011fi Karanl\u0131k&#8221;<\/p>\n<p>Do\u011fan, P\u0131narba\u015f\u0131 beldesinin zor do\u011fa ko\u015fullar\u0131 alt\u0131nda ya\u015fam m\u00fccadelesi verdi\u011fini belirtti. B\u00f6lgedeki \u00e7ift\u00e7ilerin t\u00fct\u00fcnle ge\u00e7inmeye \u00e7al\u0131\u015ft\u0131\u011f\u0131n\u0131, ancak bu y\u0131l t\u00fct\u00fcn rekoltesinin ciddi \u015fekilde d\u00fc\u015ft\u00fc\u011f\u00fcn\u00fc ifade etti. &ldquo;Bu halk t\u00fct\u00fcnle ge\u00e7iniyor. Ancak bu y\u0131l t\u00fct\u00fcn\u00fcn \u00fc\u00e7te ikisi bozuk \u00e7\u0131kt\u0131. Halk\u0131n tek ge\u00e7im kayna\u011f\u0131 olan t\u00fct\u00fcn bile ellerinden al\u0131n\u0131yor. Yetkililer bu sorunu g\u00f6rmezden geliyor. Beldede ne bir in\u015faat ba\u015flat\u0131ld\u0131 ne de halk\u0131n ge\u00e7im kayna\u011f\u0131 olan t\u00fct\u00fcne dair bir iyile\u015ftirme yap\u0131ld\u0131&rdquo; dedi.<\/p>\n<p>&#8220;Yetkililere Sesleniyorum: Evsiz Barks\u0131z 2\u2019nci K\u0131\u015f&#8221;<\/p>\n<p>Konu\u015fmas\u0131nda h\u00fck\u00fcmete sert ele\u015ftirilerde bulunan Do\u011fan, yetkililerin b\u00f6lgedeki durumu g\u00f6rmezden geldi\u011fini belirtti. &ldquo;Bura\u2019n\u0131n k\u0131\u015f\u0131 zordur, \u00e7etindir. 20 ayd\u0131r hi\u00e7bir \u015fey yap\u0131lmad\u0131. Evsiz barks\u0131z k\u0131\u015f ge\u00e7irmek zorunda olan bu halka reva g\u00f6r\u00fclen bu mu? Yetkililere sesleniyorum: Vicdan\u0131n\u0131z varsa, k\u0131\u015f gelmeden buraya gelin, bu halk\u0131n yan\u0131nda olun&rdquo; dedi.<\/p>\n<p>Do\u011fan, h\u00fck\u00fcmetin halkla alay eder gibi davrand\u0131\u011f\u0131n\u0131, b\u00f6lgeye sadece bir kep\u00e7e g\u00f6nderildi\u011fini ve bu kep\u00e7enin de s\u00fcrekli kayboldu\u011funu ifade etti. &ldquo;Halk\u0131m\u0131zla alay edenleri affetmeyece\u011fiz. Bu i\u015fin takip\u00e7isi olaca\u011f\u0131z&rdquo; dedi.<\/p>\n<p>Kanaat \u00d6nderi Ahmet B\u00fcy\u00fck\u015fahin: &#8220;P\u0131narba\u015f\u0131 H&acirc;l&acirc; Y\u0131k\u0131k Durumda&#8221;<\/p>\n<p>Do\u011fan\u2019\u0131n konu\u015fmas\u0131ndan sonra s\u00f6z alan P\u0131narba\u015f\u0131\u2019n\u0131n kanaat \u00f6nderi Ahmet B\u00fcy\u00fck\u015fahin, beldenin sorunlar\u0131na dikkat \u00e7ekti. B\u00fcy\u00fck\u015fahin, deprem sonras\u0131 P\u0131narba\u015f\u0131\u2019nda h&acirc;l&acirc; hi\u00e7bir in\u015faat \u00e7al\u0131\u015fmas\u0131n\u0131n ba\u015flamad\u0131\u011f\u0131n\u0131, halk\u0131n b\u00fcy\u00fck bir s\u0131k\u0131nt\u0131 i\u00e7inde oldu\u011funu belirtti. &ldquo;\u00c7evremizdeki k\u00f6ylerde in\u015faatlar ba\u015flad\u0131, ama P\u0131narba\u015f\u0131 h&acirc;l&acirc; y\u0131k\u0131k durumda. Buradaki halk, ge\u00e7imini tar\u0131mla sa\u011fl\u0131yor. Ancak yap\u0131lan konutlar\u0131n \u00e7o\u011funun k\u00fc\u00e7\u00fck ve tek katl\u0131 olmas\u0131, bu halk\u0131n ihtiya\u00e7lar\u0131na cevap vermiyor. P\u0131narba\u015f\u0131 halk\u0131n\u0131n daha b\u00fcy\u00fck ve iki katl\u0131 evlere ihtiyac\u0131 var&rdquo; dedi.<\/p>\n<p>B\u00fcy\u00fck\u015fahin ayr\u0131ca, Alevi k\u00f6ylerinde yap\u0131lan konutlar\u0131n daha k\u00fc\u00e7\u00fck ve tek katl\u0131 oldu\u011funa dikkat \u00e7ekerek, bunun adil olmayan bir uygulama oldu\u011funu ifade etti. &ldquo;Bizim halk\u0131m\u0131z\u0131n da daha b\u00fcy\u00fck, iki katl\u0131 evlere ihtiyac\u0131 var. Bu insanlar, k\u00fc\u00e7\u00fck evlere s\u0131\u011fmaz, bu evlerde ya\u015fayamaz&rdquo; dedi.<\/p>\n<p>Eski Belediye Ba\u015fkan\u0131 Mahmut Alan: &#8220;Konteynerlerde Ya\u015fam M\u00fccadelesi&#8221;<\/p>\n<p>P\u0131narba\u015f\u0131 eski Belediye Ba\u015fkan\u0131 Mahmut Alan ise belde halk\u0131n\u0131n konteynerlerde ya\u015famak zorunda kald\u0131\u011f\u0131n\u0131 belirterek, &ldquo;20 ay ge\u00e7ti, ama halk\u0131m\u0131z h&acirc;l&acirc; konteynerlerde ya\u015fam m\u00fccadelesi veriyor. K\u0131\u015f\u0131n zorlu ko\u015fullar\u0131 alt\u0131nda, halk\u0131m\u0131z\u0131n \u00e7ekti\u011fi bu \u00e7ileye art\u0131k bir son verilmeli. Yetkililerden acil \u00e7\u00f6z\u00fcm bekliyoruz&rdquo; dedi.<\/p>\n<p>T\u00fct\u00fcn Sorunu Derinle\u015fiyor<\/p>\n<p>CHP \u00c7elikhan \u0130l\u00e7e Ba\u015fkan\u0131 \u0130smail Ye\u015filyurt ise, P\u0131narba\u015f\u0131\u2019n\u0131n en b\u00fcy\u00fck ge\u00e7im kayna\u011f\u0131 olan t\u00fct\u00fcn\u00fcn bu y\u0131l b\u00fcy\u00fck bir darbe ald\u0131\u011f\u0131n\u0131 belirtti. &ldquo;Beldedeki t\u00fct\u00fcn\u00fcn \u00fc\u00e7te ikisi bu y\u0131l bozuldu. Halk\u0131m\u0131z t\u00fct\u00fcnle ge\u00e7iniyor ve bu y\u0131l t\u00fct\u00fcn \u00fcretiminde b\u00fcy\u00fck bir kay\u0131p ya\u015fand\u0131. Ancak hi\u00e7bir yetkili bu durumu incelemek i\u00e7in bile b\u00f6lgeye gelmedi. Halk\u0131m\u0131z, t\u00fct\u00fcn\u00fcn bu duruma nas\u0131l geldi\u011fini bilmiyor. Bu soruna acilen el at\u0131lmas\u0131 gerekiyor&rdquo; dedi.<\/p>\n<p>CHP\u2019den Kesin Tav\u0131r: &ldquo;Bulam Halk\u0131n\u0131n Yan\u0131nday\u0131z&rdquo;<\/p>\n<p>CHP \u0130l Ba\u015fkan\u0131 Engin Do\u011fan, konu\u015fmas\u0131n\u0131, &ldquo;Bulam halk\u0131 her zaman \u00fcretimden yana olmu\u015ftur, \u00e7ocuklar\u0131 okumaktan yana olmu\u015ftur. Bu halk\u0131 ma\u011fdur edemezsiniz. Biz de bu halk\u0131n yan\u0131nda sonuna kadar olaca\u011f\u0131z&rdquo; diyerek sonland\u0131rd\u0131. Do\u011fan, CHP\u2019nin, P\u0131narba\u015f\u0131 ve di\u011fer ma\u011fdur beldelerdeki halk\u0131n yan\u0131nda olmaya devam edece\u011fini ve verilen s\u00f6zlerin takip\u00e7isi olacaklar\u0131n\u0131 vurgulad\u0131.<\/p><\/p>\n","protected":false},"excerpt":{"rendered":"<p> G\u00fclbahar S\u00dcNG\u00dc &#8211; 6 \u015eubat depremlerinin ard\u0131ndan Ad\u0131yaman\u2019\u0131n \u00c7elikhan il\u00e7esine ba\u011fl\u0131 P\u0131narba\u015f\u0131 (Bulam) beldesinde, aradan ge\u00e7en 20 ayda hi\u00e7bir in\u015faat \u00e7al\u0131\u015fmas\u0131n\u0131n ba\u015flamad\u0131\u011f\u0131 iddias\u0131 \u00fczerine, CHP heyeti P\u0131narba\u015f\u0131 beldesinde topland\u0131.<\/p>\n","protected":false},"author":1,"featured_media":6431,"comment_status":"open","ping_status":"open","sticky":false,"template":"","format":"standard","meta":{"om_disable_all_campaigns":false,"_monsterinsights_skip_tracking":false,"_monsterinsights_sitenote_active":false,"_monsterinsights_sitenote_note":"","_monsterinsights_sitenote_category":0,"footnotes":""},"categories":[1,11],"tags":[540,688,1002,1003,767],"aioseo_notices":[],"_links":{"self":[{"href":"https:\/\/www.hbrkahta.com\/index.php\/wp-json\/wp\/v2\/posts\/6430"}],"collection":[{"href":"https:\/\/www.hbrkahta.com\/index.php\/wp-json\/wp\/v2\/posts"}],"about":[{"href":"https:\/\/www.hbrkahta.com\/index.php\/wp-json\/wp\/v2\/types\/post"}],"author":[{"embeddable":true,"href":"https:\/\/www.hbrkahta.com\/index.php\/wp-json\/wp\/v2\/users\/1"}],"replies":[{"embeddable":true,"href":"https:\/\/www.hbrkahta.com\/index.php\/wp-json\/wp\/v2\/comments?post=6430"}],"version-history":[{"count":1,"href":"https:\/\/www.hbrkahta.com\/index.php\/wp-json\/wp\/v2\/posts\/6430\/revisions"}],"predecessor-version":[{"id":6432,"href":"https:\/\/www.hbrkahta.com\/index.php\/wp-json\/wp\/v2\/posts\/6430\/revisions\/6432"}],"wp:featuredmedia":[{"embeddable":true,"href":"https:\/\/www.hbrkahta.com\/index.php\/wp-json\/wp\/v2\/media\/6431"}],"wp:attachment":[{"href":"https:\/\/www.hbrkahta.com\/index.php\/wp-json\/wp\/v2\/media?parent=6430"}],"wp:term":[{"taxonomy":"category","embeddable":true,"href":"https:\/\/www.hbrkahta.com\/index.php\/wp-json\/wp\/v2\/categories?post=6430"},{"taxonomy":"post_tag","embeddable":true,"href":"https:\/\/www.hbrkahta.com\/index.php\/wp-json\/wp\/v2\/tags?post=6430"}],"curies":[{"name":"wp","href":"https:\/\/api.w.org\/{rel}","templated":true}]}}