{"id":6421,"date":"2024-08-21T14:00:04","date_gmt":"2024-08-21T11:00:04","guid":{"rendered":"https:\/\/www.hbrkahta.com\/?p=6421"},"modified":"2024-08-21T14:00:04","modified_gmt":"2024-08-21T11:00:04","slug":"baskan-tutdere-istanbuldaki-adiyaman-stklariyla-bir-araya-geldi","status":"publish","type":"post","link":"https:\/\/www.hbrkahta.com\/index.php\/2024\/08\/21\/baskan-tutdere-istanbuldaki-adiyaman-stklariyla-bir-araya-geldi\/","title":{"rendered":"Ba\u015fkan Tutdere \u0130stanbul\u2019daki Ad\u0131yaman STK\u2019lar\u0131yla bir araya geldi"},"content":{"rendered":"<p>Toplant\u0131da konu\u015fan Ba\u015fkan Tutdere, 6 \u015eubat depreminin Ad\u0131yaman\u2019da yaratt\u0131\u011f\u0131 y\u0131k\u0131ma dikkat \u00e7ekti ve Ad\u0131yaman\u2019\u0131n yeniden aya\u011fa kalkmas\u0131 i\u00e7in g\u00fc\u00e7l\u00fc bir dayan\u0131\u015fman\u0131n \u00f6nemine vurgu yapt\u0131. Tutdere, &ldquo;6 \u015eubat\u2019ta ya\u015fad\u0131\u011f\u0131m\u0131z b\u00fcy\u00fck felaketin ard\u0131ndan hem maddi hem de manevi anlamda b\u00fcy\u00fck kay\u0131plar verdik. Ancak biz Ad\u0131yamanl\u0131lar olarak g\u00fc\u00e7l\u00fc bir birliktelikle yaralar\u0131m\u0131z\u0131 saraca\u011f\u0131z ve d\u00fc\u015ft\u00fc\u011f\u00fcm\u00fcz yerden kalkaca\u011f\u0131z. Bu s\u00fcre\u00e7te hepinizin deste\u011fine ihtiyac\u0131m\u0131z var. Ad\u0131yaman\u2019\u0131n dostlar\u0131n\u0131n deste\u011fiyle \u015fehrimizi yeniden in\u015fa edece\u011fiz.&rdquo; dedi.<br \/>\nAd\u0131yaman\u2019daki \u00e7al\u0131\u015fmalar\u0131n hummal\u0131 bir \u015fekilde s\u00fcrd\u00fc\u011f\u00fcn\u00fc belirten Tutdere, altyap\u0131 ve \u00fcstyap\u0131 \u00e7al\u0131\u015fmalar\u0131na dair \u015fu bilgileri verdi:<br \/>\n&ldquo;\u015eehrimiz \u015fu anda adeta bir \u015fantiye gibi. Hem belediyemizin hem de merkezi h\u00fck\u00fcmetin y\u00f6netti\u011fi \u00e7al\u0131\u015fmalar var. Ancak bu \u00e7al\u0131\u015fmalar bazen hem\u015fehrilerimizin g\u00fcnl\u00fck ya\u015fam\u0131n\u0131 zorla\u015ft\u0131r\u0131yor. Buna ra\u011fmen gelece\u011fe umutla bakmak ad\u0131na bu s\u00fcreci takip ediyoruz. Ad\u0131yaman\u2019\u0131n yeniden aya\u011fa kalkmas\u0131 i\u00e7in konteynerlerde ya\u015fayan 82 bin hem\u015fehrimizin deste\u011fe ve umut dolu bir gelece\u011fe sar\u0131lmas\u0131 gerekiyor. Deprem sonras\u0131 su \u015febekelerimizde meydana gelen hasarlar ve kaynaklardaki azalmalar su s\u0131k\u0131nt\u0131lar\u0131na yol a\u00e7\u0131yor. Bu sorunlar\u0131 \u00e7\u00f6zmek i\u00e7in ekiplerimizle birlikte \u00e7al\u0131\u015f\u0131yoruz. \u0130ller Bankas\u0131\u2019ndan ald\u0131\u011f\u0131m\u0131z krediyle \u015fehir \u015febekesini tamamen yenileyece\u011fiz. Ayr\u0131ca ya\u011fmur suyu ve at\u0131k su \u015febekelerini de g\u00fc\u00e7lendiriyoruz.&rdquo;<br \/>\nGurbetteki Ad\u0131yamanl\u0131lar\u0131n deste\u011finin \u00f6nemine vurgu yapan Tutdere, &ldquo;Ad\u0131yaman\u2019\u0131n ger\u00e7ek durumunu anlatmak ve dostlar\u0131n\u0131z\u0131 harekete ge\u00e7irmek i\u00e7in sizlere b\u00fcy\u00fck i\u015f d\u00fc\u015f\u00fcyor. \u015eehrimize yap\u0131lacak yard\u0131mlar\u0131n artmas\u0131 i\u00e7in lobi faaliyetleri \u00e7ok \u00f6nemli. \u0130stanbul\u2019daki i\u015f insanlar\u0131m\u0131z\u0131, hay\u0131rseverlerimizi Ad\u0131yaman\u2019a destek olmaya \u00e7a\u011f\u0131r\u0131yorum. Ad\u0131yaman\u2019\u0131 yaln\u0131z b\u0131rakmay\u0131n.&rdquo; diye konu\u015ftu.<br \/>\nDayan\u0131\u015fman\u0131n \u00f6nemine dikkat \u00e7eken Ba\u015fkan Tutdere, &ldquo;Birlikte g\u00fc\u00e7l\u00fc olaca\u011f\u0131z ve Ad\u0131yaman\u2019\u0131 hak etti\u011fi yere ta\u015f\u0131yaca\u011f\u0131z. Ben belediye ba\u015fkan\u0131n\u0131z olarak nerede bir hem\u015fehrimiz varsa, nerede bir bizi seven insan varsa onlar\u0131n yan\u0131nda olaca\u011f\u0131z. Siyasetle veya \u00e7eki\u015fmeyle kaybedecek bir saniyemiz bile yok. Ad\u0131yaman halk\u0131n\u0131n beklentisi hizmet ve biz de bu anlay\u0131\u015fla \u00e7al\u0131\u015fmaya devam edece\u011fiz.&rdquo; dedi.<br \/>\nAd\u0131yaman Dernekler Federasyonu Ba\u015fkan\u0131 H\u00fcseyin Sevin\u00e7 de, Ba\u015fkan Tutdere\u2019nin ziyaretinden duyduklar\u0131 memnuniyeti dile getirerek, &ldquo;Say\u0131n Ba\u015fkan\u0131m\u0131z\u0131n da ifade etti\u011fi gibi, Ad\u0131yaman\u2019\u0131n yaralar\u0131n\u0131n sar\u0131lmas\u0131nda dayan\u0131\u015fman\u0131n g\u00fcc\u00fcne inan\u0131yoruz. Federasyon olarak hem \u0130stanbul\u2019daki hem\u015fehrilerimizle hem de t\u00fcm Ad\u0131yaman dostlar\u0131yla birlikte \u00fczerimize d\u00fc\u015feni yapmaya devam edece\u011fiz. Ba\u015fkan\u0131m\u0131z\u0131n verdi\u011fi m\u00fccadeleyi destekliyoruz ve her zaman yan\u0131nday\u0131z. Birlikte Ad\u0131yaman\u2019\u0131 yeniden aya\u011fa kald\u0131raca\u011f\u0131z.&rdquo; ifadelerini kulland\u0131.<br \/>\nToplant\u0131 sonunda, Ekim ay\u0131nda \u0130stanbul\u2019daki Ad\u0131yamanl\u0131lar\u0131 bir araya getirecek bir organizasyon d\u00fczenlenmesi kararla\u015ft\u0131r\u0131ld\u0131. Ba\u015fkan Tutdere, 6 \u015eubat depremlerinde hayat\u0131n\u0131 kaybeden vatanda\u015flar\u0131 bir kez daha rahmetle anarak, t\u00fcm kat\u0131l\u0131mc\u0131lara desteklerinden dolay\u0131 te\u015fekk\u00fcr etti.<\/p><\/p>\n","protected":false},"excerpt":{"rendered":"<p> Ad\u0131yaman Belediye Ba\u015fkan\u0131 Abdurrahman Tutdere, \u00e7at\u0131s\u0131 alt\u0131nda 41 derne\u011fi bar\u0131nd\u0131ran Ad\u0131yaman Dernekler Federasyonu (ADIFED)\u2019nu ziyaret etti. Bulu\u015fmada, Ekim ay\u0131nda \u0130stanbul\u2019daki Ad\u0131yamanl\u0131lar\u0131 bulu\u015fturacak b\u00fcy\u00fck bir organizasyon d\u00fczenlenmesi kararla\u015ft\u0131r\u0131ld\u0131.<br \/>\nTutdere: \u201cAd\u0131yaman\u2019\u0131m\u0131z\u0131n yeniden aya\u011fa kalkmasi i\u00e7in dayan\u0131\u015fmaya ihtiyac\u0131m\u0131z var\u201d<br \/>\nAd\u0131yaman Belediye Ba\u015fkan\u0131 Abdurrahman Tutdere, \u0130stanbul\u2019da faaliyet g\u00f6steren Ad\u0131yaman Dernekler Federasyonu (ADIFED)\u2019u ziyaret etti. Ba\u015fkan Tutdere\u2019yi Federasyon Ba\u015fkan\u0131 H\u00fcseyin Sevin\u00e7, dernek ba\u015fkanlar\u0131 ve \u0130stanbul\u2019da ya\u015fayan Ad\u0131yamanl\u0131lar kar\u015f\u0131lad\u0131. Yap\u0131lan g\u00f6r\u00fc\u015fmede, Ad\u0131yaman\u2019\u0131n toparlanma s\u00fcreci ve \u015fehre y\u00f6nelik destekler ele al\u0131nd\u0131.<\/p>\n","protected":false},"author":1,"featured_media":6422,"comment_status":"open","ping_status":"open","sticky":false,"template":"","format":"standard","meta":{"om_disable_all_campaigns":false,"_monsterinsights_skip_tracking":false,"_monsterinsights_sitenote_active":false,"_monsterinsights_sitenote_note":"","_monsterinsights_sitenote_category":0,"footnotes":""},"categories":[1,11],"tags":[559,545,540,972,548],"aioseo_notices":[],"_links":{"self":[{"href":"https:\/\/www.hbrkahta.com\/index.php\/wp-json\/wp\/v2\/posts\/6421"}],"collection":[{"href":"https:\/\/www.hbrkahta.com\/index.php\/wp-json\/wp\/v2\/posts"}],"about":[{"href":"https:\/\/www.hbrkahta.com\/index.php\/wp-json\/wp\/v2\/types\/post"}],"author":[{"embeddable":true,"href":"https:\/\/www.hbrkahta.com\/index.php\/wp-json\/wp\/v2\/users\/1"}],"replies":[{"embeddable":true,"href":"https:\/\/www.hbrkahta.com\/index.php\/wp-json\/wp\/v2\/comments?post=6421"}],"version-history":[{"count":1,"href":"https:\/\/www.hbrkahta.com\/index.php\/wp-json\/wp\/v2\/posts\/6421\/revisions"}],"predecessor-version":[{"id":6423,"href":"https:\/\/www.hbrkahta.com\/index.php\/wp-json\/wp\/v2\/posts\/6421\/revisions\/6423"}],"wp:featuredmedia":[{"embeddable":true,"href":"https:\/\/www.hbrkahta.com\/index.php\/wp-json\/wp\/v2\/media\/6422"}],"wp:attachment":[{"href":"https:\/\/www.hbrkahta.com\/index.php\/wp-json\/wp\/v2\/media?parent=6421"}],"wp:term":[{"taxonomy":"category","embeddable":true,"href":"https:\/\/www.hbrkahta.com\/index.php\/wp-json\/wp\/v2\/categories?post=6421"},{"taxonomy":"post_tag","embeddable":true,"href":"https:\/\/www.hbrkahta.com\/index.php\/wp-json\/wp\/v2\/tags?post=6421"}],"curies":[{"name":"wp","href":"https:\/\/api.w.org\/{rel}","templated":true}]}}