{"id":6406,"date":"2024-08-20T15:12:02","date_gmt":"2024-08-20T12:12:02","guid":{"rendered":"https:\/\/www.hbrkahta.com\/?p=6406"},"modified":"2024-08-20T15:12:02","modified_gmt":"2024-08-20T12:12:02","slug":"anadolu-basin-birligi-adiyaman-subesinden-baskan-abdurrahman-tutdereye-ziyaret","status":"publish","type":"post","link":"https:\/\/www.hbrkahta.com\/index.php\/2024\/08\/20\/anadolu-basin-birligi-adiyaman-subesinden-baskan-abdurrahman-tutdereye-ziyaret\/","title":{"rendered":"Anadolu Bas\u0131n Birli\u011fi Ad\u0131yaman \u015eubesi&#8217;nden Ba\u015fkan Abdurrahman Tutdere\u2019ye ziyaret"},"content":{"rendered":"<p>Tutdere; &ldquo;B\u00fct\u00fcn STK\u2019lar\u0131m\u0131zla, Bas\u0131n Yay\u0131n Kurulu\u015flar\u0131m\u0131zla G\u00fc\u00e7l\u00fc Bir Dayan\u0131\u015fma \u0130\u00e7erisindeyiz&rdquo;<br \/>\n&ldquo;Anadolu Bas\u0131n Birli\u011fi Olarak Ad\u0131yaman\u2019da Te\u015fkilatlanm\u0131\u015f, Bir Araya Gelmi\u015f Olan\u0131z \u00c7ok Anlaml\u0131<br \/>\nZiyaretten dolay\u0131 memnuniyetini dile getiren Ad\u0131yaman Belediye Ba\u015fkan\u0131 Abdurrahman Tutdere, &ldquo;Birbirinden k\u0131ymetli daha \u00f6nce bas\u0131nda \u00e7al\u0131\u015fm\u0131\u015f sizler gibi de\u011ferli bas\u0131n emek\u00e7ilerinin bir \u00e7at\u0131 alt\u0131nda olmu\u015f olmas\u0131 bizler i\u00e7in \u00e7ok daha anlaml\u0131. Sizleri tebrik ediyorum, yolunuz a\u00e7\u0131k olsun. Bu birlikteli\u011finiz hay\u0131rlara vesile olsun. Hepinize ziyaretleriniz i\u00e7in te\u015fekk\u00fcr ediyorum&rdquo; dedi.<br \/>\nAnadolu Bas\u0131n Birli\u011fi Ad\u0131yaman \u015eube Ba\u015fkan\u0131 Dr. Abuzer Demir ve y\u00f6netim kuruluna ba\u015far\u0131lar dileyerek a\u00e7\u0131klamada bulunan Ad\u0131yaman Belediye Ba\u015fkan\u0131 Abdurrahman Tutdere, &ldquo;Ziyaretinizden i\u00e7in te\u015fekk\u00fcr ederim. Anadolu Bas\u0131n Birli\u011fi olarak Ad\u0131yaman\u2019da te\u015fkilatlanm\u0131\u015f, bir araya gelmi\u015f olan\u0131z \u00e7ok anlaml\u0131. Ad\u0131yaman\u2019\u0131m\u0131z\u0131n her zamankinden daha \u00e7ok dayan\u0131\u015fmaya, birli\u011fe ihtiya\u00e7 var. Bu anlamda Ad\u0131yaman Belediyesi olarak bas\u0131n camias\u0131n\u0131n yol g\u00f6stericili\u011fi, hakl\u0131 ele\u015ftirileri bizler i\u00e7in k\u0131ymetli olacakt\u0131r. Bu konuda b\u00fct\u00fcn STK\u2019lar\u0131m\u0131zla, bas\u0131n yay\u0131n kurulu\u015flar\u0131m\u0131zla g\u00fc\u00e7l\u00fc bir dayan\u0131\u015fma i\u00e7erisindeyiz. Bu dayan\u0131\u015fmay\u0131 b\u00fcy\u00fctmek istiyoruz. \u00c7o\u011fulcu, kat\u0131l\u0131mc\u0131, ortak ak\u0131lla sorunlar\u0131n\u0131 \u00e7\u00f6zen bir kent olmak zorunday\u0131z. Bu konuda her t\u00fcrl\u00fc ad\u0131m\u0131 destekleriz. Hepimizin ortak amac\u0131 \u015fehrin sorunlar\u0131n\u0131n \u00e7\u00f6z\u00fcm\u00fc konusunda i\u015fbirli\u011fi yapmakt\u0131r. Bas\u0131n olarak sizler sorunlar\u0131 g\u00fcndeme getireceksiniz, \u00e7\u00f6z\u00fcm merci olarak bizler belediye olarak sizlerden haberleri, tespitleri alaca\u011f\u0131z. Birlikte bu \u015fehrin yaralar\u0131n\u0131 saraca\u011f\u0131z. Birbirinden k\u0131ymetli daha \u00f6nce bas\u0131nda \u00e7al\u0131\u015fm\u0131\u015f sizler gibi de\u011ferli bas\u0131n emek\u00e7ilerinin bir \u00e7at\u0131 alt\u0131nda olmu\u015f olmas\u0131 bizler i\u00e7in \u00e7ok daha anlaml\u0131. Sizleri tebrik ediyorum, yolunuz a\u00e7\u0131k olsun. Bu birlikteli\u011finiz hay\u0131rlara vesile olsun. Hepinize ziyaretleriniz i\u00e7in te\u015fekk\u00fcr ediyorum&rdquo; dedi.<br \/>\nAnadolu Bas\u0131n Birli\u011fi Ad\u0131yaman \u015eube Ba\u015fkan\u0131 Dr. Abuzer Demir ise yapm\u0131\u015f oldu\u011fu a\u00e7\u0131klamada, &ldquo;Ad\u0131yaman\u2019da kurmu\u015foldu\u011fumuz derne\u011fimizin \u015fubesi ilimizde yoktu. Derne\u011fimiz T\u00fcrkiye \u00e7ap\u0131nda organize bir dernektir. 35 ki\u015fiyle birlikte Anadolu Bas\u0131n Birli\u011fi\u2019nin Ad\u0131yaman \u015eubesini kurduk. Ve y\u00f6netim kurulu \u015fu anda burada. Bizler bas\u0131na renk katmak, bas\u0131n\u0131n kalitesini artt\u0131rmak, bas\u0131n sekt\u00f6r\u00fcn\u00fcn sorunlar\u0131n\u0131 \u00e7\u00f6zmek ad\u0131na bu yola girdik. Zaten uzun y\u0131llardan bu yana bas\u0131n\u0131n i\u00e7erisindeyiz. \u015eahsen ben 1994 y\u0131l\u0131ndan bu yana bas\u0131n\u0131n i\u00e7erisindeyim. Halende bas\u0131n\u0131n i\u00e7erisinde yer ald\u0131\u011f\u0131m gibi k\u00f6\u015fe yaz\u0131lar\u0131ma devam ediyorum. Bas\u0131n\u0131n Ad\u0131yaman\u2019da i\u00e7inde bulundu\u011fu durum daha b\u00fcy\u00fck bir geli\u015fmeyi hak ediyor. Ad\u0131yaman\u2019daki bas\u0131n\u0131n temel sorunlar\u0131 var. Bunlardan bir tanesi bas\u0131n mensuplar\u0131n\u0131n ekonomik durumlar\u0131d\u0131r. Ekonomisi iyi olmayan bir bas\u0131n \u00f6zg\u00fcr olam\u0131yor. \u015eu anda Ad\u0131yaman\u2019da bas\u0131n\u0131n en b\u00fcy\u00fck sorunu budur. Bu sorunun a\u015f\u0131lmas\u0131 i\u00e7in \u00f6zg\u00fcr ve ekonomisi iyi olan bir bas\u0131n\u0131n olu\u015fmas\u0131, bas\u0131n camias\u0131ndaki kalitenin artmas\u0131 i\u00e7in elimizden geleni genel merkezimizle birlikte yapaca\u011f\u0131z. Ad\u0131yaman\u2019da bir \u00e7\u0131\u011f\u0131r a\u00e7mak istiyoruz. Bizler kabul etti\u011fi i\u00e7in Ad\u0131yaman Belediye Ba\u015fkan\u0131m\u0131z Say\u0131n Abdurrahman Tutdere\u2019ye \u00e7ok te\u015fekk\u00fcr ederiz&rdquo; dedi.<\/p><\/p>\n","protected":false},"excerpt":{"rendered":"<p> Anadolu Bas\u0131n Birli\u011fi Ad\u0131yaman \u015eube Ba\u015fkan\u0131 Dr. Abuzer Demir y\u00f6netim kurulu \u00fcyeleriyle birlikte Ad\u0131yaman Belediye Ba\u015fkan\u0131 Abdurrahman Tutdere\u2019yi ziyaret ederek yeni kurduklar\u0131 Ad\u0131yaman \u015fubesinin \u00e7al\u0131\u015fmalar\u0131 hakk\u0131nda bilgi verdi.<\/p>\n","protected":false},"author":1,"featured_media":6407,"comment_status":"open","ping_status":"open","sticky":false,"template":"","format":"standard","meta":{"om_disable_all_campaigns":false,"_monsterinsights_skip_tracking":false,"_monsterinsights_sitenote_active":false,"_monsterinsights_sitenote_note":"","_monsterinsights_sitenote_category":0,"footnotes":""},"categories":[1,11],"tags":[559,999,279,540,533],"aioseo_notices":[],"_links":{"self":[{"href":"https:\/\/www.hbrkahta.com\/index.php\/wp-json\/wp\/v2\/posts\/6406"}],"collection":[{"href":"https:\/\/www.hbrkahta.com\/index.php\/wp-json\/wp\/v2\/posts"}],"about":[{"href":"https:\/\/www.hbrkahta.com\/index.php\/wp-json\/wp\/v2\/types\/post"}],"author":[{"embeddable":true,"href":"https:\/\/www.hbrkahta.com\/index.php\/wp-json\/wp\/v2\/users\/1"}],"replies":[{"embeddable":true,"href":"https:\/\/www.hbrkahta.com\/index.php\/wp-json\/wp\/v2\/comments?post=6406"}],"version-history":[{"count":1,"href":"https:\/\/www.hbrkahta.com\/index.php\/wp-json\/wp\/v2\/posts\/6406\/revisions"}],"predecessor-version":[{"id":6408,"href":"https:\/\/www.hbrkahta.com\/index.php\/wp-json\/wp\/v2\/posts\/6406\/revisions\/6408"}],"wp:featuredmedia":[{"embeddable":true,"href":"https:\/\/www.hbrkahta.com\/index.php\/wp-json\/wp\/v2\/media\/6407"}],"wp:attachment":[{"href":"https:\/\/www.hbrkahta.com\/index.php\/wp-json\/wp\/v2\/media?parent=6406"}],"wp:term":[{"taxonomy":"category","embeddable":true,"href":"https:\/\/www.hbrkahta.com\/index.php\/wp-json\/wp\/v2\/categories?post=6406"},{"taxonomy":"post_tag","embeddable":true,"href":"https:\/\/www.hbrkahta.com\/index.php\/wp-json\/wp\/v2\/tags?post=6406"}],"curies":[{"name":"wp","href":"https:\/\/api.w.org\/{rel}","templated":true}]}}