{"id":6397,"date":"2024-08-19T11:36:03","date_gmt":"2024-08-19T08:36:03","guid":{"rendered":"https:\/\/www.hbrkahta.com\/?p=6397"},"modified":"2024-08-19T11:36:03","modified_gmt":"2024-08-19T08:36:03","slug":"vali-varol-toki-konut-teslim-surecleri-ve-hizmet-eksikliklerine-degindi","status":"publish","type":"post","link":"https:\/\/www.hbrkahta.com\/index.php\/2024\/08\/19\/vali-varol-toki-konut-teslim-surecleri-ve-hizmet-eksikliklerine-degindi\/","title":{"rendered":"Vali Varol, TOK\u0130 Konut teslim s\u00fcre\u00e7leri ve hizmet eksikliklerine de\u011findi"},"content":{"rendered":"<p>Toplant\u0131da, il merkezinde ve k\u00f6ylerde devam eden TOK\u0130 Kal\u0131c\u0131 Afet Konutlar\u0131&#8217;n\u0131n hak sahiplerine teslim s\u00fcre\u00e7leri, alt yap\u0131 \u00e7al\u0131\u015fmalar\u0131 ve sahadaki son durum ayr\u0131nt\u0131l\u0131 bir \u015fekilde ele al\u0131nd\u0131. Vatanda\u015flara sunulan hizmetlerde ya\u015fanan eksiklikler ve aksakl\u0131klar \u00fczerinde durularak, bu sorunlar\u0131n \u00e7\u00f6z\u00fcm\u00fc i\u00e7in \u00f6neriler tart\u0131\u015f\u0131ld\u0131. Ayr\u0131ca, gelecekte yap\u0131lmas\u0131 planlanan \u00e7al\u0131\u015fmalar da de\u011ferlendirildi.<\/p>\n<p>Vali Dr. Osman Varol, toplant\u0131da yapt\u0131\u011f\u0131 konu\u015fmada, afet sonras\u0131 yeniden in\u015fa s\u00fcrecinde vatanda\u015flar\u0131n beklentilerini kar\u015f\u0131laman\u0131n ve sorunlar\u0131 en h\u0131zl\u0131 \u015fekilde \u00e7\u00f6zmenin \u00f6ncelikleri oldu\u011funu vurgulad\u0131. Kat\u0131l\u0131mc\u0131lar, vatanda\u015flara en iyi hizmetin sunulmas\u0131 i\u00e7in koordineli bir \u015fekilde \u00e7al\u0131\u015fman\u0131n \u00f6nemine dikkat \u00e7ekti.<\/p>\n<p>Toplant\u0131, belirlenen eylem planlar\u0131n\u0131n takibi ve uygulamaya konulmas\u0131 i\u00e7in gerekli ad\u0131mlar\u0131n at\u0131lmas\u0131 karar\u0131yla sona erdi.<\/p><\/p>\n","protected":false},"excerpt":{"rendered":"<p> Ad\u0131yaman Valisi Osman Varol ba\u015fkanl\u0131\u011f\u0131nda ger\u00e7ekle\u015ftirilen Vali Yard\u0131mc\u0131lar\u0131 Haftal\u0131k De\u011ferlendirme Toplant\u0131s\u0131&#8217;nda, \u00f6nemli konular konu\u015fuldu. Toplant\u0131ya \u00c7evre, \u015eehircilik ve \u0130klim De\u011fi\u015fikli\u011fi \u0130l M\u00fcd\u00fcr\u00fc ve AFAD yetkilileri de kat\u0131ld\u0131.<\/p>\n","protected":false},"author":1,"featured_media":6398,"comment_status":"open","ping_status":"open","sticky":false,"template":"","format":"standard","meta":{"om_disable_all_campaigns":false,"_monsterinsights_skip_tracking":false,"_monsterinsights_sitenote_active":false,"_monsterinsights_sitenote_note":"","_monsterinsights_sitenote_category":0,"footnotes":""},"categories":[1,11],"tags":[],"aioseo_notices":[],"_links":{"self":[{"href":"https:\/\/www.hbrkahta.com\/index.php\/wp-json\/wp\/v2\/posts\/6397"}],"collection":[{"href":"https:\/\/www.hbrkahta.com\/index.php\/wp-json\/wp\/v2\/posts"}],"about":[{"href":"https:\/\/www.hbrkahta.com\/index.php\/wp-json\/wp\/v2\/types\/post"}],"author":[{"embeddable":true,"href":"https:\/\/www.hbrkahta.com\/index.php\/wp-json\/wp\/v2\/users\/1"}],"replies":[{"embeddable":true,"href":"https:\/\/www.hbrkahta.com\/index.php\/wp-json\/wp\/v2\/comments?post=6397"}],"version-history":[{"count":1,"href":"https:\/\/www.hbrkahta.com\/index.php\/wp-json\/wp\/v2\/posts\/6397\/revisions"}],"predecessor-version":[{"id":6399,"href":"https:\/\/www.hbrkahta.com\/index.php\/wp-json\/wp\/v2\/posts\/6397\/revisions\/6399"}],"wp:featuredmedia":[{"embeddable":true,"href":"https:\/\/www.hbrkahta.com\/index.php\/wp-json\/wp\/v2\/media\/6398"}],"wp:attachment":[{"href":"https:\/\/www.hbrkahta.com\/index.php\/wp-json\/wp\/v2\/media?parent=6397"}],"wp:term":[{"taxonomy":"category","embeddable":true,"href":"https:\/\/www.hbrkahta.com\/index.php\/wp-json\/wp\/v2\/categories?post=6397"},{"taxonomy":"post_tag","embeddable":true,"href":"https:\/\/www.hbrkahta.com\/index.php\/wp-json\/wp\/v2\/tags?post=6397"}],"curies":[{"name":"wp","href":"https:\/\/api.w.org\/{rel}","templated":true}]}}