{"id":6388,"date":"2024-08-19T08:24:03","date_gmt":"2024-08-19T05:24:03","guid":{"rendered":"https:\/\/www.hbrkahta.com\/?p=6388"},"modified":"2024-08-19T08:24:03","modified_gmt":"2024-08-19T05:24:03","slug":"besni-kaymakami-caglar-partal-kiziline-yapilan-projeleri-anlatti","status":"publish","type":"post","link":"https:\/\/www.hbrkahta.com\/index.php\/2024\/08\/19\/besni-kaymakami-caglar-partal-kiziline-yapilan-projeleri-anlatti\/","title":{"rendered":"Besni Kaymakam\u0131 \u00c7a\u011flar Partal K\u0131z\u0131lin&#8217;e yap\u0131lan projeleri anlatt\u0131"},"content":{"rendered":"<p>Besni Kaymakam\u0131 \u00c7a\u011flar Partal, K\u0131z\u0131lin&#8217;de ger\u00e7ekle\u015ftirilen projeleri tan\u0131tmak ve bas\u0131na bilgi vermek amac\u0131yla Ad\u0131yaman&#8217;daki yerel ve ulusal bas\u0131n mensuplar\u0131n\u0131 K\u0131z\u0131lin&#8217;e davet etti. Kaymakam Partal, burada yap\u0131lan \u00e7al\u0131\u015fmalar ve K\u0131z\u0131lin&#8217;in turizm potansiyeli hakk\u0131nda detayl\u0131 a\u00e7\u0131klamalarda bulundu.<\/p>\n<p>Kaymakam \u00c7a\u011flar Partal, K\u0131z\u0131lin&#8217;de iki y\u0131ld\u0131r \u00fczerinde \u00e7al\u0131\u015f\u0131lan projenin b\u00fcy\u00fck \u00f6l\u00e7\u00fcde tamamland\u0131\u011f\u0131n\u0131 belirterek, \u015fu ifadeleri kulland\u0131:<\/p>\n<p>&#8220;Bug\u00fcn K\u0131z\u0131lin&#8217;deyiz. Yakla\u015f\u0131k iki y\u0131ld\u0131r \u00fczerinde \u00e7al\u0131\u015ft\u0131\u011f\u0131m\u0131z projemizi nihayete erdirmek \u00fczereyiz, sadece k\u00fc\u00e7\u00fck k\u0131s\u0131mlar kald\u0131. Onlar\u0131 da tamamlad\u0131\u011f\u0131m\u0131zda, tamamen K\u0131z\u0131lin \u0130skelemizi ve ma\u011faralarda \u00e7evre d\u00fczenlemesi i\u015fini bitirmi\u015f olaca\u011f\u0131z. \u0130skelemizi kurduk ve \u00e7al\u0131\u015fmalar\u0131m\u0131z hala devam ediyor. Bug\u00fcn de Ad\u0131yaman\u2019daki yerel ve ulusal bas\u0131n temsilcileri ile K\u0131z\u0131lin&#8217;de bir araya geldik. Buradaki i\u015fleri ve K\u0131z\u0131lin\u2019i kendilerine g\u00f6stermek istiyoruz, a\u00e7\u0131k\u00e7as\u0131 bas\u0131n arac\u0131l\u0131\u011f\u0131yla herkese duyurmak istiyoruz. Bu projeden \u00e7ok umutluyuz \u00e7\u00fcnk\u00fc buras\u0131 ger\u00e7ekten g\u00fczel bir co\u011frafya. F\u0131rat Nehri, K\u0131z\u0131lin k\u00f6y\u00fcm\u00fcz\u00fcn bulundu\u011fu b\u00f6lgedeki ma\u011faralarla birlikte ilgi \u00e7ekici bir turizm noktas\u0131.&#8221;<\/p>\n<p>&ldquo;T\u00fcrkiye turizmine kazand\u0131rmay\u0131 hedefliyoruz&rdquo;<\/p>\n<p>Kaymakam Partal, b\u00f6lgenin tarihsel ve do\u011fal zenginliklerine dikkat \u00e7ekerek, &#8220;Bu ma\u011faralarda tarihte insanlar ya\u015fam\u0131\u015f. Ma\u011faralar\u0131 gezdi\u011fimizde bu ya\u015fanm\u0131\u015fl\u0131\u011f\u0131n izlerini g\u00f6rebiliyoruz. Bug\u00fcne kadar burada turistlerimize hizmet edebilece\u011fimiz tesislerimizin eksikli\u011fi nedeniyle K\u0131z\u0131lin belli bir e\u015fi\u011fi ge\u00e7ememi\u015fti. Ancak bu iskele ve \u00e7evre d\u00fczenlemesi sayesinde bu e\u015fi\u011fi a\u015fmay\u0131 ve T\u00fcrkiye turizmine kazand\u0131rmay\u0131 hedefliyoruz,&#8221; dedi.<\/p>\n<p>Proje kapsam\u0131nda K\u0131z\u0131lin \u0130skelesi&#8217;nin yan\u0131 s\u0131ra, G\u00f6ksu \u00fczerindeki tarihi K\u0131z\u0131lin K\u00f6pr\u00fcs\u00fc ile bu iskele aras\u0131nda bir rota olu\u015fturularak turistlerin tekne veya y\u00fcr\u00fcy\u00fc\u015fle b\u00f6lgeyi gezmesi hedefleniyor. Ayr\u0131ca, ma\u011faralarda bir restoran a\u00e7\u0131lmas\u0131 ve konaklama tesislerinin in\u015fa edilmesi planlan\u0131yor.<\/p>\n<p>&ldquo;Do\u011fay\u0131 koruyarak turizme kazand\u0131rmaya \u00e7al\u0131\u015f\u0131yoruz&rdquo;<\/p>\n<p>Kaymakam Partal, projelerin GAP ve Erdemo\u011flu Holding i\u015f birli\u011fiyle hayata ge\u00e7irildi\u011fini belirterek, &#8220;Do\u011fal yap\u0131ya zarar vermeden, do\u011fay\u0131 koruyarak turizme kazand\u0131rmaya \u00e7al\u0131\u015f\u0131yoruz. Bu projeyi, GAP ve Erdemo\u011flu Holding\u2019in e\u015f finansman\u0131yla ger\u00e7ekle\u015ftiriyoruz. 2 y\u0131l \u00f6nce ba\u015flad\u0131k, deprem s\u00fcreci nedeniyle biraz gecikmi\u015fti, ancak \u015fu an projemizi neredeyse tamamlad\u0131k,&#8221; dedi.<\/p>\n<p>Son olarak, K\u0131z\u0131lin&#8217;de uluslararas\u0131 d\u00fczeyde k\u00fcrek sporlar\u0131 organizasyonlar\u0131n\u0131n da yap\u0131lmas\u0131n\u0131n planland\u0131\u011f\u0131n\u0131 belirten Partal, &#8220;K\u00fcrek Federasyonu ile burada bir k\u00fcrek maratonu d\u00fczenlenmi\u015fti. Uluslararas\u0131 sporcular da bu b\u00f6lgeyi be\u011fenmi\u015fti. Bu nedenle, \u00f6n\u00fcm\u00fczdeki y\u0131llarda uluslararas\u0131 organizasyonlarda yer almay\u0131 d\u00fc\u015f\u00fcn\u00fcyoruz,&#8221; diyerek s\u00f6zlerini tamamlad\u0131.<\/p>\n<\/p><\/p>\n","protected":false},"excerpt":{"rendered":"<p> G\u00fclbahar S\u00dcNG\u00dc-Rojin S\u00dcNG\u00dc-Besni Kaymakam\u0131 \u00c7a\u011flar Partal, K\u0131z\u0131lin&#8217;de ger\u00e7ekle\u015ftirilen projeleri tan\u0131tmak ve bas\u0131na bilgi vermek amac\u0131yla Ad\u0131yaman&#8217;daki yerel ve ulusal bas\u0131n mensuplar\u0131n\u0131 K\u0131z\u0131lin&#8217;e davet etti. Kaymakam Partal, burada yap\u0131lan \u00e7al\u0131\u015fmalar ve K\u0131z\u0131lin&#8217;in turizm potansiyeli hakk\u0131nda detayl\u0131 a\u00e7\u0131klamalarda bulundu.<\/p>\n","protected":false},"author":1,"featured_media":6389,"comment_status":"open","ping_status":"open","sticky":false,"template":"","format":"standard","meta":{"om_disable_all_campaigns":false,"_monsterinsights_skip_tracking":false,"_monsterinsights_sitenote_active":false,"_monsterinsights_sitenote_note":"","_monsterinsights_sitenote_category":0,"footnotes":""},"categories":[1,11],"tags":[540,992,990,991,196],"aioseo_notices":[],"_links":{"self":[{"href":"https:\/\/www.hbrkahta.com\/index.php\/wp-json\/wp\/v2\/posts\/6388"}],"collection":[{"href":"https:\/\/www.hbrkahta.com\/index.php\/wp-json\/wp\/v2\/posts"}],"about":[{"href":"https:\/\/www.hbrkahta.com\/index.php\/wp-json\/wp\/v2\/types\/post"}],"author":[{"embeddable":true,"href":"https:\/\/www.hbrkahta.com\/index.php\/wp-json\/wp\/v2\/users\/1"}],"replies":[{"embeddable":true,"href":"https:\/\/www.hbrkahta.com\/index.php\/wp-json\/wp\/v2\/comments?post=6388"}],"version-history":[{"count":1,"href":"https:\/\/www.hbrkahta.com\/index.php\/wp-json\/wp\/v2\/posts\/6388\/revisions"}],"predecessor-version":[{"id":6390,"href":"https:\/\/www.hbrkahta.com\/index.php\/wp-json\/wp\/v2\/posts\/6388\/revisions\/6390"}],"wp:featuredmedia":[{"embeddable":true,"href":"https:\/\/www.hbrkahta.com\/index.php\/wp-json\/wp\/v2\/media\/6389"}],"wp:attachment":[{"href":"https:\/\/www.hbrkahta.com\/index.php\/wp-json\/wp\/v2\/media?parent=6388"}],"wp:term":[{"taxonomy":"category","embeddable":true,"href":"https:\/\/www.hbrkahta.com\/index.php\/wp-json\/wp\/v2\/categories?post=6388"},{"taxonomy":"post_tag","embeddable":true,"href":"https:\/\/www.hbrkahta.com\/index.php\/wp-json\/wp\/v2\/tags?post=6388"}],"curies":[{"name":"wp","href":"https:\/\/api.w.org\/{rel}","templated":true}]}}