{"id":6385,"date":"2024-08-19T08:12:06","date_gmt":"2024-08-19T05:12:06","guid":{"rendered":"https:\/\/www.hbrkahta.com\/?p=6385"},"modified":"2024-08-19T08:12:06","modified_gmt":"2024-08-19T05:12:06","slug":"kizilinin-6-katli-gizli-hazinesi","status":"publish","type":"post","link":"https:\/\/www.hbrkahta.com\/index.php\/2024\/08\/19\/kizilinin-6-katli-gizli-hazinesi\/","title":{"rendered":"K\u0131z\u0131lin&#8217;in 6 katl\u0131 gizli hazinesi"},"content":{"rendered":"<p>Ad\u0131yaman Besni Kaymakaml\u0131\u011f\u0131 taraf\u0131ndan K\u0131z\u0131lin&#8217;de y\u00fcr\u00fct\u00fclen projeler, b\u00f6lgenin tarihi ve do\u011fal g\u00fczelliklerini g\u00fcn y\u00fcz\u00fcne \u00e7\u0131kar\u0131yor. Kaymakaml\u0131k taraf\u0131ndan d\u00fczenlenen gezide, yerel halk ve ziyaret\u00e7iler, K\u0131z\u0131lin&#8217;deki 6 katl\u0131 ma\u011faralar\u0131 ve kanyonun g\u00f6rkemli manzaras\u0131n\u0131 ayn\u0131 zamanda do\u011fal ortam\u0131 ke\u015ffetme f\u0131rsat\u0131 buldu. Ziyaret\u00e7iler, bu tarihi mekanda ya\u015fad\u0131klar\u0131 deneyimleri payla\u015ft\u0131lar.<\/p>\n<p>Geziye kat\u0131lan vatanda\u015flardan Ecran Y\u00fccekaya, K\u0131z\u0131lin&#8217;in sundu\u011fu g\u00f6rsel \u015f\u00f6len kar\u015f\u0131s\u0131nda hayranl\u0131\u011f\u0131n\u0131 dile getirerek, &#8221; Kanyon tarihi yap\u0131s\u0131 ve g\u00f6rkem a\u00e7\u0131s\u0131ndan g\u00f6rsel \u015f\u00f6len sunuyor. M\u00fckemmel bir manzaras\u0131 var. Ve tarihi bir k\u00f6pr\u00fcs\u00fc var.&#8221; \u0130fadeleriyle be\u011fenisini dile getirdi.<\/p>\n<p>Bir di\u011fer kat\u0131l\u0131mc\u0131 Sinan Alkay\u0131\u015f ise K\u0131z\u0131lin&#8217;i ilk kez ziyaret etti\u011fini ve beklentilerinin \u00f6tesinde bir deneyim ya\u015fad\u0131\u011f\u0131n\u0131 ifade etti: &#8220;Bug\u00fcn Besni Kaymakaml\u0131\u011f\u0131n\u0131n d\u00fczenlemi\u015f oldu\u011fu geziye kat\u0131ld\u0131k. K\u0131z\u0131lin&#8217;de bulunan ma\u011faralar\u0131 ve vadisini gezme f\u0131rsat\u0131 bulduk. A\u00e7\u0131k\u00e7as\u0131 bu kadar\u0131n\u0131 beklemiyordum, buras\u0131 adeta ikinci bir Hasankeyf. Kaymakaml\u0131\u011f\u0131n burada y\u00fcr\u00fctt\u00fc\u011f\u00fc bir proje var ve buraya bir sahil \u015feridi yapmay\u0131 planl\u0131yorlar. Akan suyun de\u011ferlendirilmesi hem Ad\u0131yaman i\u00e7in hem de T\u00fcrkiye i\u00e7in b\u00fcy\u00fck bir f\u0131rsat olacak.&#8221;<\/p>\n<p>K\u0131z\u0131lin&#8217;de yap\u0131lan bu \u00e7al\u0131\u015fmalar, b\u00f6lgenin turizm potansiyelini art\u0131rmay\u0131 hedefliyor ve tarihi zenginlikleri koruyarak gelece\u011fe ta\u015f\u0131yor. Besni Kaymakaml\u0131\u011f\u0131&#8217;n\u0131n \u00f6nc\u00fcl\u00fc\u011f\u00fcnde ger\u00e7ekle\u015ftirilen bu projeler, b\u00f6lgenin tan\u0131t\u0131m\u0131nda \u00f6nemli bir rol oynayacak.<\/p><\/p>\n","protected":false},"excerpt":{"rendered":"<p> Rojin S\u00dcNG\u00dc-G\u00fclbahar S\u00dcNG\u00dc-Ad\u0131yaman Besni Kaymakaml\u0131\u011f\u0131 taraf\u0131ndan K\u0131z\u0131lin&#8217;de y\u00fcr\u00fct\u00fclen projeler, b\u00f6lgenin tarihi ve do\u011fal g\u00fczelliklerini g\u00fcn y\u00fcz\u00fcne \u00e7\u0131kar\u0131yor. Kaymakaml\u0131k taraf\u0131ndan d\u00fczenlenen gezide, yerel halk ve ziyaret\u00e7iler, K\u0131z\u0131lin&#8217;deki 6 katl\u0131 ma\u011faralar\u0131 ve kanyonun g\u00f6rkemli manzaras\u0131n\u0131 ayn\u0131 zamanda do\u011fal ortam\u0131 ke\u015ffetme f\u0131rsat\u0131 buldu. Ziyaret\u00e7iler, bu tarihi mekanda ya\u015fad\u0131klar\u0131 deneyimleri payla\u015ft\u0131lar.<\/p>\n","protected":false},"author":1,"featured_media":6386,"comment_status":"open","ping_status":"open","sticky":false,"template":"","format":"standard","meta":{"om_disable_all_campaigns":false,"_monsterinsights_skip_tracking":false,"_monsterinsights_sitenote_active":false,"_monsterinsights_sitenote_note":"","_monsterinsights_sitenote_category":0,"footnotes":""},"categories":[1,11],"tags":[540,989],"aioseo_notices":[],"_links":{"self":[{"href":"https:\/\/www.hbrkahta.com\/index.php\/wp-json\/wp\/v2\/posts\/6385"}],"collection":[{"href":"https:\/\/www.hbrkahta.com\/index.php\/wp-json\/wp\/v2\/posts"}],"about":[{"href":"https:\/\/www.hbrkahta.com\/index.php\/wp-json\/wp\/v2\/types\/post"}],"author":[{"embeddable":true,"href":"https:\/\/www.hbrkahta.com\/index.php\/wp-json\/wp\/v2\/users\/1"}],"replies":[{"embeddable":true,"href":"https:\/\/www.hbrkahta.com\/index.php\/wp-json\/wp\/v2\/comments?post=6385"}],"version-history":[{"count":1,"href":"https:\/\/www.hbrkahta.com\/index.php\/wp-json\/wp\/v2\/posts\/6385\/revisions"}],"predecessor-version":[{"id":6387,"href":"https:\/\/www.hbrkahta.com\/index.php\/wp-json\/wp\/v2\/posts\/6385\/revisions\/6387"}],"wp:featuredmedia":[{"embeddable":true,"href":"https:\/\/www.hbrkahta.com\/index.php\/wp-json\/wp\/v2\/media\/6386"}],"wp:attachment":[{"href":"https:\/\/www.hbrkahta.com\/index.php\/wp-json\/wp\/v2\/media?parent=6385"}],"wp:term":[{"taxonomy":"category","embeddable":true,"href":"https:\/\/www.hbrkahta.com\/index.php\/wp-json\/wp\/v2\/categories?post=6385"},{"taxonomy":"post_tag","embeddable":true,"href":"https:\/\/www.hbrkahta.com\/index.php\/wp-json\/wp\/v2\/tags?post=6385"}],"curies":[{"name":"wp","href":"https:\/\/api.w.org\/{rel}","templated":true}]}}