{"id":6379,"date":"2024-08-18T18:12:00","date_gmt":"2024-08-18T15:12:00","guid":{"rendered":"https:\/\/www.hbrkahta.com\/?p=6379"},"modified":"2024-08-18T18:12:00","modified_gmt":"2024-08-18T15:12:00","slug":"huseyin-bulustan-ziya-basarana-cevap-kendi-basarisizliklarini-gizliyor","status":"publish","type":"post","link":"https:\/\/www.hbrkahta.com\/index.php\/2024\/08\/18\/huseyin-bulustan-ziya-basarana-cevap-kendi-basarisizliklarini-gizliyor\/","title":{"rendered":"H\u00fcseyin Bulu\u015f&#8217;tan, Ziya Ba\u015faran&#8217;a cevap: &#8216;Kendi ba\u015far\u0131s\u0131zl\u0131klar\u0131n\u0131 gizliyor&#8217;"},"content":{"rendered":"<p>AK Parti Ad\u0131yaman Merkez \u0130l\u00e7e Ba\u015fkan\u0131 Ziya Ba\u015faran, CHP&#8217;li Ad\u0131yaman Belediye Ba\u015fkan\u0131 Abdurrahman Tutdere&#8217;yi sert bir dille ele\u015ftirirken, CHP Merkez \u0130l\u00e7e Ba\u015fkan\u0131 H\u00fcseyin Bulu\u015f, Ba\u015faran&#8217;\u0131n ele\u015ftirilerine yan\u0131t verdi. \u0130ki taraf aras\u0131nda giderek b\u00fcy\u00fcyen bu gerilim, Ad\u0131yaman&#8217;daki su krizini siyasi bir tart\u0131\u015fma haline getirdi.<\/p>\n<p>&#8220;Ziya Ba\u015faran\u2019dan Tutdere\u2019ye Sert Ele\u015ftiriler&#8221;<\/p>\n<p>AK Parti Ad\u0131yaman Merkez \u0130l\u00e7e Ba\u015fkan\u0131 Ziya Ba\u015faran, sosyal medya hesab\u0131ndan yapt\u0131\u011f\u0131 a\u00e7\u0131klamada, CHP&#8217;li Belediye Ba\u015fkan\u0131 Abdurrahman Tutdere&#8217;yi sert bir \u015fekilde ele\u015ftirerek, Ad\u0131yaman&#8217;daki su krizine y\u00f6nelik g\u00f6r\u00fc\u015flerini payla\u015ft\u0131. Ba\u015faran, CHP Milletvekili Abdurrahman Tutdere&#8217;nin 17 A\u011fustos 2023 tarihinde TBMM&#8217;de yapt\u0131\u011f\u0131 bas\u0131n a\u00e7\u0131klamas\u0131ndaki iddialar\u0131na yan\u0131t verirken, &#8220;Say\u0131n Tutdere, biz milletimizi hi\u00e7bir zaman yaln\u0131z b\u0131rakmad\u0131k, a\u00e7 ve a\u00e7\u0131kta da b\u0131rakmad\u0131k,&#8221; ifadelerini kulland\u0131.<\/p>\n<p>Ba\u015faran, deprem sonras\u0131 h\u00fck\u00fcmetin Ad\u0131yaman&#8217;da ger\u00e7ekle\u015ftirdi\u011fi \u00e7al\u0131\u015fmalar\u0131 savunarak, ge\u00e7ici bar\u0131nma merkezlerinden kal\u0131c\u0131 konutlara kadar bir\u00e7ok projeyle depremzedelere destek sa\u011fland\u0131\u011f\u0131n\u0131 belirtti. Ancak Ba\u015faran, Tutdere&#8217;nin Ad\u0131yaman&#8217;daki su sorununu ele\u015ftiren a\u00e7\u0131klamalar\u0131na sert bir \u015fekilde kar\u015f\u0131 \u00e7\u0131karak, &#8220;Say\u0131n Ba\u015fkan, Ad\u0131yaman halk\u0131 size yetki verdi. Peki, bu s\u00fcre zarf\u0131nda Ad\u0131yaman\u2019\u0131n i\u00e7me suyu ile ilgili ne t\u00fcr \u00e7al\u0131\u015fmalar yapt\u0131n\u0131z? Neden \u015fu anda mahallelerde d\u00f6n\u00fc\u015f\u00fcml\u00fc su kesintileri ya\u015fan\u0131yor?&#8221; diye sordu.<\/p>\n<p>Ba\u015faran, Belediye Ba\u015fkan\u0131 Tutdere&#8217;yi ele\u015ftiriyi bir muhalefet g\u00f6revi olarak g\u00f6rmek yerine, \u015fehre hizmet etmeye davet etti. Ayr\u0131ca, Ad\u0131yaman Belediye Ba\u015fkanl\u0131\u011f\u0131&#8217;n\u0131n bir muhalefet k\u00fcrs\u00fcs\u00fc olmad\u0131\u011f\u0131n\u0131 belirterek, Tutdere&#8217;yi su y\u00f6netimi konusunda ba\u015far\u0131s\u0131zl\u0131kla su\u00e7lad\u0131.<\/p>\n<p>CHP\u2019den yan\u0131t: &#8220;Ba\u015faran Kendi Ba\u015far\u0131s\u0131zl\u0131klar\u0131n\u0131 Gizliyor&#8221;<\/p>\n<p>CHP Merkez \u0130l\u00e7e Ba\u015fkan\u0131 H\u00fcseyin Bulu\u015f, Ba\u015faran&#8217;\u0131n ele\u015ftirilerine yan\u0131t vererek, AK Parti&#8217;nin su y\u00f6netimindeki ba\u015far\u0131s\u0131zl\u0131klar\u0131n\u0131 vurgulad\u0131. Bulu\u015f, Abdurrahman Tutdere&#8217;nin g\u00f6reve geldi\u011fi g\u00fcnden bu yana su y\u00f6netimi konusunda \u00e7e\u015fitli projeler geli\u015ftirdi\u011fini ve halk\u0131n suya daha kolay eri\u015fimini sa\u011flamak ad\u0131na \u00f6nemli ad\u0131mlar att\u0131\u011f\u0131n\u0131 belirtti. Ancak Bulu\u015f&#8217;a g\u00f6re, Ba\u015faran&#8217;\u0131n ele\u015ftirileri somut verilere dayanmaktan ziyade, politik saiklerle yap\u0131l\u0131yor.<\/p>\n<p>Bulu\u015f, &#8220;Ba\u015faran, Abdurrahman Tutdere\u2019nin su y\u00f6netimiyle ilgili yapt\u0131\u011f\u0131 \u00e7al\u0131\u015fmalar\u0131 k\u00fc\u00e7\u00fcmsemek yerine, kendi d\u00f6nemindeki ihmallerin sorumlulu\u011funu \u00fcstlenmeliydi&#8221; dedi. Bulu\u015f ayr\u0131ca, Ad\u0131yaman&#8217;daki su sorunlar\u0131n\u0131n sadece bug\u00fcn\u00fcn de\u011fil, ge\u00e7mi\u015fte yap\u0131lan yanl\u0131\u015flar\u0131n ve ihmallerin bir sonucu oldu\u011funu vurgulayarak, Ba\u015faran&#8217;\u0131n su sorunlar\u0131n\u0131n tek sorumlusu olarak Tutdere&#8217;yi hedef almas\u0131n\u0131n adil bir yakla\u015f\u0131m olmad\u0131\u011f\u0131n\u0131 belirtti.<\/p>\n<p>CHP&#8217;li H\u00fcseyin Bulu\u015f, Ziya Ba\u015faran\u2019\u0131 ge\u00e7mi\u015fteki hatalar\u0131ndan ders \u00e7\u0131karmaya ve su kaynaklar\u0131n\u0131n etkin y\u00f6netimi konusunda yap\u0131c\u0131 \u00f6neriler sunmaya davet etti. Bulu\u015f, &#8220;Kendi y\u00f6netimi alt\u0131ndaki eksiklikleri \u00f6rtbas etmeye \u00e7al\u0131\u015fmak yerine, Ad\u0131yaman\u2019\u0131n su sorunlar\u0131n\u0131n kal\u0131c\u0131 \u00e7\u00f6z\u00fcm\u00fc i\u00e7in el birli\u011fiyle \u00e7al\u0131\u015fmak daha do\u011fru bir yakla\u015f\u0131m olacakt\u0131r&#8221; diyerek s\u00f6zlerini tamamlad\u0131.<\/p><\/p>\n","protected":false},"excerpt":{"rendered":"<p> Rojin S\u00dcNG\u00dc &#8211; Ad\u0131yaman&#8217;da ya\u015fanan su sorunu, siyasi arenada b\u00fcy\u00fck bir tart\u0131\u015fmaya neden oldu. AK Parti&#8217;li Ziya Ba\u015faran&#8217;\u0131n Belediye Ba\u015fkan\u0131 Tutdere&#8217;ye y\u00f6nelik ele\u015ftirilerine, CHP Merkez \u0130l\u00e7e Ba\u015fkan\u0131 H\u00fcseyin Bulu\u015f&#8217;tan yan\u0131t geldi.<\/p>\n","protected":false},"author":1,"featured_media":6380,"comment_status":"open","ping_status":"open","sticky":false,"template":"","format":"standard","meta":{"om_disable_all_campaigns":false,"_monsterinsights_skip_tracking":false,"_monsterinsights_sitenote_active":false,"_monsterinsights_sitenote_note":"","_monsterinsights_sitenote_category":0,"footnotes":""},"categories":[1,11],"tags":[175,559,726,540,988],"aioseo_notices":[],"_links":{"self":[{"href":"https:\/\/www.hbrkahta.com\/index.php\/wp-json\/wp\/v2\/posts\/6379"}],"collection":[{"href":"https:\/\/www.hbrkahta.com\/index.php\/wp-json\/wp\/v2\/posts"}],"about":[{"href":"https:\/\/www.hbrkahta.com\/index.php\/wp-json\/wp\/v2\/types\/post"}],"author":[{"embeddable":true,"href":"https:\/\/www.hbrkahta.com\/index.php\/wp-json\/wp\/v2\/users\/1"}],"replies":[{"embeddable":true,"href":"https:\/\/www.hbrkahta.com\/index.php\/wp-json\/wp\/v2\/comments?post=6379"}],"version-history":[{"count":1,"href":"https:\/\/www.hbrkahta.com\/index.php\/wp-json\/wp\/v2\/posts\/6379\/revisions"}],"predecessor-version":[{"id":6381,"href":"https:\/\/www.hbrkahta.com\/index.php\/wp-json\/wp\/v2\/posts\/6379\/revisions\/6381"}],"wp:featuredmedia":[{"embeddable":true,"href":"https:\/\/www.hbrkahta.com\/index.php\/wp-json\/wp\/v2\/media\/6380"}],"wp:attachment":[{"href":"https:\/\/www.hbrkahta.com\/index.php\/wp-json\/wp\/v2\/media?parent=6379"}],"wp:term":[{"taxonomy":"category","embeddable":true,"href":"https:\/\/www.hbrkahta.com\/index.php\/wp-json\/wp\/v2\/categories?post=6379"},{"taxonomy":"post_tag","embeddable":true,"href":"https:\/\/www.hbrkahta.com\/index.php\/wp-json\/wp\/v2\/tags?post=6379"}],"curies":[{"name":"wp","href":"https:\/\/api.w.org\/{rel}","templated":true}]}}