{"id":6370,"date":"2024-08-16T18:36:00","date_gmt":"2024-08-16T15:36:00","guid":{"rendered":"https:\/\/www.hbrkahta.com\/?p=6370"},"modified":"2024-08-16T18:36:00","modified_gmt":"2024-08-16T15:36:00","slug":"chpli-dr-sahbazdan-adiyamanda-maymun-cicegi-uyarisi","status":"publish","type":"post","link":"https:\/\/www.hbrkahta.com\/index.php\/2024\/08\/16\/chpli-dr-sahbazdan-adiyamanda-maymun-cicegi-uyarisi\/","title":{"rendered":"CHP\u2019li Dr. \u015eahbaz\u2019dan Ad\u0131yaman\u2019da &#8216;Maymun \u00c7i\u00e7e\u011fi&#8217; uyar\u0131s\u0131"},"content":{"rendered":"<p>\u015eahbaz, depremden etkilenen Ad\u0131yaman&#8217;da sa\u011fl\u0131k sorunlar\u0131n\u0131 incelemek ve de\u011ferlendirmelerde bulunmak i\u00e7in \u0130l Sa\u011fl\u0131k M\u00fcd\u00fcrl\u00fc\u011f\u00fc, Eczac\u0131lar odas\u0131, Tabipler Birli\u011fi ve sa\u011fl\u0131k kurumlar\u0131n\u0131 gezdi. Ayr\u0131ca, depremden etkilenen vatanda\u015flarla g\u00f6r\u00fc\u015ferek onlar\u0131n sorunlar\u0131n\u0131 dinledi. \u015eahbaz&#8217;\u0131n ziyaretinin amac\u0131, deprem sonras\u0131 ya\u015fanan sa\u011fl\u0131k sorunlar\u0131n\u0131 yerinde g\u00f6rmek ve CHP&#8217;nin bu konuda alaca\u011f\u0131 \u00f6nlemleri belirlemek oldu\u011fu bildirildi. Ziyarette CHP \u0130l Ba\u015fkan\u0131 Engin Do\u011fan, Belediye Ba\u015fkan\u0131 Abdurrahman Tutdere, CHP Merkez \u0130l\u00e7e Ba\u015fkan\u0131 H\u00fcseyin Bulu\u015f, CHP \u0130l Kad\u0131n Kollar\u0131 Ba\u015fkan\u0131 Arife G\u00f6n\u00fcl Y\u0131ld\u0131r\u0131m, CHP \u0130l Gen\u00e7lik Kollar\u0131 \u00fcyeleri ve bas\u0131n mensuplar\u0131 yer ald\u0131.<\/p>\n<p>CHP \u0130l Ba\u015fkan\u0131 Engin Do\u011fan yapt\u0131\u011f\u0131 a\u00e7\u0131klamada : &ldquo;Say\u0131n Genel Ba\u015fkan Yard\u0131mc\u0131m\u0131z G\u00f6lge Kabinemizin Sa\u011fl\u0131k Bakan\u0131 Say\u0131n Zeliha \u015eahbaz Ba\u015fkan\u0131m\u0131z bizleri ziyaret etti. Bir dizi ziyaretlerde bulunduk kurumlar\u0131m\u0131z\u0131 gezdik. Sa\u011fl\u0131k ocaklar\u0131m\u0131zla ilgili hastanelerimizle ilgili Ad\u0131yaman&#8217;da deprem sonras\u0131 ampute olmu\u015f, bir\u00e7ok kronik rahats\u0131zl\u0131\u011f\u0131 devam eden hastalar\u0131m\u0131zla ilgili bilgiler ald\u0131k. Eczac\u0131 Aral\u0131s\u0131, Tabipler Birli\u011fi, \u0130l Sa\u011fl\u0131k M\u00fcd\u00fcr\u00fcm\u00fcz bir\u00e7ok kurumlu g\u00f6r\u00fc\u015flerini Say\u0131n Genel Ba\u015fkan\u0131m\u0131z dinledi. \u00d6ncelikle buraya geldi, halk\u0131m\u0131za, partimize, t\u00fcm hem\u015ferilerimize onur verdi, \u015feref verdi. \u00c7\u00fcnk\u00fc Say\u0131n Genel Ba\u015fkan Yard\u0131mc\u0131m\u0131z\u0131n gelmesi bizim i\u00e7in sahipsiz olmad\u0131\u011f\u0131m\u0131z\u0131n, yaln\u0131z olmad\u0131\u011f\u0131m\u0131z\u0131n her zaman de\u011ferli ba\u015fkanlar\u0131m\u0131z\u0131n elleri bizlerin \u00fcst\u00fcnde, halk\u0131m\u0131z\u0131n \u00fcst\u00fcnde. Sorunlar\u0131m\u0131zda problemlerimizde her zaman inisiyatif alacaklar\u0131n\u0131n bir ispat\u0131d\u0131r. Cumhuriyet halk Partisinin gelecekteki iktidar\u0131nda da tabi ki bu inisiyatif icraat d\u00f6necek. Kesinlikle ama kesinlikle bu sorunlar\u0131n \u00e7\u00f6z\u00fcm\u00fc olacak. Bunun da bir i\u015faretidir, habercisidir. Say\u0131n Belediye Ba\u015fkan\u0131m\u0131z, Say\u0131n Abdurrahman Tutdere\u2019yi ziyaret ettik. Onun da ev sahipli\u011fi i\u00e7in te\u015fekk\u00fcr ediyoruz. S\u00f6z\u00fc \u00e7ok uzatmadan Say\u0131n Genel Ba\u015fkan Yar\u0131mc\u0131m\u0131za vermek istiyorum. Sa\u011f olun, var olun. &ldquo; ifadelerini kullanarak \u015eahbaz&#8217;\u0131n Ad\u0131yaman ziyaretinin, CHP&#8217;nin depremzede halk\u0131n sorunlar\u0131na duyarl\u0131 oldu\u011funu ve onlar\u0131 yaln\u0131z b\u0131rakmayaca\u011f\u0131n\u0131 g\u00f6sterdi\u011fini vurgulad\u0131.<\/p>\n<p>Cumhuriyet Halk Partisi Genel Ba\u015fkan Yard\u0131mc\u0131s\u0131 ve G\u00f6lge Kabine Sa\u011fl\u0131k Bakan\u0131 Zeliha Aksaz \u015eahbaz yapt\u0131\u011f\u0131 a\u00e7\u0131klamada &ldquo;18 ay gibi bir s\u00fcrede ne de\u011fi\u015fti&rdquo; sorusu dikkat \u00e7ekti. A\u00e7\u0131klamas\u0131nda: &ldquo;6 \u015eubat depreminde \u00e7ok b\u00fcy\u00fck ac\u0131lar ya\u015fad\u0131k ve en b\u00fcy\u00fck ac\u0131lar\u0131 ya\u015fayan illerimizin ba\u015f\u0131nda da Ad\u0131yaman geliyor. Ger\u00e7ekten b\u00fcy\u00fck bir y\u0131k\u0131m oldu, \u00e7ok b\u00fcy\u00fck can kay\u0131plar\u0131m\u0131z var. Ben \u00f6ncelikle Ad\u0131yamanl\u0131 hem\u015fehrilerime ge\u00e7mi\u015f olsun ve ba\u015f sa\u011fl\u0131\u011f\u0131 dilemek istiyorum. Ve depremde hayat\u0131n\u0131 kaybeden karde\u015flerimizi, vatanda\u015flar\u0131m\u0131z\u0131 sayg\u0131yla ve sevgiyle anmak istiyorum. Aradan ge\u00e7en 18 ay gibi bir s\u00fcrede ne de\u011fi\u015fti? Sa\u011fl\u0131k hizmetlerimizde ne gibi de\u011fi\u015fimler oldu? Bunlar\u0131 g\u00f6rmek i\u00e7in Ad\u0131yaman\u2019day\u0131z. Asl\u0131nda deprem b\u00f6lgesini geziyoruz.&rdquo;<\/p>\n<p>&ldquo;Deprem b\u00f6lgesinde bu sa\u011fl\u0131kta d\u00f6n\u00fc\u015f\u00fcm program\u0131n\u0131n enkaz alt\u0131nda kald\u0131\u011f\u0131n\u0131 g\u00f6rd\u00fck&rdquo;<\/p>\n<p>\u015eahbaz konu\u015fmas\u0131n\u0131n devam\u0131nda &ldquo;Kahramanmara\u015f\u2019tayd\u0131k, Malatya\u2019dayd\u0131k, bug\u00fcn de Ad\u0131yaman\u2019day\u0131z. Yar\u0131n Gaziantep, Kilis ve Hatay\u0131 ziyaret edece\u011fiz ilerleyen s\u00fcre\u00e7te. Ve bu b\u00f6lgelerde daha \u00f6nce yapt\u0131\u011f\u0131m\u0131z ziyaretlerde \u00e7ok b\u00fcy\u00fck bir y\u0131k\u0131m vard\u0131. Sa\u011fl\u0131k hizmetleri veren kurumlar\u0131n, binalar\u0131n g\u00f6revi nas\u0131l ya\u015fanan, i\u00e7inde nas\u0131l ikamet edilen binalar\u0131n g\u00f6revi sadece orada ya\u015fayan insanlar\u0131n sa\u011f \u00e7\u0131kmas\u0131ysa hastanelerin g\u00f6revi, sa\u011fl\u0131k kurumlar\u0131n\u0131n g\u00f6revi de daha a\u011f\u0131rd\u0131r. Onlar\u0131n sorumlulu\u011fu da depremden sonra bu b\u00fcy\u00fck ya\u015fanan do\u011fa olay\u0131ndan sonra ayakta kal\u0131p insanlar\u0131m\u0131za hizmet vermeye devam etmeleridir. Fakat maalesef biz bunlar\u0131n deprem b\u00f6lgesinde ger\u00e7ekle\u015fmedi\u011fini g\u00f6r\u00fcyoruz. Birinci basamak sa\u011fl\u0131k hizmetleri veren ASM binalar\u0131m\u0131z, eczanelerimiz, hastanelerimiz bu depremde y\u0131k\u0131ld\u0131lar ve i\u00e7inde sa\u011fl\u0131k emek\u00e7ilerimiz hayat\u0131n\u0131 kaybetti. Depremden sonra da hizmet verilmedi\u011fi i\u00e7in \u00e7ok b\u00fcy\u00fck kay\u0131plar ya\u015fad\u0131k. Bu s\u00fcre\u00e7te \u015funlar\u0131 g\u00f6rd\u00fck. 2003 y\u0131l\u0131nda sa\u011fl\u0131kta reform denilerek bir sa\u011fl\u0131kta d\u00f6n\u00fc\u015f\u00fcm program\u0131 uygulanamaya ba\u015fland\u0131. Daha \u00f6nce kamu eliyle verilen hizmetler koruyucu sa\u011fl\u0131k hizmetleri birinci basamak ikinci basamak da tam bir ticarile\u015fme, \u00f6zelle\u015fme ve sermayeye rant aktarma projesine d\u00f6n\u00fc\u015ft\u00fcr\u00fcld\u00fc. Sa\u011fl\u0131k art\u0131k ticari bir metaya d\u00f6n\u00fc\u015ft\u00fc ve bu \u015fekilde \u00fclkemizde y\u00f6netilmeye ba\u015fland\u0131. Fakat biz deprem b\u00f6lgesinde bu sa\u011fl\u0131kta d\u00f6n\u00fc\u015f\u00fcm program\u0131n\u0131n enkaz alt\u0131nda kald\u0131\u011f\u0131n\u0131 g\u00f6rd\u00fck. Sadece aile sa\u011fl\u0131k hizmetlerinin birinci basamak sa\u011fl\u0131k hizmetlerinin aile hekimlerinin bir cari \u00f6deme yap\u0131larak onlar\u0131n \u00fczerine b\u0131rak\u0131lmas\u0131 kira, oran\u0131n iletme giderleri gibi her \u015feyinin onlara b\u0131rak\u0131lmas\u0131 koruyucu sa\u011fl\u0131k hizmetlerinin bu d\u00f6nemde hepsi y\u0131k\u0131ld\u0131 ve sonra denildi ki aile hekimlerimize gidin koneynerlar\u0131n\u0131z\u0131 bulun kendi hizmetinizi kendiniz verin dendi. \u00c7ok b\u00fcy\u00fck bir sa\u011fl\u0131kta d\u00f6n\u00fc\u015f\u00fcm bu depremde enkaz alt\u0131nda kalm\u0131\u015ft\u0131r, sa\u011fl\u0131k hizmeti enkaz alt\u0131nda kalm\u0131\u015ft\u0131r. Bunun a\u011f\u0131r bedellerini burada ya\u015fad\u0131k, can\u0131m\u0131zla ve sa\u011fl\u0131\u011f\u0131m\u0131zla \u00f6dedik. \u015eu anda da bu ma\u011fduriyetler devam ediyor. &ldquo; diyerek ma\u011fduriyete dikkat \u00e7ekti.<\/p>\n<p>&ldquo;Eksiklikler kapat\u0131lmaya \u00e7al\u0131\u015f\u0131yor&rdquo;<\/p>\n<p>Bug\u00fcn Eczac\u0131lar Odam\u0131z\u0131 ziyaret ettik, Ad\u0131yaman Tabip Odam\u0131z\u0131 ziyaret ettik. Sa\u011fl\u0131k M\u00fcd\u00fcrl\u00fc\u011f\u00fcm\u00fcz\u00fc ziyaret ettik. Aradan 18 ay ge\u00e7mesine ra\u011fmen hala konteyner da hizmet veren aile sa\u011fl\u0131\u011f\u0131 merkezlerimiz var, eczanelerimiz var ve hastanemizde de tek hastane \u00fczerinden, e\u011fitim ara\u015ft\u0131rma hastanesi \u00fczerinden sa\u011fl\u0131k hizmetleri verilmeye \u00e7al\u0131\u015f\u0131l\u0131yor ve bu kapat\u0131lmaya \u00e7al\u0131\u015f\u0131l\u0131yor eksikler.<\/p>\n<p>\u00d6zel hastanelerden bir tanesi ayakta kullan\u0131labilecek durumda. Ad\u0131yaman&#8217;\u0131n sa\u011fl\u0131k hizmetleri anlam\u0131nda da \u00e7ok b\u00fcy\u00fck ma\u011fduriyetler ya\u015fad\u0131\u011f\u0131n\u0131 g\u00f6r\u00fcyoruz. Bug\u00fcn bize ifade edilen \u00e7ok ac\u0131 bir ger\u00e7ek vard\u0131. Bu da b\u00f6lgede \u00e7ok b\u00fcy\u00fck psikolojik travmalar\u0131n ya\u015fand\u0131\u011f\u0131, intihar oranlar\u0131n\u0131n artt\u0131\u011f\u0131 y\u00f6n\u00fcnde. \u00d6zellikle uzun kayb\u0131 olan hem\u015fehrilerimizin, vatanda\u015flar\u0131m\u0131z\u0131n \u00e7ok a\u011f\u0131r bir ya\u015fam ko\u015fullar\u0131 alt\u0131nda dayanma g\u00fcc\u00fcn\u00fcn kalmad\u0131\u011f\u0131 ve burada bu b\u00f6lgede bir psikolojik tedavi projesinin ba\u015flat\u0131larak Sa\u011fl\u0131k Bakanl\u0131\u011f\u0131 taraf\u0131ndan y\u00fcr\u00fct\u00fclmesi gerekti\u011fi y\u00f6n\u00fcnde bug\u00fcn bilgiler ald\u0131k. Tabii biz bu bilgileri daha \u00f6nce Hatay&#8217;da yapt\u0131\u011f\u0131m\u0131z Kas\u0131m ay\u0131nda yapt\u0131\u011f\u0131m\u0131z ziyarette de bu istenmi\u015fti bizden. Biz bunu say\u0131n o d\u00f6nemin Sa\u011fl\u0131k Bakan\u0131 Fahrettin Koca&#8217;ya ilettik. Fakat aradan ge\u00e7en onca zamana ra\u011fmen herhangi bir giri\u015fimin olmad\u0131\u011f\u0131n\u0131, herhangi bir geli\u015fmenin olmad\u0131\u011f\u0131n\u0131 ve insanlar\u0131m\u0131z\u0131n Bu travma sonras\u0131 ya\u015fad\u0131klar\u0131 kay\u0131plar sonras\u0131nda art\u0131k hayattan bir t\u00fckenmi\u015flik sendromuyla birlikte hayatlar\u0131ndan vazge\u00e7me noktas\u0131na geldi\u011fini g\u00f6r\u00fcyoruz. Bu kabul edilebilir bir durum de\u011fildir.<\/p>\n<p>Ad\u0131yaman&#8217;da ve deprem b\u00f6lgesinde h\u0131zl\u0131 bir \u015fekilde psikolojik destek hizmetleri Sa\u011fl\u0131k Bakanl\u0131\u011f\u0131 taraf\u0131ndan sunulmal\u0131d\u0131r ve Bu ya\u015fanan travma g\u00f6z \u00f6n\u00fcne al\u0131nmal\u0131d\u0131r. Bunun d\u0131\u015f\u0131nda T\u00fcrkiye Cumhuriyeti gibi g\u00fc\u00e7l\u00fc bir devlet bir aile sa\u011fl\u0131\u011f\u0131 merkezi yapamayacak kudrette de\u011fildir.<\/p>\n<p>Onun i\u00e7in birinci basamak sa\u011fl\u0131k hizmetlerinin verildi\u011fi eczaneler, aile sa\u011fl\u0131\u011f\u0131 merkezleri h\u0131zl\u0131 bir \u015fekilde devlet taraf\u0131ndan in\u015fa edilerek halk\u0131m\u0131z\u0131n hizmetine sunulmal\u0131d\u0131r. Birinci basamak hizmetleri kamu taraf\u0131ndan verilmelidir. \u00d6zellikle deprem b\u00f6lgesinde bu \u00e7ok acil bir ihtiya\u00e7t\u0131r. Onun d\u0131\u015f\u0131nda burada projesi yap\u0131ld\u0131\u011f\u0131 s\u00f6ylenen hastanelerin ve yap\u0131m\u0131 devam eden ikinci basamak hastanemizin bir an \u00f6nce tamamlanmas\u0131n\u0131 talep ediyoruz. Biz Ad\u0131yamanl\u0131 hem\u015fehrilerimiz olarak bunu da t\u00fcm kamuoyuyla payla\u015fmak istiyoruz. Buran\u0131n ihtiya\u00e7lar\u0131 uzun kayb\u0131 ya\u015fayan vatanda\u015flar\u0131m\u0131z\u0131n protez ihtiya\u00e7lar\u0131 bunun d\u0131\u015f\u0131nda di\u011fer tekerlekli sandalye gibi ihtiya\u00e7lar bir an \u00f6nce \u00fccretsiz\u0131 bir \u015fekilde kar\u015f\u0131lanmal\u0131d\u0131r. Sa\u011fl\u0131k bir ticari meta de\u011fildir. Sa\u011fl\u0131k bir hakt\u0131r. Hepimiz i\u00e7in t\u00fcm vatanda\u015flar\u0131m\u0131z i\u00e7in \u00fccretsiz, e\u015fit, nitelikli ve ula\u015f\u0131labilir olmak zorundad\u0131r. Bu hakk\u0131 bu hizmeti vermek devletin en b\u00fcy\u00fck sorumluluklar\u0131ndan bir tanesidir. Neredeyse var olma nedenidir. \u00c7\u00fcnk\u00fc sa\u011fl\u0131k ya\u015fam demektir. Ve ya\u015fam hakk\u0131 da kutsald\u0131r. S\u00f6zlerime burada son vermek istiyorum. Ve buradaki geli\u015fmelerin takip\u00e7isi olaca\u011f\u0131m\u0131z\u0131 Cumhuriyet Halk Partisi olarak Ad\u0131yaman&#8217;la depremde kay\u0131p ya\u015fayan illerimizle dayan\u0131\u015fma halinde yaralar\u0131 sarmak i\u00e7in \u00e7al\u0131\u015faca\u011f\u0131m\u0131z\u0131n s\u00f6z\u00fcn\u00fc veriyorum. Burada Ad\u0131yaman&#8217;da biz gururla s\u00f6z ediyoruz, gururla ta\u015f\u0131yoruz. Belediyemiz emin ellerde Cumhuriyet Halk Partisi&#8217;nde Say\u0131n Abdurrahman Tutdere Ba\u015fkan\u0131m\u0131z burada Ad\u0131yaman&#8217;la hem\u015fehrilerimizin b\u00fcy\u00fck bir g\u00fcveniyle ve deste\u011fiyle g\u00f6reve geldi. Ben \u00f6ncelikle Ad\u0131yaman&#8217;a te\u015fekk\u00fcr etmek istiyorum ve kendisine g\u00fcvendi\u011fimizi \u00f6rg\u00fct\u00fcm\u00fczle birlikte, Ad\u0131yaman \u00f6rg\u00fct\u00fcm\u00fczle birlikte ba\u015fkan\u0131m\u0131z\u0131n yan\u0131nda oldu\u011fumuzu t\u00fcm Cumhuriyet Halk Partisi olarak Ad\u0131yaman&#8217;\u0131n yan\u0131nda oldu\u011fumuzu ifade etmek istiyorum ve kendisine ba\u015far\u0131lar diliyorum ve te\u015fekk\u00fcr ediyorum.<\/p>\n<p>&ldquo;\u015eahbaz\u2019dan \u00d6zel\u2019e Ad\u0131yaman\u2019dan ge\u00e7mi\u015f olsun dile\u011fi&rdquo;<\/p>\n<p>Genel Ba\u015fkan\u0131m\u0131z\u0131n bir aya\u011f\u0131nda k\u00fc\u00e7\u00fck bir k\u0131r\u0131k olay\u0131 oldu. Ama birka\u00e7 g\u00fcn i\u00e7inde destekle y\u00fcr\u00fcyebilecek. Kendisine bu arada ge\u00e7mi\u015f olsun dileklerimizi de Ad\u0131yaman&#8217;dan iletmek istiyorum. T\u00fcm Ad\u0131yamanl\u0131 hem\u015fehrilerimizle birlikte, sizlerle birlikte.<\/p>\n<p>&rdquo;Hastanelerin yap\u0131m\u0131n\u0131n takip\u00e7isi olaca\u011f\u0131z&rdquo;<\/p>\n<p>Bug\u00fcn Say\u0131n \u0130l Sa\u011fl\u0131k M\u00fcd\u00fcr\u00fcm\u00fczle g\u00f6r\u00fc\u015ft\u00fck. Kendisi \u00e7al\u0131\u015fmalar\u0131n devam etti\u011fi y\u00f6n\u00fcnde bize bilgiler verdi. Tabii ki tek e\u011fitim ara\u015ft\u0131rma hastanesi var \u015fu anda, 400 yatakl\u0131 bir hastanemiz var. Ama burada \u00e7ok fazla hekim ve personel a\u00e7\u0131\u011f\u0131m\u0131z var. \u00c7\u00fcnk\u00fc burada bar\u0131nma sorunu ya\u015fayan hekimlerimiz buradan tayin istediler ya da emeklilik ayr\u0131larak gittiler. Burada bu sorunlar\u0131n \u00e7\u00f6z\u00fclmesi i\u00e7in sadece hastane yapmak yetmeyecek. Hastanelerin mutlaka yap\u0131m\u0131n\u0131n takip\u00e7isi olaca\u011f\u0131z. Buraya daha fazla hekim tercihi olmas\u0131 i\u00e7in, tayin olmas\u0131 i\u00e7in, sa\u011fl\u0131k personellerinin burada hizmet yapmak i\u00e7in, g\u00f6n\u00fcll\u00fc bir \u015fekilde yapmas\u0131 i\u00e7in \u00f6ncelikle ko\u015fullar\u0131n d\u00fczeltilmesi gerekiyor. Burada en \u00f6nemli sorun bar\u0131nma sorunu. Sa\u011fl\u0131k personelleri i\u00e7in, sa\u011fl\u0131k \u00e7al\u0131\u015fanlar\u0131m\u0131z i\u00e7in bar\u0131nma sorununun \u00e7\u00f6z\u00fclmesi gerekiyor. Ve burada a\u011f\u0131r ko\u015fullarda \u00e7al\u0131\u015fman\u0131n kar\u015f\u0131l\u0131\u011f\u0131 olarak da bir pozitif ayr\u0131mc\u0131l\u0131k uygulanmas\u0131 gerekiyor. Aile hekimlerimiz i\u00e7in n\u00fcfus anlam\u0131nda azalan n\u00fcfuslar kar\u015f\u0131s\u0131nda gelirlerinin azald\u0131\u011f\u0131 bulunamayan ula\u015f\u0131lamayan hastalar \u00fczerinden takip edilmesi gereken koruyucu ekimlik anlam\u0131nda gelirlerine d\u00fc\u015f\u00fcr\u00fclerek cezai i\u015flemler yap\u0131ld\u0131\u011f\u0131 bunlar\u0131n hepsinin duyumlar\u0131n\u0131 al\u0131yoruz. Bunlardan vazge\u00e7ilmesi gerekiyor. Burada \u00e7al\u0131\u015fan halk\u0131m\u0131za hizmet veren aile ekimlerimize n\u00fcfus azald\u0131\u011f\u0131 i\u00e7in gelir kayb\u0131 de\u011fil, tavandan \u00f6deme yap\u0131larak \u00f6zendirici bir uygulama yap\u0131lmas\u0131 gerekiyor. Aksi takdirde burada bar\u0131namayan, burada \u00e7ok a\u011f\u0131r ko\u015fullarda ya\u015famak zorunda kalan, a\u011f\u0131r \u00e7al\u0131\u015fma ko\u015fullar\u0131 alt\u0131nda ezilen sa\u011fl\u0131k emek\u00e7ilerimizin bir s\u00fcre sonra onlar da t\u00fckenerek buradan ayr\u0131lmak zorunda kal\u0131yorlar ya da Tayin nedeniyle de tayin durumunda da gelemiyorlar. \u00c7\u00fcnk\u00fc onlar\u0131n da aileleri var, onlar\u0131n da \u00e7ocuklar\u0131 var. Daha ya\u015fam ko\u015fullar\u0131 uygun olan b\u00f6lgeleri tercih ediyorlar. Onun i\u00e7in biz bu hastanelerin bir an \u00f6nce in\u015fa edilerek buradaki sa\u011fl\u0131k sorunlar\u0131n\u0131n \u00e7\u00f6z\u00fclmesi anlam\u0131nda bunun takip\u00e7isi olaca\u011f\u0131z. Ama Sa\u011fl\u0131k Bakanl\u0131\u011f\u0131n\u0131n da \u00e7al\u0131\u015fanlar\u0131m\u0131z i\u00e7in bu desteklerini yani sa\u011fl\u0131k emek\u00e7ilerimiz i\u00e7in destek vermesi gerekiyor.<\/p>\n<p>&ldquo;Maymun \u00c7i\u00e7e\u011fi ciddiye al\u0131nmas\u0131 gereken bir durum&rdquo;<\/p>\n<p>Biz bu olay\u0131n takip\u00e7isiyiz. Say\u0131n Sa\u011fl\u0131k Bakan\u0131m\u0131z\u0131n herhangi bir endi\u015feye gerek yoktur. Herhangi bir burada bir pozisyon almaya gerek yoktur \u015feklinde bir a\u00e7\u0131klamas\u0131 var. Biz bunun kar\u015f\u0131l\u0131\u011f\u0131nda gerekli tedbirlerin al\u0131nmas\u0131 gerekti\u011fini s\u00f6yl\u00fcyoruz. \u00c7\u00fcnk\u00fc art\u0131k insanlar \u00e7ok h\u0131zl\u0131 bir \u015fekilde seyahat ediyorlar, \u00fclkeler aras\u0131nda gidip gelmeler oluyor. Bunun yan\u0131 s\u0131ra \u00e7ok say\u0131da Afrikal\u0131 \u00f6\u011frenci \u00fclkemizde \u00f6\u011frenim g\u00f6r\u00fcyor. Onun i\u00e7in gelen, d\u0131\u015far\u0131dan T\u00fcrkiye&#8217;ye gelen, Afrika&#8217;dan gelen ya da hastal\u0131\u011f\u0131n g\u00f6r\u00fcld\u00fc\u011f\u00fc b\u00f6lgelerden gelen misafirlerimize \u00d6ncelikle bir muayene yap\u0131lmas\u0131 gerekiyor. Hastal\u0131k var m\u0131? Bunun tespiti. Onun d\u0131\u015f\u0131nda vatanda\u015flar\u0131m\u0131z\u0131n uyar\u0131lmas\u0131 gerekiyor. Buna bir s\u00f6rvey konulmas\u0131 gerekiyor. Biz bunlar\u0131 bas\u0131n a\u00e7\u0131klamam\u0131zda d\u00fcn ger\u00e7ekle\u015ftirdik. Bunu sosyal medyadan payla\u015ft\u0131k. Bas\u0131nla da payla\u015ft\u0131k. Ciddiye al\u0131nmas\u0131 gereken bir durum bu. Yani Say\u0131n Sa\u011fl\u0131k Bakan\u0131m\u0131z\u0131n ifade etti\u011fi gibi herhangi bir endi\u015fe edilecek durum yoktur demekle bu i\u015f ge\u00e7i\u015ftirilecek bir durum de\u011fil. \u00c7\u00fcnk\u00fc covid salg\u0131n\u0131 oldu\u011funda da d\u00f6nemin sa\u011fl\u0131k bakan\u0131 biliyorsunuz endi\u015fe edilecek bir \u015fey yok demi\u015fti. Ama arkas\u0131ndan pandemiyle birlikte \u00e7ok b\u00fcy\u00fck bir ac\u0131 ya\u015fad\u0131k a\u011f\u0131r ko\u015fullar ya\u015fad\u0131k. Bunun i\u00e7in ciddiye al\u0131nmas\u0131 gerekiyor diye d\u00fc\u015f\u00fcn\u00fcyoruz.<\/p>\n<\/p>\n<p>Kahta Belediye Ba\u015fkan\u0131 Halla\u00e7&#8217;\u0131n ismi MHP ve YRP ile an\u0131l\u0131yor<\/p>\n<p>31 Mart yerel se\u00e7imlerinin ard\u0131ndan, Kahta Belediye Ba\u015fkan\u0131 se\u00e7ilen AK Partili Mehmet Can Halla\u00e7, \u00e7al\u0131\u015fma ekibini olu\u015ftururken tart\u0131\u015fmalar\u0131n oda\u011f\u0131 oldu.<\/p>\n<p>Ad\u0131yaman Belediyesi&#8217;nden \u00f6nemli isimleri Kahta&#8217;ya transfer eden Halla\u00e7, yeni ekibindeki bir ki\u015finin kendisiyle ayn\u0131 soyad\u0131 ta\u015f\u0131mas\u0131 nedeniyle nepotizm ele\u015ftirilerinin hedefi oldu.<\/p>\n<p>AK Parti Kahta \u0130l\u00e7e te\u015fkilat\u0131 ile Belediye Ba\u015fkan\u0131 aras\u0131nda son haftalarda gerilim ya\u015fand\u0131\u011f\u0131 iddialar\u0131, belediye ba\u015fkan\u0131 Mehmet Can Halla\u00e7 ile AK Parti \u0130l\u00e7e Ba\u015fkan\u0131 Osman \u00c7etinkaya aras\u0131nda kameralar \u00f6n\u00fcnde meydana gelen bir tart\u0131\u015fma ile belgelenmi\u015f oldu. Tart\u0131\u015fman\u0131n merkezinde ise belediyede ya\u015fanan akraba kay\u0131rmac\u0131l\u0131\u011f\u0131 iddialar\u0131 yer al\u0131yor.<\/p>\n<p>Kahta&#8217;daki siyasetin gerilimli bir hal almas\u0131na yol a\u00e7an tart\u0131\u015fman\u0131n sinyali haftalar \u00f6ncesinden gelmi\u015fti. \u00d6zellikle belediyede akraba kay\u0131rmac\u0131l\u0131\u011f\u0131 yap\u0131ld\u0131\u011f\u0131na dair iddialar, hem Kahtal\u0131lar hem de parti i\u00e7indeki isimler aras\u0131nda ciddi bir tart\u0131\u015fma yaratt\u0131. \u00c7etinkaya&#8217;n\u0131n Halla\u00e7&#8217;a y\u00f6nelik ele\u015ftirileri, bu t\u00fcr uygulamalar\u0131n belediyenin imaj\u0131n\u0131 zedeledi\u011fi ve halk\u0131n g\u00fcvenini sarst\u0131\u011f\u0131 y\u00f6n\u00fcnde.<\/p>\n<p>Kahta Belediye Ba\u015fkan\u0131 Mehmet Can Halla\u00e7 ise bu iddialara kar\u015f\u0131 kendisini savunarak, belediye y\u00f6netiminde adaletli bir tutum izledi\u011fini ve iddialar\u0131n as\u0131ls\u0131z oldu\u011funu belirtti. Tart\u0131\u015fman\u0131n b\u00fcy\u00fcmesiyle birlikte, bu konu Kahta&#8217;da siyasi bir kriz haline d\u00f6n\u00fc\u015ft\u00fc.<\/p>\n<p>Kameralar \u00f6n\u00fcnde ya\u015fanan tart\u0131\u015fma sonras\u0131nda, AK Parti \u0130l\u00e7e Ba\u015fkan\u0131 Osman \u00c7etinkaya&#8217;n\u0131n g\u00f6revinden al\u0131naca\u011f\u0131, Belediye Ba\u015fkan\u0131 Halla\u00e7&#8217;\u0131n ise disipline sevk edilece\u011fi iddia edildi. Bu iddialar\u0131, Kahta Belediye Ba\u015fkan\u0131 Mehmet Can Halla\u00e7&#8217;\u0131n, Yeniden Refah Partisi&#8217;ne kat\u0131laca\u011f\u0131na dair iddialar takip etti.<\/p>\n<p>Ad\u0131yaman ve Kahta g\u00fcndemini me\u015fgul eden geli\u015fme \u00fczerine, AK Parti \u0130l Ba\u015fkan\u0131 Faruk B\u00fclent Kablan, AK Partili Milletvekilleri \u0130shak \u015ean, Mustafa Alkay\u0131\u015f, H\u00fcseyin \u00d6zhan ve Resul Kurt&#8217;un da devreye girdi\u011fi ancak ya\u015fanan sorunun ulusal bas\u0131na da yans\u0131mas\u0131 sonras\u0131, AK Parti Genel Merkezi Yerel Y\u00f6netimler Ba\u015fkanl\u0131\u011f\u0131&#8217;n\u0131n da konuya el att\u0131\u011f\u0131 bildirildi.<\/p>\n<p>AK Parti&#8217;den Kahta Belediye Ba\u015fkan\u0131 se\u00e7ilen Mehmet Can Halla\u00e7, ya\u015fanan geli\u015fmeler \u00fczerine farkl\u0131 partilerin ilgi oda\u011f\u0131 oldu. \u0130ddialara g\u00f6re, Yeniden Refah Partisi ve Milliyet\u00e7i Hareket Partisi, Halla\u00e7&#8217;\u0131 transfer etmek i\u00e7in g\u00f6r\u00fc\u015fmeler yap\u0131yor.<\/p>\n<p>Kahta&#8217;da uzun zaman sonra belediyeyi kazanan AK Parti&#8217;deki bu geli\u015fmeler, Kahta&#8217;da g\u00fc\u00e7 sava\u015flar\u0131 olarak nitelendirilirken, Kahtal\u0131 se\u00e7men, ya\u015fananlar\u0131n Kahta&#8217;y\u0131 belediye ba\u015fkan\u0131n\u0131n de\u011fil, farkl\u0131 isimlerin y\u00f6netme arzusundan kaynakland\u0131\u011f\u0131n\u0131 iddia ediyor.<\/p><\/p>\n","protected":false},"excerpt":{"rendered":"<p> Rojin S\u00dcNG\u00dc-Cumhuriyet Halk Partisi ( CHP) Genel Ba\u015fkan Yard\u0131mc\u0131s\u0131 ve G\u00f6lge Kabine Sa\u011fl\u0131k Bakan\u0131 Zeliha Aksaz \u015eahbaz, CHP \u0130l Ba\u015fkan\u0131 Engin Do\u011fan&#8217;\u0131n ev sahipli\u011finde Ad\u0131yaman&#8217;\u0131 ziyaret etti. Ad\u0131yaman\u2019da depremden sonraki sa\u011fl\u0131k sorunlar\u0131n\u0131 inceledi ve de\u011ferlendirmelerde bulundu.<\/p>\n","protected":false},"author":1,"featured_media":6371,"comment_status":"open","ping_status":"open","sticky":false,"template":"","format":"standard","meta":{"om_disable_all_campaigns":false,"_monsterinsights_skip_tracking":false,"_monsterinsights_sitenote_active":false,"_monsterinsights_sitenote_note":"","_monsterinsights_sitenote_category":0,"footnotes":""},"categories":[1,11,13],"tags":[559,540,533,535,96],"aioseo_notices":[],"_links":{"self":[{"href":"https:\/\/www.hbrkahta.com\/index.php\/wp-json\/wp\/v2\/posts\/6370"}],"collection":[{"href":"https:\/\/www.hbrkahta.com\/index.php\/wp-json\/wp\/v2\/posts"}],"about":[{"href":"https:\/\/www.hbrkahta.com\/index.php\/wp-json\/wp\/v2\/types\/post"}],"author":[{"embeddable":true,"href":"https:\/\/www.hbrkahta.com\/index.php\/wp-json\/wp\/v2\/users\/1"}],"replies":[{"embeddable":true,"href":"https:\/\/www.hbrkahta.com\/index.php\/wp-json\/wp\/v2\/comments?post=6370"}],"version-history":[{"count":1,"href":"https:\/\/www.hbrkahta.com\/index.php\/wp-json\/wp\/v2\/posts\/6370\/revisions"}],"predecessor-version":[{"id":6372,"href":"https:\/\/www.hbrkahta.com\/index.php\/wp-json\/wp\/v2\/posts\/6370\/revisions\/6372"}],"wp:featuredmedia":[{"embeddable":true,"href":"https:\/\/www.hbrkahta.com\/index.php\/wp-json\/wp\/v2\/media\/6371"}],"wp:attachment":[{"href":"https:\/\/www.hbrkahta.com\/index.php\/wp-json\/wp\/v2\/media?parent=6370"}],"wp:term":[{"taxonomy":"category","embeddable":true,"href":"https:\/\/www.hbrkahta.com\/index.php\/wp-json\/wp\/v2\/categories?post=6370"},{"taxonomy":"post_tag","embeddable":true,"href":"https:\/\/www.hbrkahta.com\/index.php\/wp-json\/wp\/v2\/tags?post=6370"}],"curies":[{"name":"wp","href":"https:\/\/api.w.org\/{rel}","templated":true}]}}