{"id":6367,"date":"2024-08-16T18:12:00","date_gmt":"2024-08-16T15:12:00","guid":{"rendered":"https:\/\/www.hbrkahta.com\/?p=6367"},"modified":"2024-08-16T18:12:00","modified_gmt":"2024-08-16T15:12:00","slug":"adiyamanda-elektrik-altyapisi-krizi-esnaf-can-guvenligi-icin-endiseli","status":"publish","type":"post","link":"https:\/\/www.hbrkahta.com\/index.php\/2024\/08\/16\/adiyamanda-elektrik-altyapisi-krizi-esnaf-can-guvenligi-icin-endiseli\/","title":{"rendered":"Ad\u0131yaman&#8217;da elektrik altyap\u0131s\u0131 krizi: Esnaf can g\u00fcvenli\u011fi i\u00e7in endi\u015feli"},"content":{"rendered":"<p>AFAD turizm \u00e7ar\u015f\u0131s\u0131nda yer alan AKEDA\u015e&#8217;a ait kablolar\u0131n a\u00e7\u0131kta b\u0131rak\u0131lmas\u0131 nedeniyle ma\u011fduriyet ya\u015fayan esnaf Perre Haber Ajans\u0131 muhabirine konu\u015ftu. Be\u011fendi Fast-Food i\u015fletmecisi Mehmet Ya\u011fc\u0131, i\u015f yerindeki dolaplar\u0131n s\u0131k s\u0131k ya\u015fanan elektrik kesintileri nedeniyle ar\u0131zaland\u0131\u011f\u0131n\u0131 ve dolay\u0131s\u0131yla ciddi maddi kay\u0131plar ya\u015fad\u0131\u011f\u0131n\u0131 belirtti. Ya\u011fc\u0131, &#8220;Kablonun oradan gitmesi zaten devlet ve millet olarak su\u00e7tur. Elektrik kurumunun bu konuda mutlaka \u00e7\u00f6z\u00fcm bulmas\u0131 laz\u0131m. S\u00fcrekli bu s\u0131k\u0131nt\u0131y\u0131 ya\u015f\u0131yoruz, bize sahip \u00e7\u0131kan kimse yok,&#8221; dedi. Ya\u015fanan ma\u011fduriyetin giderilmesi i\u00e7in yetkililerden yard\u0131m isteyen Ya\u011fc\u0131, elektrik kesintilerinin \u00f6\u011flen servisinde b\u00fcy\u00fck s\u0131k\u0131nt\u0131lar yaratt\u0131\u011f\u0131n\u0131 ifade etti.  <br \/>\n&#8220;Yer \u00fcst\u00fcndeki kablo tehlike arz ediyor&#8221;<br \/>\n\u00c7ar\u015f\u0131da bulunan Sizin Kasap\u2019\u0131n sahibi Cebrail Korkut ise, i\u015f yerinin \u00f6n\u00fcndeki AKEDA\u015e kablosunun yerde a\u00e7\u0131kta oldu\u011funu ve bir araban\u0131n bu kabloyu ezmesi sonucu elektrik kesintisi ya\u015fand\u0131\u011f\u0131n\u0131 dile getirdi. &#8220;Biz 1-1,5 seneye yak\u0131n buraday\u0131z, o kablo orada a\u00e7\u0131kta duruyor. Zaten bir kere deprem oldu, bir de bu s\u0131k\u0131nt\u0131lar darbe vuruyor. Biz bunlar\u0131 hak etmedik 186\u2019y\u0131 ar\u0131yoruz ama buraya bile ba\u011fl\u0131 de\u011fil Kahramanmara\u015f\u2019a ba\u011fl\u0131. Yani burada yetkili kimse yok yani buran\u0131n bir m\u00fcd\u00fcr\u00fc yok yetkilisi yok. \u0130\u015f\u00e7iyi oradan yolluyorlar i\u015f\u00e7i adama ne diyelim geliyor ba\u011flant\u0131s\u0131n\u0131 yap\u0131yor gidiyor. Ben ona soruyorum AFAD bunu g\u00f6mecek diyor o diyor yok TEDA\u015e gelecek kim g\u00f6mecek bunu? En son ben g\u00f6mece\u011fim karde\u015fim. Yani durum bundan ibaret.&#8221; diyerek tepkisini dile getirdi. AFAD \u00e7ar\u015f\u0131s\u0131nda Hac ve Umre i\u015fi yapan Mehmet Tun\u00e7 konuyla ilgili: &#8220;Ad\u0131yaman, Ac\u0131yaman oldu, sahipsiz bir memleket her y\u00f6n\u00fcyle,&#8221; s\u00f6zleriyle \u00f6zetleyerek, \u015funlar\u0131 s\u00f6yledi: &#8220;Deprem sonras\u0131 i\u015f yerlerimiz y\u0131k\u0131ld\u0131, bize ge\u00e7ici olarak bu \u00e7ar\u015f\u0131y\u0131 verdiler. AFAD sa\u011f olsun, ba\u015fta elektri\u011fimizi birka\u00e7 ay kendileri \u00f6dedi, sonra aboneliklerimizi kendimiz \u00e7\u0131kard\u0131k. Ancak buraya gelip elektri\u011fi ba\u011flayan ekiplere, &#8216;Bu yer \u00fcst\u00fcndeki kablo olmaz&#8217; dedik. 28 i\u015f yeri bu kablodan elektrik al\u0131yor. Y\u00fcksek gerilim hatt\u0131, Allah korusun, bir g\u00fcn bir araba \u00fczerinden ge\u00e7erse b\u00fcy\u00fck bir felaket ya\u015fanabilir. TEDA\u015e yetkilileri ise bir \u015fey olmaz dedi.&#8221; ifadelerini kulland\u0131.<\/p><\/p>\n","protected":false},"excerpt":{"rendered":"<p> Rojin S\u00dcNG\u00dc- \u2013 Ad\u0131yaman&#8217;da turizm firmalar\u0131n\u0131n yer ald\u0131\u011f\u0131 \u00e7ar\u015f\u0131daki esnaf, s\u0131k s\u0131k ya\u015fanan elektrik kesintileri ve AKEDA\u015e&#8217;a ait kablolar\u0131n a\u00e7\u0131kta b\u0131rak\u0131lmas\u0131 nedeniyle b\u00fcy\u00fck ma\u011fduriyet ya\u015fad\u0131klar\u0131n\u0131 belirtiler. Ya\u015fad\u0131klar\u0131 sorunlar kar\u015f\u0131s\u0131nda esnaf, yetkililerin ilgisizli\u011finden \u015fikayet etti.<\/p>\n","protected":false},"author":1,"featured_media":6368,"comment_status":"open","ping_status":"open","sticky":false,"template":"","format":"standard","meta":{"om_disable_all_campaigns":false,"_monsterinsights_skip_tracking":false,"_monsterinsights_sitenote_active":false,"_monsterinsights_sitenote_note":"","_monsterinsights_sitenote_category":0,"footnotes":""},"categories":[1,11],"tags":[540,596,987,539,717],"aioseo_notices":[],"_links":{"self":[{"href":"https:\/\/www.hbrkahta.com\/index.php\/wp-json\/wp\/v2\/posts\/6367"}],"collection":[{"href":"https:\/\/www.hbrkahta.com\/index.php\/wp-json\/wp\/v2\/posts"}],"about":[{"href":"https:\/\/www.hbrkahta.com\/index.php\/wp-json\/wp\/v2\/types\/post"}],"author":[{"embeddable":true,"href":"https:\/\/www.hbrkahta.com\/index.php\/wp-json\/wp\/v2\/users\/1"}],"replies":[{"embeddable":true,"href":"https:\/\/www.hbrkahta.com\/index.php\/wp-json\/wp\/v2\/comments?post=6367"}],"version-history":[{"count":1,"href":"https:\/\/www.hbrkahta.com\/index.php\/wp-json\/wp\/v2\/posts\/6367\/revisions"}],"predecessor-version":[{"id":6369,"href":"https:\/\/www.hbrkahta.com\/index.php\/wp-json\/wp\/v2\/posts\/6367\/revisions\/6369"}],"wp:featuredmedia":[{"embeddable":true,"href":"https:\/\/www.hbrkahta.com\/index.php\/wp-json\/wp\/v2\/media\/6368"}],"wp:attachment":[{"href":"https:\/\/www.hbrkahta.com\/index.php\/wp-json\/wp\/v2\/media?parent=6367"}],"wp:term":[{"taxonomy":"category","embeddable":true,"href":"https:\/\/www.hbrkahta.com\/index.php\/wp-json\/wp\/v2\/categories?post=6367"},{"taxonomy":"post_tag","embeddable":true,"href":"https:\/\/www.hbrkahta.com\/index.php\/wp-json\/wp\/v2\/tags?post=6367"}],"curies":[{"name":"wp","href":"https:\/\/api.w.org\/{rel}","templated":true}]}}