{"id":6364,"date":"2024-08-16T17:12:01","date_gmt":"2024-08-16T14:12:01","guid":{"rendered":"https:\/\/www.hbrkahta.com\/?p=6364"},"modified":"2024-08-16T17:12:01","modified_gmt":"2024-08-16T14:12:01","slug":"adiyaman-esnafi-carsi-projesine-karsi-degiliz-ama-isler-usulune-gore-yapilmiyor","status":"publish","type":"post","link":"https:\/\/www.hbrkahta.com\/index.php\/2024\/08\/16\/adiyaman-esnafi-carsi-projesine-karsi-degiliz-ama-isler-usulune-gore-yapilmiyor\/","title":{"rendered":"Ad\u0131yaman esnaf\u0131: \u00c7ar\u015f\u0131 Projesine kar\u015f\u0131 de\u011filiz ama i\u015fler usul\u00fcne g\u00f6re yap\u0131lm\u0131yor"},"content":{"rendered":"<p>Ad\u0131yaman\u2019da \u00c7evre ve \u015eehircilik Bakanl\u0131\u011f\u0131 taraf\u0131ndan y\u00fcr\u00fct\u00fclen \u00c7ar\u015f\u0131 Projesiyle ilgili olarak, Ad\u0131yaman \u00c7ar\u015f\u0131 Rezerv Alan\u0131&#8217;nda bulunan esnaf\u0131n olu\u015fturdu\u011fu komisyon ad\u0131na Avukat Ali Murat Bilgi\u00e7 bir bas\u0131n a\u00e7\u0131klamas\u0131 yapt\u0131.<\/p>\n<p>&ldquo;\u00c7ar\u015f\u0131 projesine kar\u015f\u0131 oldu\u011fumuz kesinlikle do\u011fru de\u011fil&rdquo;<\/p>\n<p>Burada Ad\u0131yaman \u00e7ar\u015f\u0131s\u0131 rezerve alan\u0131nda bulunan esnaflar\u0131n olu\u015fturdu\u011fu komisyon ad\u0131na sizleri davet ettik. Bu komisyonun s\u00f6zc\u00fcs\u00fcy\u00fcm bu s\u0131fatla konu\u015fuyorum. Arkada\u015flar biliyorsunuz Ad\u0131yaman\u2019da en \u00e7ok konu\u015fulan konu; y\u0131k\u0131lm\u0131\u015f bir \u015fehir var, y\u0131k\u0131lm\u0131\u015f bir \u00e7ar\u015f\u0131 var. Birilerinin bu \u00e7ar\u015f\u0131y\u0131 yenilemek istedi\u011fi, ama m\u00fclkiyet sahibi ve kirac\u0131lar\u0131n buna kar\u015f\u0131 \u00e7\u0131kt\u0131\u011f\u0131 tarz\u0131nda kamuoyu olu\u015fturdu\u011fu kesinlikle ama kesinlikle do\u011fru de\u011fil. Burada oturan herkes m\u00fclk sahibi olsun, kirac\u0131 olsun hem Ad\u0131yaman \u015fehrinin hem Ad\u0131yaman \u00e7ar\u015f\u0131s\u0131n\u0131n yenilenmesine kar\u015f\u0131 de\u011filiz. Bunu can\u0131 g\u00f6n\u00fclden isteyerek samimi olarak bir Ad\u0131yamanl\u0131 olarak hepimiz tek tek savunuyoruz, burada buna kar\u015f\u0131 kimse de yok. Ancak uygulanmak istenen projeye, zamanlamas\u0131na i\u00e7erdi\u011fi risklere uygulama ve de\u011ferlendirme a\u015famas\u0131na ili\u015fkin planlamalara, sosyal ve ekonomik boyutun g\u00f6z ard\u0131 edilmesine ve s\u00fcrecin \u015feffaf y\u00fcr\u00fct\u00fclmemesine kar\u015f\u0131y\u0131z.<\/p>\n<p>&ldquo;\u00d6nce Pandemi sonra Deprem vurdu&rdquo;<\/p>\n<p>Bu esnaf bir pandemi ya\u015fad\u0131 arkas\u0131ndan deprem ya\u015fad\u0131, depremde mallar\u0131 ya\u011fmaland\u0131. \u00c7ar\u015f\u0131da ya\u011fmalanmayan esnaf var m\u0131? Ondan sonraki a\u015famada da insanlar deprem sonras\u0131 y\u0131k\u0131m i\u015fiyle yeniden i\u015flerini kurmayla bo\u011fu\u015ftular. Bir k\u0131s\u0131m bina sa\u011flam kald\u0131. \u0130nsanlar bu binalarda devlet hasars\u0131z dedi ya da az hasarl\u0131 raporu verdi\u011fi i\u00e7in onar\u0131m i\u015fini ger\u00e7ekle\u015ftirdi. Bir k\u0131sm\u0131 y\u0131k\u0131lan yerlere prefabrik konutlar ve d\u00fckkanlar yapt\u0131. Ve faaliyetlerine daha yeni yeni ba\u015flad\u0131lar yani insanlar yakla\u015f\u0131k 3-3,5 y\u0131ld\u0131r para kazanam\u0131yor. L\u00fctfen biraz empati yap\u0131n, bu insanlar\u0131n yerine koyun kendinizi. Pandemide insanlar soka\u011fa \u00e7\u0131kmad\u0131, d\u00fckkanlar\u0131 a\u00e7\u0131k olsa da i\u015f yapamad\u0131lar. Depremde de mallar\u0131 ya\u011fmaland\u0131 ondan sonraki ekonomik \u00e7\u00f6k\u00fcnt\u00fc ile zaten hi\u00e7bir \u015fey yapamad\u0131lar.<\/p>\n<p>&ldquo;Vatanda\u015f bir bu\u00e7uk y\u0131l sonra yeni yeni 4,5 ayd\u0131r i\u015f yap\u0131yor&rdquo;<\/p>\n<p>\u0130nsanlar topu topu 4,5 ayd\u0131r i\u015f yap\u0131yorlar yeni yeni para kazanmaya ba\u015flad\u0131lar. \u0130nsanlar\u0131n banka kredi bor\u00e7lar\u0131 var Bu insanlar\u0131n mal ald\u0131klar\u0131 yere ertelenmi\u015f bor\u00e7lar\u0131 var, b\u0131rak\u0131n daha yeni bor\u00e7lar\u0131. \u015eimdi bu insanlara diyorlar ki \u00e7\u0131k\u0131n. Tamam, \u00e7\u0131ks\u0131nlar, peki bu i\u015fler ne olacak bu bor\u00e7lar ne olacak bunlar\u0131 kim \u00f6deyecek bunun cevab\u0131 yok. Biz buna cevap ar\u0131yoruz. Projenin sosyal ve ekonomik boyutu dedi\u011fimiz bu onun d\u0131\u015f\u0131nda kirac\u0131lar var bak\u0131n kirac\u0131lara bu projede hi\u00e7bir \u015fey yok \u00e7\u0131ks\u0131n gitsinler. Buraya bilin\u00e7li olarak sizleri \u00e7a\u011f\u0131rd\u0131m. Buradaki i\u015fletmenin sahibi kirac\u0131, 2,3 milyon yat\u0131r\u0131m yapm\u0131\u015f bu adam buraya, yan\u0131nda 8,10 ki\u015fi \u00e7al\u0131\u015f\u0131yor bu adama \u00e7ekin gidin dedi\u011finiz zaman n bu adam ne yapacak. Bu zarar\u0131 birinin kar\u015f\u0131lamas\u0131 gerekmiyor mu, kendi iste\u011fiyle \u00e7\u0131km\u0131yor. Bunun gibi ben size onlarca yer sayar\u0131m. Hemen kar\u015f\u0131m\u0131zda depremden sonra arkada\u015f\u0131m\u0131z i\u015f yeri yapm\u0131\u015f 15 milyon para harcam\u0131\u015f \u015fu an yan\u0131mda. Hi\u00e7bir m\u00fcdahale yap\u0131lmam\u0131\u015f gezip g\u00f6rebilirsiniz, gidip s\u00f6ylenmemi\u015f. \u015eimdi diyorlar ki biz buray\u0131 rezerve alan\u0131 ilan ediyoruz, kimse dememi\u015f buraya yat\u0131r\u0131m yapmay\u0131n. Esnaf her \u015feyini yerle\u015ftirmi\u015f dizayn etmi\u015f, \u015fimdi gidiliyor ve kendisine deniliyor ki buras\u0131 rezerve alan\u0131 biz buray\u0131 y\u0131kaca\u011f\u0131z. Evi y\u0131k\u0131lm\u0131\u015f i\u015f yerleri harap olmu\u015f 1,5 bu\u00e7uk senedir para kazanamam\u0131\u015f var\u0131n\u0131 yo\u011funu getirmi\u015f buraya yat\u0131rm\u0131\u015f. \u015eimdi bunu da elinden alaca\u011f\u0131m diyorlar kar\u015f\u0131l\u0131\u011f\u0131nda ne vereceksin? Peki ben bu 1 sene 2 sene i\u00e7inde evime nas\u0131l ekmek getirece\u011fim cevab\u0131 yok. Biz size konteyner verece\u011fiz diyor. Bu adam konteyner da bu i\u015fi yapabilir mi? Kar\u015f\u0131daki ma\u011faza konteyner da bu i\u015fi yapabilir mi?<\/p>\n<p>&ldquo;B\u00fcy\u00fck bir kurumu konteynere nas\u0131l s\u0131\u011fd\u0131racaklar&rdquo;<\/p>\n<p>Ar\u00e7elik, Yata\u015f bayisi konteynerde yapabilir mi? Bunun sonu\u00e7lar\u0131 \u00e7ok k\u00f6t\u00fc olacak arkada\u015flar. Sonu\u00e7lar\u0131 ne olacak biliyor musunuz Ad\u0131yaman kent k\u00fclt\u00fcr\u00fcn\u00fc yitirecek, Ad\u0131yaman da \u015fehirli dedi\u011fimiz kesim memurlar ve esnaft\u0131r bu insanlar\u0131n \u00e7o\u011fu zaten g\u00f6\u00e7 etmi\u015ftir. Deprem den sonra da Ankara ve di\u011fer \u015fehirlere gitmi\u015flerdir. \u015eimdi Kalan\u0131 da bu projeyle g\u00f6\u00e7 ettirecektir. Bak\u0131n do\u011fma b\u00fcy\u00fcme Ad\u0131yamanl\u0131 olanlar gitti\u011fi gibi \u015fimdide 40,50 senedir Ad\u0131yaman da olanlar gidecek, \u015eimdi k\u00f6ylerimizden il\u00e7elerimizden Ad\u0131yaman merkeze gelen ve 50 sene bu topraklarda ya\u015fayan kent k\u00fclt\u00fcr\u00fcn\u00fc kazanm\u0131\u015f insanlar\u0131m\u0131z\u0131 da bu projeyle g\u00f6ndermenin bir yolunu ar\u0131yorlar.<\/p>\n<p>&ldquo;K\u00fc\u00e7\u00fck bir proje kenti i\u015fgal etti&rdquo;<\/p>\n<p>Ad\u0131yaman\u2019\u0131n demografik yap\u0131s\u0131n\u0131 de\u011fi\u015ftirecekler. Bu insanlar diyorlar ki ben bu projeyle zarar yapaca\u011f\u0131m\u0131 bile bile neden bu i\u015fi yapay\u0131m giderim \u0130zmir\u2019de yapar\u0131m burada kalaca\u011f\u0131m yer yok burada duraca\u011f\u0131ma ta\u015f\u0131n\u0131r giderim. O y\u00fczden dedi\u011fim gibi projeye sosyal, ekonomik, planlama, zamanlama, konusundan kar\u015f\u0131y\u0131z. \u015eehrin yeniden in\u015fa edilmesine neden mar\u015f\u0131 olal\u0131m ki. \u00c7\u00f6z\u00fcm \u00f6nerilerimiz var onlar\u0131 dile getirece\u011fiz. S\u00fcre\u00e7 \u015feffaf y\u00fcr\u00fct\u00fclm\u00fcyor. \u00d6nce vatanda\u015flara dediler ki mal\u0131n\u0131z\u0131n, arsalar\u0131n\u0131z\u0131n y\u00fczde 70\u2019i yapan\u0131n olacak yani Devletin, y\u00fczde 30\u2019u da m\u00fclk sahibinin olacak. Vatanda\u015ftan biraz ses y\u00fckselince bu 60, 40&#8217;a d\u00fc\u015ft\u00fc en son toplant\u0131da y\u00fczde 10, y\u00fczde 90\u2019a d\u00f6nd\u00fc. En ba\u015fta proje \u00e7ok k\u00fc\u00e7\u00fck bir rezerve alan\u0131 iken yani SSK\u2019n\u0131n \u00e7evresi ve elli alt\u0131lar\u0131n \u00e7evresi iken ondan sonra geni\u015fledi \u00e7ar\u015f\u0131 rezerve hale geldi arkas\u0131ndan kalenin arkas\u0131 da ayn\u0131 hale geldi. Ve bundan kimsenin haberi olmuyor. Bakanl\u0131kta birileri oturuyor bu i\u015fleri yap\u0131yor bak\u0131yorsunuz ki mal\u0131n\u0131z rezerve akan\u0131 olmu\u015f an itibari ile size dan\u0131\u015fan soran yerel y\u00f6netimlere o sivil toplum kurulu\u015flar\u0131 diye bahsettikleri kurulu\u015flara soran eden yok. \u015eimdi arkada\u015flar bu i\u015fte bir Piyer yap\u0131lmaya \u00e7al\u0131\u015f\u0131l\u0131yor.<\/p>\n<p>&ldquo;Mimar ve m\u00fchendisler neden ses \u00e7\u0131karm\u0131yor&rdquo;<\/p>\n<p>Sivil toplum kurulu\u015flar\u0131yla milletvekilleri toplant\u0131 yapmaya \u00e7al\u0131\u015f\u0131yor. Muhtarlarla toplant\u0131 yap\u0131yor. Esnaf odalar\u0131yla toplant\u0131 yap\u0131yor onlar\u0131n hi\u00e7birine bu proje nas\u0131l yap\u0131lacak s\u00f6ylemiyorlar, nas\u0131l yap\u0131lmal\u0131d\u0131r sormuyorlar diyorlar ki biz yapaca\u011f\u0131z bize sahip \u00e7\u0131k\u0131n. Esnaf kar\u015f\u0131 \u00e7\u0131k\u0131yor. Mimarlar odas\u0131 dahil bu memlekette, \u015fehir planc\u0131lar\u0131 dahil, di\u011fer in\u015faat m\u00fchendisleri odas\u0131 dahil bir tanesinin bu projeyle ilgili bir laf\u0131n\u0131 duydunuz mu? Birine bir \u015fey sordular m\u0131? Ya da bunlardan bir tanesi bu s\u00fcrece m\u00fcdahil oldu mu? \u015eunu yanl\u0131\u015f yap\u0131yorsunuz ya da bunu do\u011fru yap\u0131yorsunuz dedi mi? Bu memleketin \u00fczerine \u00f6l\u00fc topra\u011f\u0131 serdiler. Odalar\u0131n\u0131n zerine \u00f6l\u00fc topra\u011f\u0131 serpilmi\u015f bir tanesi \u00e7\u0131k\u0131p koca \u015fehir yeniden yap\u0131lmak isteniyor, koca \u015fehir meslekleriyle ilgili konuda bir tanesi ses \u00e7\u0131karm\u0131yor. \u015eimdi esnaf \u00e7\u0131k\u0131nca, esnaf ekme\u011fine sahip \u00e7\u0131kmaya \u00e7al\u0131\u015f\u0131yor, esnaf hakk\u0131na sahip \u00e7\u0131kmaya \u00e7al\u0131\u015f\u0131yor bunun neresi yanl\u0131\u015f. Esnaf \u015fehrine sahip \u00e7\u0131kmaya \u00e7al\u0131\u015f\u0131yor. \u0130nan\u0131n \u015fehir bu projeyle batar. Bak\u0131n sizlerle konu\u015furken bile, sizler de dediniz sizlerin bile haberi yok. \u015eehir planlamas\u0131 4 etapta olacak dediler 56\u2019lar ile SSK 1. Etap son toplant\u0131ya kat\u0131lan arkada\u015flar\u0131m\u0131z bilir. Dediler ki bu etap 77. Etap \u015fu an i\u00e7inde bulundu\u011fumuz yer de 8. Etap yani 4 etab\u0131 2 etaba d\u00fc\u015f\u00fcrm\u00fc\u015fler hi\u00e7birimizin haber yok. Ad\u0131yamanl\u0131 olarak gazeteci olarak m\u00fclk sahibi olarak kimsenin haberi yok ama yapm\u0131\u015flar.<\/p>\n<p>&ldquo;Vatanda\u015f\u0131n haberi olmayan proje&rdquo;<\/p>\n<p>Bu s\u00fcre\u00e7 b\u00f6yle y\u00fcr\u00fct\u00fcl\u00fcr m\u00fc? Kenti yeniliyorsunuz mal sahibinin haberi yok halk\u0131n haberi yok, gazetecinin haberi yok Etap etap de\u011fi\u015ftirmi\u015fsin s\u00fcre\u00e7 \u015feffaf de\u011fil arkada\u015flar en b\u00fcy\u00fck derdimiz bu. Bu s\u00fcrecin sonunda bu insanlara nerede ne vereceksiniz. Belli de\u011fil, zarar\u0131 nas\u0131l kar\u015f\u0131lanacak belli de\u011fil bu proje nas\u0131l hayata ge\u00e7irilecek belli de\u011fil. \u015eu ana kadar verilen y\u00fczdelik dilimler belli de\u011fildi bu s\u00fcre\u00e7 b\u00f6yle ilerlemez. Onun d\u0131\u015f\u0131nda bu planlama konusunda bir kentin imar\u0131 bir mimarl\u0131k b\u00fcrosuna b\u0131rak\u0131lacak bir konu de\u011fildi. Bu \u00fclkede bu i\u015fle ilgilenen vak\u0131flar var, bu \u00fclkede bu i\u015fle ilgilenen \u00fcniversiteler var. Hatta bu \u00fclke d\u0131\u015f\u0131nda bu i\u015fler yapan kurumlar var a\u00e7ars\u0131n\u0131z bir yar\u0131\u015fma y\u0131k\u0131lm\u0131\u015f bir \u015fehir var d\u0131\u015far\u0131dan insanlar gelir, kentin k\u00fclt\u00fcr\u00fcn\u00fc inceler en iyi \u00e7al\u0131\u015fmalar yapacak ki\u015fiyi se\u00e7er ve projeye ba\u015flars\u0131n. Yani bakan\u0131n mimar\u0131na g\u00f6re Ad\u0131yaman \u015fekillendirilemez. Biz buna da kar\u015f\u0131 \u00e7\u0131k\u0131yoruz,<\/p>\n<p>&ldquo;Koskoca \u015fehrin d\u00f6n\u00fc\u015f\u00fcm\u00fc bakan\u0131n mimar\u0131na bak\u0131yor&rdquo;<\/p>\n<p>Bakan\u0131n mimar\u0131 varm\u0131\u015f bir tane mimarl\u0131k b\u00fcrosu koca bir kentin d\u00f6n\u00fc\u015f\u00fcm\u00fcne tek ba\u015f\u0131na s\u00f6z sahibi olabilir mi? bu halk neci m\u00fclk sahibi olmay\u0131 b\u0131rak\u0131n bir kenara Ad\u0131yamanl\u0131 olarak biz neciyiz. Ad\u0131yaman\u2019da sabah kahvalt\u0131s\u0131nda hangimiz ekmek \u00fcst\u00fc peynir yemeyiz. \u015eu esnaf\u0131n yar\u0131s\u0131 sabah ekmek \u00fcst\u00fc peynir ile kahvalt\u0131 yap\u0131yor. Yap\u0131lan bu rezerve alan\u0131nda f\u0131r\u0131n olacak bir tane i\u015f yeri g\u00f6ster, ta\u015f f\u0131r\u0131n olacak. K\u00fclt\u00fcr diyorlar ya Ad\u0131yaman\u2019\u0131n k\u00fclt\u00fcr\u00fcn\u00fc koruyaca\u011f\u0131z k\u00fclt\u00fcr\u00fcm\u00fcz\u00fc korumak ad\u0131na bir tane f\u0131r\u0131n olacak bina g\u00f6sterin bana. Biz karalahana \u00e7orbas\u0131 pi\u015firmiyoruz lokantalar\u0131m\u0131zda. Bizimki da \u00e7ok et \u00fcr\u00fcnleri, kebap ve t\u00fcrevleri. Allah\u2019\u0131n\u0131z\u0131 severseniz o projede bir lokanta yap\u0131lacak yer ve \u00e7ay oca\u011f\u0131, mangal konulacak yer g\u00f6sterin. E\u011fer Trabzon\u2019da bir d\u00f6n\u00fc\u015f\u00fcm yapacaksan\u0131z Gazl\u0131 f\u0131r\u0131nda karalahana \u00e7orbas\u0131 pi\u015firebilirsiniz. Ama Ad\u0131yaman\u2019da kebap pi\u015firemezsiniz. Bu \u015fehrin k\u00fclt\u00fcr\u00fcne g\u00f6re yap\u0131la\u015fma yapacaks\u0131n\u0131z. O y\u00fczden biz bu projenin i\u00e7eri\u011fine hi\u00e7 girmedik ama biz kendi derdimize d\u00fc\u015ft\u00fck, esnaf\u0131n ekonomisi ne olacak m\u00fclkiyet sahibinin durumu ne olacak. Bu ge\u00e7i\u015f s\u00fcrecinde bun insanlar ne ile ge\u00e7inecek. Bunu bilerekten s\u00f6yl\u00fcyorum siz gazeteci arkada\u015flar bunu pe\u015fine d\u00fc\u015fesiniz diye s\u00f6yl\u00fcyorum. Bu do\u011fru bir proje de\u011fil. Bir kentin yenilenmesi 3 ayda 5 ayda masa ba\u015f\u0131nda bir b\u00fcronun i\u00e7inde \u00e7izilerek kurtar\u0131lacak i\u015f de\u011fildir. Zamana s\u0131\u011fd\u0131rs\u0131nlar 5,6 ay olsun 1 sene olsun bu her g\u00fcn yap\u0131lan bir \u015fey de\u011fil ki 100 y\u0131lda 200 y\u0131lda yap\u0131lan bir \u015fey.<\/p>\n<p>&ldquo;Kent k\u00fclt\u00fcr\u00fc korunmal\u0131&rdquo;<\/p>\n<p>Ad\u0131yaman tarihte 3 defa y\u0131k\u0131lm\u0131\u015f tarih dedi\u011fimiz yakla\u015f\u0131k 2 bin y\u0131ll\u0131m s\u00fcre\u00e7 siz 2 defa yap\u0131lan bir i\u015fi bir b\u00fcroda bir ki\u015fiye teslim ederek yenilerseniz bu do\u011fru olur mu? Bizim itiraz\u0131m\u0131z buna. Arkada\u015fla bir kere \u00e7\u00f6z\u00fcm diyeceksiniz bizim buna \u00e7\u00f6z\u00fcm\u00fcm\u00fcz bir kere y\u0131k\u0131lmayan binalar korunmal\u0131d\u0131r. \u0130lk talebimiz bu \u00e7\u00fcnk\u00fc kentin k\u00fclt\u00fcr\u00fcn\u00fc koruyacaksan\u0131z e\u011fer eskiyi korumadan yeniyi yapamazs\u0131n\u0131z, eski ile yeniyi sentezlemeden bu kentin k\u00fclt\u00fcr\u00fcn\u00fc koruyamazs\u0131n\u0131z. Bir kere \u00f6ncelikle ilk talebimiz bu. \u015eehircilik ilkeleri gere\u011fi y\u0131k\u0131lmas\u0131 gereken yerler var bu yerleri y\u0131kaca\u011f\u0131n\u0131z zaman \u00f6nceli\u011fi esnaf arkada\u015flar\u0131m\u0131z\u0131n ekonomisini koruyacak \u015fekilde bir planlamaya ay\u0131rmak durumundas\u0131n\u0131z. Mutlaka kent k\u00fclt\u00fcr\u00fc korunarak bu projeye ba\u015flanmal\u0131. Ad\u0131yaman halk\u0131n\u0131n g\u00f6r\u00fc\u015fleri al\u0131nmal\u0131 bu konuda. Uygulama a\u015famas\u0131na ge\u00e7erken ba\u015fta kirac\u0131lar olmak \u00fczere m\u00fclk sahiplerinin haklar\u0131 sosyal devlet ilkesi gere\u011fi korunarak hareket edilmeli. Kurumsal bir i\u015f yeri resmi kiras\u0131 y\u0131ll\u0131k 3 milyon lira buraya ne verecekler 7 bin 500 lira ayl\u0131k. Y\u0131ll\u0131k kiras\u0131 3 milyon lira olan yere 90 bin lira verirsen Ad\u0131yaman halk\u0131 kabul eder mi? Ediyorsa vicdanlar\u0131na b\u0131rak\u0131yorum merhametlerine b\u0131rak\u0131yorum, bunun gibi onlarca yer say\u0131yorum o y\u00fczden e\u011fer bu proje e\u011fer hayata ge\u00e7irilecekse Devlet sosyal devlet olman\u0131n gere\u011fini kar\u015f\u0131lay\u0131p bu m\u00fclk sahiplerinin kira kay\u0131plar\u0131n\u0131 kar\u015f\u0131lamal\u0131. Vatanda\u015f\u0131n binas\u0131 y\u0131k\u0131lacaksa yine yerinde yap\u0131lmal\u0131, e\u011fer \u00f6ne ya da Erkaya kayd\u0131r\u0131lacaksa kayd\u0131r\u0131lmal\u0131 projenin gere\u011fi odur. Kimsenin mal\u0131 bir ba\u015fkas\u0131n\u0131n \u00e7\u0131kar\u0131na kullan\u0131lmamal\u0131. Bakan yard\u0131mc\u0131s\u0131n\u0131n yapt\u0131\u011f\u0131 konu\u015fmada y\u00fczde 10 kesinti yapacak bunu b\u00fct\u00fcn esnaflar makul kar\u015f\u0131lamal\u0131. E\u011fer binalar yap\u0131lacaksa y\u00fczde 10 kesinti ba\u015f g\u00f6z \u00fcst\u00fcne kimsenin buna s\u00f6z\u00fc yok. Bu makul bir orand\u0131r. Bunu herkes kabul eder. Yine 8. B\u00f6lge dedi\u011fimiz \u015fu an i\u00e7inde bulundu\u011fumuz b\u00f6lge hemen yap\u0131lmayacak ise niye rezerve alan\u0131 ilan ediliyor. Yani buraya su verilmiyor bura \u015fuan da rezerve olmayacaksa esnaf neden zarar yaps\u0131n, esnaf\u0131n b\u00fct\u00fcn i\u015fi yatmaya ba\u015fl\u0131yor. Herkesin i\u015fi geriledi. O zaman e\u011fer buray\u0131 hemen yapmayacaksan\u0131z b\u00f6yle bir iddialar\u0131 var. Peki, neden ilan ettiniz. Bunun derhal \u00e7\u0131kart\u0131lmas\u0131 gerekiyor. E\u011fer di\u011fer etaplar bittikten sonra buras\u0131 yap\u0131lacak ise, o zaman \u015f\u00f6yle bir \u00e7\u00f6z\u00fcm \u00fcretebilirler buralar\u0131 rezerve alan\u0131ndan \u00e7\u0131kar\u0131rlar. \u0130nsanlar\u0131n i\u015flerini devam ettirmesine olanak sa\u011flarlar. En az\u0131ndan bu b\u00f6lgedeki \u00e7ar\u015f\u0131 esnaf\u0131 ma\u011fdur olmam\u0131\u015f olur.<\/p>\n<p>&ldquo;S\u00f6z u\u00e7tu yaz\u0131 kals\u0131n dedik, yaz\u0131l\u0131 belge istiyoruz&rdquo;<\/p>\n<p>1. Etab\u0131 bitirmeden di\u011fer etaplara ge\u00e7meyeceklerini taahh\u00fct etmeleri laz\u0131m. Bu taahh\u00fct olmadan isterseniz, istemezseniz biz bu konuda kamu otoritesini yitirmi\u015f oldu\u011fumuzu s\u00f6yl\u00fcyoruz a\u00e7\u0131k s\u00f6yl\u00fcyorum. Bak\u0131n Ad\u0131yaman da kent meydan\u0131nda cami yap\u0131ld\u0131 her d\u00fcnya g\u00f6r\u00fc\u015f\u00fcnden insan, her siyasi parti g\u00f6r\u00fc\u015f\u00fcnden insan uyard\u0131 dedi ki bu yanl\u0131\u015ft\u0131r. Ama biz belediye ba\u015fkan\u0131m\u0131za sordu\u011fumuz zaman dedi ki ben halka sordum. Halk hay\u0131r demesine ra\u011fmen evet demi\u015f gibi i\u015fler yap\u0131l\u0131yor. Dolay\u0131s\u0131yla biz taahh\u00fct bekliyoruz. Siz y\u00fczde 70, y\u00fczde 80 oran\u0131nda evet demez iseniz yapmayaca\u011f\u0131z s\u00f6z\u00fc yap\u0131lan uygulamalar kar\u015f\u0131s\u0131nda anlams\u0131z kald\u0131. \u00c7\u00fcnk\u00fc vatanda\u015f hay\u0131r demesine ra\u011fmen evet denmi\u015f gibi i\u015flem yap\u0131yorlar. Biz bu konuda kamuoyuna a\u00e7\u0131klama bekliyoruz. 1. Etap bitmeden 2-3-4 etab\u0131 yapmayaca\u011f\u0131z \u015fimdilik rezerve alan\u0131ndan \u00e7\u0131kartt\u0131k denmeli. Arkada\u015flar e\u011fer 1. Etap onlar\u0131n deyi\u015fiyle 7. Etap yap\u0131lacaksa bak\u0131n buradaki arkada\u015flar\u0131m\u0131z\u0131n orada d\u00fckkanlar\u0131 var G\u00f6le batmaz caddesi m\u00fcmk\u00fcnse bu esnaf arkada\u015flar\u0131m\u0131z\u0131n d\u00fckkanlar\u0131 bu uygulamadan \u00e7\u0131kart\u0131larak bu etap yap\u0131lmal\u0131. Burada bir arkada\u015f\u0131m\u0131z\u0131n 500 metre kare d\u00fckkan\u0131 var bu arkada\u015f\u0131m\u0131z\u0131 siz hangi konteynere g\u00f6ndereceksiniz 500 metre kare t\u0131ka basa dolu mal hangi konteynerde nas\u0131l pazarlanacak bu m\u00fcmk\u00fcn de\u011fil o y\u00fczden bizim \u00f6nerimiz o b\u00f6lgede yap\u0131lacak olan meydan k\u00fclt\u00fcrel alanlar yap\u0131ls\u0131n ama esnaflar bu projenin d\u0131\u015f\u0131na \u00e7\u0131kar\u0131ls\u0131n.<\/p>\n<p>&ldquo;Esnaf iflas edecek&rdquo;<\/p>\n<p>Zamanlama olarak kent yapman\u0131n kenti yenilemenin ko\u015fullar\u0131 vard\u0131r. Zamanlamamas\u0131n\u0131 d\u00fczg\u00fcn se\u00e7mek laz\u0131m, planlamas\u0131n\u0131 d\u00fczg\u00fcn yapmak laz\u0131m, yap\u0131lan projede planlama a\u015famas\u0131na bakt\u0131\u011f\u0131m\u0131z zaman bu proje kenti bitirecek. Pandemiden \u00e7\u0131kt\u0131 bu vatanda\u015f deprem atlatt\u0131 \u015fimdi herkesi bir kenara b\u0131rak\u0131p 1,5 y\u0131l sene daha ba\u015fka yere g\u00f6nderece\u011fim. Bu iflas demek. Burada k\u00fc\u00e7\u00fck esnaf da var b\u00fcy\u00fck esnaf da var hepsinin kendine g\u00f6re derdi var bu \u00e7ekleri \u00f6deyemezlerse iflas ederler. \u0130\u015f yerini de\u011fi\u015ftirmek iflas etmek demek. Bal\u0131kesir, \u015eehitkamil \u00e7ar\u015f\u0131s\u0131na sorun i yapan bir tane esnaf g\u00f6r\u00fcrseniz s\u00f6yleyin. Yoktur arkada\u015flar bunu g\u00f6z ard\u0131 etmeyelim, \u00f6ncelikle bunun yap\u0131lmas\u0131n\u0131 talep etmeliyiz. E\u011fer bu yap\u0131lam\u0131yorsa Atat\u00fcrk bulvar\u0131nda Emlak Konutun yapt\u0131\u011f\u0131 Adliyenin do\u011fusunda kalan binalar var. Bunlar s\u00f6zlerinin ard\u0131nda dururlarsa devam edecekler. O zaman onun biti\u015fi beklensin o esnaf arkada\u015flar\u0131m\u0131z\u0131n konteynere de\u011fil binalara, d\u00fckkanlara ta\u015f\u0131nmas\u0131 sa\u011flans\u0131n en az\u0131ndan bulvar da bir \u00e7ar\u015f\u0131 kimli\u011fi kazand\u0131r\u0131lm\u0131\u015f olur 2 kazan kazan olmu\u015f olur yani hem esnaf ma\u011fdur olmam\u0131\u015f olur hem de bulvarda bir \u00e7ar\u015f\u0131 k\u00fclt\u00fcr\u00fc olu\u015fmu\u015f olur arkada\u015flar\u0131m\u0131z konteynere girmesinler. O yap\u0131lacak yeni binalar\u0131n alt\u0131ndaki d\u00fckkanlara \u00e7\u0131ks\u0131nlar ve biz kira da istemiyoruz kiray\u0131 da emlak konut kar\u015f\u0131las\u0131n i\u015fte size \u00e7\u00f6z\u00fcm e\u011fer iyi niyetlilerse e\u011fer bir \u015fey yapmak istiyorlar ise halk\u0131 ma\u011fdur etmeden hem Ad\u0131yaman halk\u0131 bulvarda al\u0131\u015fveri\u015f yapma al\u0131\u015fkanl\u0131\u011f\u0131n\u0131 kazan\u0131r hm vatanda\u015f\u0131n mal\u0131 batmamm\u0131\u015f olur hem de sosyal devlet gere\u011fi olarak vatanda\u015f\u0131 zarara u\u011fratmadan bir d\u00f6n\u00fc\u015f\u00fcm\u00fc ger\u00e7ekle\u015ftirmi\u015f olur. Arkada\u015flar birde Ad\u0131yaman\u2019da biliyorsunuz son s\u00fcre\u00e7te alt yap\u0131lar ihale edildi biliyorsunuz i\u015fte su kanalizasyon elektrik ve benzeri altyap\u0131 i\u015fleri ihale edildi \u015fimdi ben merak ediyorum ger\u00e7ekten arkada\u015flar\u0131m\u0131z\u0131n hepsi merak ediyor arkada\u015f bu projeler hayata ge\u00e7irilmeyecek ise bu ihaleler neye g\u00f6re yap\u0131ld\u0131 bu su borular\u0131 nereden ge\u00e7ecek \u015fu anki binan\u0131n \u00f6n\u00fcnden mi ge\u00e7ecek yoksa binan\u0131n alt\u0131ndan m\u0131 ge\u00e7ecek projesi nas\u0131l acaba siz neye g\u00f6re ihale yapt\u0131n\u0131z yani bu kadar su kanalizasyon elektrik altyap\u0131 i\u015flerini neye g\u00f6re ihale ettiniz ihaleyi yapm\u0131\u015fs\u0131n\u0131z \u015fimdi buralar\u0131 y\u0131kmaya \u00e7al\u0131\u015f\u0131yorsunuz o projeleri de mi yenilenecek o ihalelerde mi yenilenecek merak ediyoruz. Bunun d\u0131\u015f\u0131nda yap\u0131lacak s\u00fcre\u00e7te e\u011fer nere y\u0131k\u0131lacak kimle bu i\u015fler y\u00fcr\u00fct\u00fclecekse biz yaz\u0131l\u0131 s\u00f6zle\u015fme yap\u0131lmas\u0131n\u0131 talep ediyoruz yani bu devlet s\u00f6z\u00fc inan\u0131n demeyle olmaz devleti bu g\u00fcn temsil edenler o makam\u0131 temsil edenler de\u011fi\u015fe bilir. Allah\u2019\u0131n emri ile \u00f6le bilir, s\u00f6zle olmaz bu i\u015fler biz bir m\u00fcteahhitle s\u00f6zle\u015fme yapt\u0131\u011f\u0131m\u0131z zaman nas\u0131l yap\u0131yorsak devletlerde \u00f6yle yapmak istiyoruz yani Ad\u0131yaman halk\u0131na buradan seslenmek istiyorum evlerini ben sana daha iyi yapaca\u011f\u0131m evini bana ver diyen herhangi birine teslim ederim s\u00f6zle\u015fme yapmadan notere g\u00f6t\u00fcrmeden kefil almadan kim evini veriyorsa biz de verelim biz kesinlikle, s\u00f6z u\u00e7ar gider kamuyu temsil eden o makamlarda oturanlar \u00e7eker gider bu d\u00fcnyadan gider o makamdan gider yada bizler \u00f6l\u00fcr\u00fcz biz \u00e7ocuklar\u0131m\u0131za yaz\u0131l\u0131 belge b\u0131rakmal\u0131y\u0131z. Demeliyiz ki karde\u015fim bak ben s\u00f6zle\u015fme yapm\u0131\u015f\u0131m\u0131 \u00f6l\u00fcrsem sen bu s\u00f6zle\u015fmedeki yeri alacaks\u0131n o y\u00fczden bu s\u00fcrecin sonunda e\u011fer bu esnaf\u0131, bir yerler y\u0131k\u0131lacaksa ve bu esnaf\u0131n raz\u0131 olmas\u0131 isteniyorsa oturacaklar verecekleri yeri yakla\u015f\u0131k olarak 5 de\u011fil somut olarak ve s\u00f6zle\u015fme ile yaz\u0131l\u0131 belge ile taahh\u00fct edecek bu olmadan hi\u00e7 kimse buna raz\u0131 olmaz arkada\u015flar bo\u015f arsalar var. Bo\u015f arsalarda insanlara inan\u0131nki ne verilece\u011fini bilen yok kimisi diyor kamula\u015ft\u0131r\u0131lacak kimisi diyor de\u011ferlendirece\u011fiz Ad\u0131yaman da bu b\u00f6lgedeki arsalar\u0131n de\u011ferini hepiniz biliyorsunuz bak\u0131n ba\u015fka bir konu diyorlar ki i\u015fte 1 katl\u0131 binam var biz buraya \u00fcst katlar\u0131 senin de\u011fil bizim ama diyor ki belediyede 5 kata ruhsatl\u0131 buras\u0131 o diyor ki uzay bo\u015flu\u011fu bizim olacak arkada\u015flar bu sorunlar \u00e7\u00f6z\u00fclmeden bu i\u015fi hayata ge\u00e7iremezsiniz \u015fimdi bu kentsel d\u00f6n\u00fc\u015f\u00fcm yasas\u0131 daha do\u011frusu bu \u00e7ar\u015f\u0131 projesini hayata ge\u00e7irmek i\u00e7in var.&rdquo; \u0130fadelerini kulland\u0131.<\/p><\/p>\n","protected":false},"excerpt":{"rendered":"<p> G\u00fclbahar S\u00dcNG\u00dc &#8211; Ad\u0131yaman&#8217;da devam eden \u00e7ar\u015f\u0131 projesi, esnaf aras\u0131nda tart\u0131\u015fmalara yol a\u00e7t\u0131. Esnaf ad\u0131na a\u00e7\u0131klamalarda bulunan Av. Ali Murat Bilgi\u00e7, projeye kar\u015f\u0131 olmad\u0131klar\u0131n\u0131, ancak uygulaman\u0131n usul\u00fcne uygun yap\u0131lmad\u0131\u011f\u0131n\u0131, vatanda\u015f\u0131n ve esnaf\u0131n g\u00f6r\u00fc\u015flerinin dikkate al\u0131nmad\u0131\u011f\u0131n\u0131 belirtti.<\/p>\n","protected":false},"author":1,"featured_media":6365,"comment_status":"open","ping_status":"open","sticky":false,"template":"","format":"standard","meta":{"om_disable_all_campaigns":false,"_monsterinsights_skip_tracking":false,"_monsterinsights_sitenote_active":false,"_monsterinsights_sitenote_note":"","_monsterinsights_sitenote_category":0,"footnotes":""},"categories":[1,11],"tags":[540,574,538,596,539],"aioseo_notices":[],"_links":{"self":[{"href":"https:\/\/www.hbrkahta.com\/index.php\/wp-json\/wp\/v2\/posts\/6364"}],"collection":[{"href":"https:\/\/www.hbrkahta.com\/index.php\/wp-json\/wp\/v2\/posts"}],"about":[{"href":"https:\/\/www.hbrkahta.com\/index.php\/wp-json\/wp\/v2\/types\/post"}],"author":[{"embeddable":true,"href":"https:\/\/www.hbrkahta.com\/index.php\/wp-json\/wp\/v2\/users\/1"}],"replies":[{"embeddable":true,"href":"https:\/\/www.hbrkahta.com\/index.php\/wp-json\/wp\/v2\/comments?post=6364"}],"version-history":[{"count":1,"href":"https:\/\/www.hbrkahta.com\/index.php\/wp-json\/wp\/v2\/posts\/6364\/revisions"}],"predecessor-version":[{"id":6366,"href":"https:\/\/www.hbrkahta.com\/index.php\/wp-json\/wp\/v2\/posts\/6364\/revisions\/6366"}],"wp:featuredmedia":[{"embeddable":true,"href":"https:\/\/www.hbrkahta.com\/index.php\/wp-json\/wp\/v2\/media\/6365"}],"wp:attachment":[{"href":"https:\/\/www.hbrkahta.com\/index.php\/wp-json\/wp\/v2\/media?parent=6364"}],"wp:term":[{"taxonomy":"category","embeddable":true,"href":"https:\/\/www.hbrkahta.com\/index.php\/wp-json\/wp\/v2\/categories?post=6364"},{"taxonomy":"post_tag","embeddable":true,"href":"https:\/\/www.hbrkahta.com\/index.php\/wp-json\/wp\/v2\/tags?post=6364"}],"curies":[{"name":"wp","href":"https:\/\/api.w.org\/{rel}","templated":true}]}}