{"id":6319,"date":"2024-08-14T17:12:00","date_gmt":"2024-08-14T14:12:00","guid":{"rendered":"https:\/\/www.hbrkahta.com\/?p=6319"},"modified":"2024-08-14T17:12:00","modified_gmt":"2024-08-14T14:12:00","slug":"ak-parti-adiyaman-teskilati-23-yildonumunu-kutladi","status":"publish","type":"post","link":"https:\/\/www.hbrkahta.com\/index.php\/2024\/08\/14\/ak-parti-adiyaman-teskilati-23-yildonumunu-kutladi\/","title":{"rendered":"AK Parti Ad\u0131yaman Te\u015fkilat\u0131 23. Y\u0131ld\u00f6n\u00fcm\u00fcn\u00fc Kutlad\u0131"},"content":{"rendered":"<p>AK Parti Ad\u0131yaman \u0130l Ba\u015fkanl\u0131\u011f\u0131, AK Parti\u2019nin 23. Kurulu\u015f y\u0131l d\u00f6n\u00fcm\u00fc dolay\u0131s\u0131yla AK Parti Ad\u0131yaman \u0130l Ba\u015fkanl\u0131\u011f\u0131nda bir kutlama program\u0131 yap\u0131ld\u0131. Programda konu\u015fma yapan AK Parti Ad\u0131yaman \u0130l Ba\u015fkan\u0131 Faruk B\u00fclent Kablan bu y\u0131lki y\u0131ld\u00f6n\u00fcm\u00fc temas\u0131n\u0131n &lsquo;Umudun ,\u0130craatin, Gelece\u011fin Ad\u0131d\u0131r AK Parti\u2019 olarak belirlendi\u011fini an\u0131msatarak \u015funlar\u0131 s\u00f6yledi:<\/p>\n<p>AK Parti\u2019mizin 23. Y\u0131l d\u00f6n\u00fcm\u00fcn\u00fc kutlad\u0131\u011f\u0131m\u0131z bug\u00fcn &lsquo;Umudun ,\u0130craatin, Gelece\u011fin Ad\u0131d\u0131r AK Parti\u2019 temas\u0131yla il Ba\u015fkanl\u0131\u011f\u0131m\u0131z Milletvekillerimizle, te\u015fkilat ba\u015fkanlar\u0131m\u0131zla, belediye Ba\u015fkanlar\u0131m\u0131zda, te\u015fkilat mensuplar\u0131m\u0131zla, g\u00f6n\u00fclda\u015flar\u0131m\u0131zla ve hem\u015fehrilerimizle birlikte olman\u0131n ve bu \u00f6zel g\u00fcn\u00fc hep birlikte kutlaman\u0131n mutlulu\u011funu ve bahtiyarl\u0131\u011f\u0131n\u0131 ya\u015f\u0131yoruz. Ak Partimiz, 14 A\u011fustos 2001&#8217;de milletin sinesinden &lsquo;Ayd\u0131nl\u0131\u011fa a\u00e7\u0131k, karanl\u0131\u011fa kapal\u0131\u2019 diyerek siyasi, sosyolojik, ekonomik istikrars\u0131zl\u0131k ve kaosun h&acirc;kim oldu\u011fu, umutsuzlu\u011fun, belirsizli\u011fin ve yasaklar\u0131n adeta karabasan gibi \u00e7\u00f6kt\u00fc\u011f\u00fc bir d\u00f6nemde milletin yeg&acirc;ne umudu olarak do\u011fmu\u015ftur. Say\u0131n Cumhurba\u015fkan\u0131m\u0131z ve Genel Ba\u015fkan\u0131m\u0131z Say\u0131n Recep Tayyip Erdo\u011fan&#8217;\u0131n liderli\u011finde &#8220;T\u00fcrkiye&#8217;de art\u0131k hi\u00e7bir \u015fey eskisi gibi olmayacak&#8221; s\u00f6z\u00fcn\u00fc vermi\u015f ve o g\u00fcnden sonra T\u00fcrkiye&#8217;de hi\u00e7bir \u015fey eskisi gibi olmam\u0131\u015ft\u0131r. Milletimiz liderimize ve partimize g\u00fcven duymu\u015f, liderimiz ve partimizin kadrolar\u0131 da bu g\u00fcvene hi\u00e7bir zaman g\u00f6lge d\u00fc\u015f\u00fcrmemi\u015ftir. AK Parti&#8217;yle birlikte siyaset rotas\u0131n\u0131 bulmu\u015f, \u00fclkemizde, merkezinde daha fazla demokrasinin, daha fazla \u00f6zg\u00fcrl\u00fcklerin, daha fazla ekonomik kalk\u0131nman\u0131n oldu\u011fu yeni bir d\u00f6nem ba\u015flam\u0131\u015ft\u0131r. Kendi milletini hor g\u00f6ren elitist anlay\u0131\u015f yerine hizmetkarl\u0131k yapmay\u0131 \u015feref payesi bilen bir d\u00fcnya g\u00f6r\u00fc\u015f\u00fcyle Say\u0131n Cumhurba\u015fkan\u0131m\u0131z ve Genel Ba\u015fkan\u0131m\u0131z Recep Tayyip Erdo\u011fan&#8217;\u0131n liderli\u011finde, onun yoluna inananlar ve yan\u0131nda y\u00fcr\u00fcyenlerin azmi, co\u015fkusu ve gayretiyle milletimizin g\u00fcven deste\u011fiyle bu 23 y\u0131lda b\u00fcy\u00fck ba\u015far\u0131lara imza atan partimiz her alanda ger\u00e7ekle\u015ftirdikleriyle hem de\u011fi\u015fimin hem d\u00f6n\u00fc\u015f\u00fcm\u00fcn hem de reformun ad\u0131 olmu\u015ftur. T\u00fcrkiye Cumhuriyeti tarihinin en uzun s\u00fcre iktidarda kalmay\u0131 ba\u015faran siyasi hareketi olan Ak Partimiz umudun ad\u0131 olmu\u015ftur. AK Parti gelece\u011fin partisidir. AK Parti umutlar\u0131n her daim ye\u015ferdi\u011fi partidir. AK Parti, eser siyasetiyle, yapt\u0131\u011f\u0131 icraatlar\u0131yla bug\u00fcnlere gelmi\u015f, dava ruhuyla yo\u011frulmu\u015f vatan evlatlar\u0131n\u0131n partisidir. Umudun, \u0130craat\u0131n ve Gelece\u011fin Ad\u0131 AK Parti dir. S\u00f6z\u00fcne ve ahdine sad\u0131k bir dava hareketi olarak, \u00f6z\u00fcne ve de\u011ferlerine daima sahip \u00e7\u0131kan Ak Partimiz Mayam\u0131z\u0131 atan, hamurumuzu yo\u011furan, kuma\u015f\u0131m\u0131z\u0131 dokuyan, destek ve dualar\u0131yla en zor g\u00fcnlerde s\u00fcrekli \u00fclkesinin ve de\u011ferlerinin koruyucusu olan milletimize daima minnet ve h\u00fcrmetle daha \u00e7ok \u00e7al\u0131\u015farak, daha fazla ko\u015fturarak, daha fazla hizmet etmeyi vazife bilmi\u015f ve bununla \u015feref duymu\u015ftur. \u00dclkemizin 81 vilayetinin tamam\u0131na, il\u00e7elerinizin her birine, beldelerden k\u00f6ylere kadar her kar\u0131\u015f\u0131n\u0131 eser ve hizmetlerle nak\u0131\u015f nak\u0131\u015f i\u015fleyen partimiz, T\u00fcrkiye\u2019yi aya\u011f\u0131na tak\u0131lan zincirlerinden kurtar\u0131p e\u011fitimde, sa\u011fl\u0131kta, adalette, g\u00fcvenlikte, ula\u015f\u0131mda, sanayide, ekonomide, tar\u0131mda, has\u0131l\u0131 hayat\u0131n her alan\u0131nda Ak Partiden \u00f6nce yap\u0131lan hizmetlerin katbekat fazlas\u0131n\u0131 23 y\u0131la s\u0131\u011fd\u0131rm\u0131\u015ft\u0131r. Say\u0131n Cumhurba\u015fkan\u0131m\u0131z ve Genel Ba\u015fkan\u0131m\u0131z Recep Tayyip Erdo\u011fan\u2019\u0131n g\u00f6sterdi\u011fi \u00fcst\u00fcn \u00e7abalarla g\u00f6n\u00fcl co\u011frafyam\u0131z \u00fclke s\u0131n\u0131rlar\u0131n\u0131 a\u015farak b\u00fct\u00fcn d\u00fcnya mazlumlar\u0131n\u0131n, dost ve karde\u015f co\u011frafyalar\u0131n\u0131 kapsam\u0131\u015ft\u0131r. Zul\u00fcm alt\u0131nda ya\u015fayan susturulmu\u015f, sessizle\u015ftirilmi\u015f toplumlar\u0131n g\u00f6z\u00fc kula\u011f\u0131 ve sesi olmu\u015ftur. Bug\u00fcn d\u00fcnyan\u0131n s\u00f6z\u00fcm ona demokratik ve \u00f6zg\u00fcr \u00fclkelerinin devletlerinin sessiz kald\u0131\u011f\u0131 hatta \u00e7e\u015fitli imkanlarla destekledi\u011fi, b\u00fct\u00fcn d\u00fcnyan\u0131n g\u00f6z\u00fc \u00f6n\u00fcnde ya\u015fanan Siyonist \u0130srail\u2019in sergiledi\u011fi tarihin en vah\u015fi zul\u00fcm ve soyk\u0131r\u0131m\u0131na tan\u0131k oluyoruz. Filistin topraklar\u0131nda ya\u015fanan bu soyk\u0131r\u0131m\u0131 en \u015fiddetli bir \u015fekilde k\u0131n\u0131yor ve sonuna kadar Cumhurba\u015fkan\u0131m\u0131z\u0131n yan\u0131nda oldu\u011fumuzu buradan Ad\u0131yaman Ak parti te\u015fkilat\u0131 ve partimiz g\u00f6n\u00fcll\u00fcleri olarak ifade ediyoruz. Hepimizin bildi\u011fi gibi asr\u0131n felaketi 6 \u015eubat depreminde en \u00e7ok zarar g\u00f6ren iller aras\u0131nda Ad\u0131yaman\u2019\u0131m\u0131z bulunmaktad\u0131r. Bu vesileyle bu felakette hayat\u0131n\u0131 kaybedenlere Allah\u2019tan rahmet diliyorum. Geride kalanlara sab\u0131rlar diliyorum. Say\u0131n Cumhurba\u015fkan\u0131m\u0131z ve Genel Ba\u015fkan\u0131m\u0131z Recep Tayyip Erdo\u011fan\u2019\u0131n \u015fehrimize olan \u00f6zel ilgisi ve talimatlar\u0131yla gerekli ad\u0131mlar at\u0131lm\u0131\u015f \u015fehir merkezinde kal\u0131c\u0131 konutlar\u0131n ve k\u00f6ylerimizde k\u00f6y evlerimizin in\u015faat\u0131na ba\u015flanm\u0131\u015ft\u0131r. \u00c7ok \u015f\u00fck\u00fcr bu in\u015faatlar\u0131m\u0131z h\u0131zla devam etmektedir. Bunlardan teslim edilenler ve yerle\u015fimin sa\u011fland\u0131\u011f\u0131 konutlar\u0131m\u0131z bulunmaktad\u0131r. K\u00f6ylerimizde \u00e7al\u0131\u015fmalar h\u0131zla devam etmektedir. Deprem nedeniyle altyap\u0131 ve \u00fcstyap\u0131larda da b\u00fcy\u00fck hasarlar meydana gelmi\u015ftir. Bu hasar ve zararlar da gerekti\u011finde bakanl\u0131klar\u0131m\u0131z\u0131n do\u011frudan m\u00fcdahale ve yap\u0131mlar\u0131 ile telafi edilmektedir. Ad\u0131yaman\u2019\u0131m\u0131z g\u00fczel g\u00fcnlerine ula\u015fmas\u0131 i\u00e7in Cumhurba\u015fkan\u0131m\u0131z\u0131n liderli\u011fi ve talimatlar\u0131yla b\u00fct\u00fcn birimleriyle h\u00fck\u00fcmetimiz s\u00fcratle \u00e7al\u0131\u015fmaktad\u0131r. Ad\u0131yaman\u2019\u0131m\u0131z\u0131n bizim ve \u00e7ocuklar\u0131m\u0131z i\u00e7in daha g\u00fczel ve ya\u015fanabilir bir \u015fehir olmas\u0131 i\u00e7in \u00c7ar\u015f\u0131 ve Meydan d\u00fczenlemesi gibi proje ve \u00e7al\u0131\u015fmalar yap\u0131lmaktad\u0131r. Adaleti ve kalk\u0131nmay\u0131 \u015fiar edinen, vatanda\u015f\u0131 \u00f6nceleyen, milli iradeyi ba\u015f tac\u0131 yapan partimizin umut \u00f6zelli\u011fi yolumuzun en parlak ayd\u0131nlat\u0131c\u0131s\u0131d\u0131r. Bug\u00fcne kadar yap\u0131lan ve bundan sonra yap\u0131lacak olan hizmet ve icraatlar Partimizin milletimizin g\u00f6nl\u00fcnde taht kurmas\u0131na vesile olmu\u015ftur. Umutlarla tomurcuklanan, icraatlarla ye\u015feren, mazisiyle gurur duyan AK Partimiz, gelecek kavram\u0131n\u0131 &lsquo;B\u00fcy\u00fck ve G\u00fc\u00e7l\u00fc T\u00fcrkiye&#8217;nin in\u015fas\u0131 yolunda inan\u00e7la \u015fekillendirmek i\u00e7in gayret ve \u00e7aba sarfetmektedir. AK Partimiz k\u00f6klerinden ald\u0131\u011f\u0131 g\u00fc\u00e7le; her daim daha g\u00fc\u00e7l\u00fc, her zaman yeni, hep diri ve gen\u00e7 bir partidir. Kuruldu\u011fundan bu yana i\u00e7eriden ve d\u0131\u015far\u0131dan onlarca hukuksuzluk, kumpas ve ihanetlerle kar\u015f\u0131la\u015fan partimiz, b\u00fct\u00fcn bu zorluklar\u0131 liderimiz Say\u0131n Cumhurba\u015fkan\u0131m\u0131z ve Genel Ba\u015fkan\u0131m\u0131z Recep Tayyip Erdo\u011fan&#8217;\u0131n \u00f6nc\u00fcl\u00fc\u011f\u00fcnde mahalle, il\u00e7e ve il te\u015fkilatlar\u0131yla, gen\u00e7lik ve kad\u0131n kollar\u0131yla birlik ve beraberlikle a\u015fm\u0131\u015f, b\u00fcy\u00fck ba\u015far\u0131lara imza atm\u0131\u015ft\u0131r. Partimiz, millet u\u011fruna, vatan u\u011fruna, fedakarl\u0131\u011f\u0131n simgesi olmu\u015ftur, olmaya devam edecektir. AK Parti sadece siyasi bir parti de\u011fil, bir ailedir, bir yuvad\u0131r. Bu ailenin ve yuvan\u0131n bir ferdi olmaktan b\u00fcy\u00fck bir k\u0131van\u00e7 duyuyoruz. Partimizin 23&#8217;\u00fcnc\u00fc gurur y\u0131l\u0131 vesileyle kurulu\u015fundan itibaren Parti te\u015fkilat\u0131m\u0131z\u0131n kademelerinde g\u00f6rev alm\u0131\u015f, partimize g\u00f6n\u00fcl vermi\u015f, davam\u0131z\u0131 savunmu\u015f il ve il\u00e7e ba\u015fkanlar\u0131m\u0131za, kad\u0131n kollar\u0131 ve gen\u00e7lik kollar\u0131 ba\u015fkanlar\u0131m\u0131za, te\u015fkilat \u00fcyelerimize, Belediye Ba\u015fkanlar\u0131m\u0131za, Milletvekillerimize, t\u00fcm arkada\u015flar\u0131m\u0131za, karde\u015flerimize, b\u00fcy\u00fcklerimize, han\u0131mefendilere te\u015fekk\u00fcr ediyorum. Bu s\u00fcre\u00e7te Ad\u0131yaman\u2019\u0131m\u0131zda ve \u00fclkemizin her k\u00f6\u015fesinde \u00e7e\u015fitli vesilerle, partimiz \u00e7al\u0131\u015fmalar\u0131n\u0131 y\u00fcr\u00fctmek ve y\u00fcceltmek i\u00e7in ko\u015ftururken, ba\u015fta 6 \u015eubat depremi olmak \u00fczere do\u011fal afetlerde vefat eden, b\u00f6l\u00fcc\u00fc ter\u00f6r \u00f6rg\u00fctlerinin kalle\u015f sald\u0131r\u0131lar\u0131nda \u015fehit d\u00fc\u015fen yol arkada\u015flar\u0131m\u0131za Allah&#8217;tan rahmet diliyorum, mekanlar\u0131 cennet olsun. Ailesinden, i\u015finden, mesaisinden, gerekti\u011finde sa\u011fl\u0131\u011f\u0131ndan fedak&acirc;rl\u0131k yaparak samimiyetle \u00e7al\u0131\u015fan, ko\u015fan, ko\u015fturan te\u015fkilat\u0131m\u0131z\u0131n b\u00fct\u00fcn kademelerinde g\u00f6rev alan, g\u00f6n\u00fcll\u00fc olan karde\u015flerimize ve en \u00f6nemlisi de bizden destek ve duas\u0131n\u0131 esirgemeyen hem\u015ferilerimize te\u015fekk\u00fcr ediyorum . AK Partimizin kurulu\u015funun 23. Y\u0131ld\u00f6n\u00fcm\u00fcn\u00fc kutluyor, milletimize hizmet edece\u011fimiz nice senelerin Ad\u0131yaman\u2019\u0131m\u0131za, hem\u015ferilerimize ve te\u015fkilatlar\u0131m\u0131za hay\u0131rl\u0131 olmas\u0131n\u0131 diliyorum.&rdquo; \u0130fadelerini kulland\u0131.<\/p>\n<p>Konu\u015fmalar\u0131n ard\u0131ndan Cumhurba\u015fkan\u0131 Recep Tayyip Erdo\u011fan\u2019\u0131n konu\u015fmas\u0131 partililere canl\u0131 olarak izletildi.<\/p><\/p>\n","protected":false},"excerpt":{"rendered":"<p> Rojin S\u00dcNG\u00dc- Mustafa Tekin-  AK Parti Ad\u0131yaman \u0130l Te\u015fkilat\u0131, AK Parti Ad\u0131yaman il Ba\u015fkanl\u0131\u011f\u0131nda AK Partinin 23. Y\u0131l d\u00f6n\u00fcm\u00fcn\u00fc kutlad\u0131.<\/p>\n","protected":false},"author":1,"featured_media":6320,"comment_status":"open","ping_status":"open","sticky":false,"template":"","format":"standard","meta":{"om_disable_all_campaigns":false,"_monsterinsights_skip_tracking":false,"_monsterinsights_sitenote_active":false,"_monsterinsights_sitenote_note":"","_monsterinsights_sitenote_category":0,"footnotes":""},"categories":[1,11],"tags":[935,151,540,535,129],"aioseo_notices":[],"_links":{"self":[{"href":"https:\/\/www.hbrkahta.com\/index.php\/wp-json\/wp\/v2\/posts\/6319"}],"collection":[{"href":"https:\/\/www.hbrkahta.com\/index.php\/wp-json\/wp\/v2\/posts"}],"about":[{"href":"https:\/\/www.hbrkahta.com\/index.php\/wp-json\/wp\/v2\/types\/post"}],"author":[{"embeddable":true,"href":"https:\/\/www.hbrkahta.com\/index.php\/wp-json\/wp\/v2\/users\/1"}],"replies":[{"embeddable":true,"href":"https:\/\/www.hbrkahta.com\/index.php\/wp-json\/wp\/v2\/comments?post=6319"}],"version-history":[{"count":1,"href":"https:\/\/www.hbrkahta.com\/index.php\/wp-json\/wp\/v2\/posts\/6319\/revisions"}],"predecessor-version":[{"id":6321,"href":"https:\/\/www.hbrkahta.com\/index.php\/wp-json\/wp\/v2\/posts\/6319\/revisions\/6321"}],"wp:featuredmedia":[{"embeddable":true,"href":"https:\/\/www.hbrkahta.com\/index.php\/wp-json\/wp\/v2\/media\/6320"}],"wp:attachment":[{"href":"https:\/\/www.hbrkahta.com\/index.php\/wp-json\/wp\/v2\/media?parent=6319"}],"wp:term":[{"taxonomy":"category","embeddable":true,"href":"https:\/\/www.hbrkahta.com\/index.php\/wp-json\/wp\/v2\/categories?post=6319"},{"taxonomy":"post_tag","embeddable":true,"href":"https:\/\/www.hbrkahta.com\/index.php\/wp-json\/wp\/v2\/tags?post=6319"}],"curies":[{"name":"wp","href":"https:\/\/api.w.org\/{rel}","templated":true}]}}