{"id":6313,"date":"2024-08-13T16:36:01","date_gmt":"2024-08-13T13:36:01","guid":{"rendered":"https:\/\/www.hbrkahta.com\/?p=6313"},"modified":"2024-08-13T16:36:01","modified_gmt":"2024-08-13T13:36:01","slug":"adiyaman-belediyesi-ve-akin-global-vakfi-arasinda-egitimde-is-birligi","status":"publish","type":"post","link":"https:\/\/www.hbrkahta.com\/index.php\/2024\/08\/13\/adiyaman-belediyesi-ve-akin-global-vakfi-arasinda-egitimde-is-birligi\/","title":{"rendered":"Ad\u0131yaman Belediyesi ve Ak\u0131n Global Vakf\u0131 aras\u0131nda e\u011fitimde i\u015f birli\u011fi"},"content":{"rendered":"<p><span><span><span><span>Ad\u0131yaman Belediye Ba\u015fkan\u0131 Abdurrahman Tutdere, Ak\u0131n Global E\u011fitim ve Yard\u0131m Vakf\u0131 (AGEYV) Ba\u015fkan\u0131 Mustafa Kemal Ak\u0131n\u2019\u0131 ziyaret ederek e\u011fitim alan\u0131nda yap\u0131lacak i\u015f birliklerini g\u00f6r\u00fc\u015ft\u00fc. G\u00f6r\u00fc\u015fmede, Ad\u0131yaman\u2019a kazand\u0131r\u0131lmas\u0131 planlanan kre\u015f binas\u0131n\u0131n yap\u0131m\u0131 ve e\u011fitim alan\u0131ndaki di\u011fer i\u015f birli\u011fi f\u0131rsatlar\u0131 ele al\u0131nd\u0131.<\/span><\/span><\/span><\/span><\/p>\n<p><span><span><span><span><span><span><span><span><span><span><span><span><span>Ba\u015fkan Tutdere, e\u011fitim alan\u0131nda yap\u0131lacak yat\u0131r\u0131mlar\u0131n, Ad\u0131yaman\u2019\u0131n gelece\u011fine yap\u0131lm\u0131\u015f en \u00f6nemli yat\u0131r\u0131mlar oldu\u011funu vurgulayarak; &lsquo;Ak\u0131n Global E\u011fitim ve Yard\u0131m Vakf\u0131 ile birlikte, Ad\u0131yaman\u2019da e\u011fitimde \u00f6nemli ad\u0131mlar ataca\u011f\u0131z. Kre\u015f projesi ba\u015fta olmak \u00fczere, bir\u00e7ok projeyi hayata ge\u00e7irmek i\u00e7in i\u015f birli\u011fimizi g\u00fc\u00e7lendirece\u011fiz\u2019 dedi.<\/span><\/span><\/span><\/span><\/span><\/span><\/span><\/span><\/span><\/span><\/span><\/span><\/span><\/p>\n<p><span><span><span><span><span><span><span><span><span><span><span><span><span>Ak\u0131n Global Vakf\u0131 Ba\u015fkan\u0131 Mustafa Kemal Ak\u0131n ise, \u015fehrin e\u011fitim olanaklar\u0131n\u0131n geli\u015ftirilmesine b\u00fcy\u00fck \u00f6nem verdiklerini belirterek, bu alanda yap\u0131lacak projelere her t\u00fcrl\u00fc deste\u011fi vermeye haz\u0131r olduklar\u0131n\u0131 ifade etti. &lsquo;Vak\u0131f olarak temel i\u015ftigal alan\u0131m\u0131z e\u011fitim, \u00e7\u00fcnk\u00fc e\u011fitimin \u00fclkemiz i\u00e7in \u00f6neminin fark\u0131nday\u0131z. 6 \u015eubat depremlerinde a\u011f\u0131r yara alan di\u011fer illerimizde oldu\u011fu gibi ata topra\u011f\u0131m\u0131z Ad\u0131yaman\u2019\u0131m\u0131zda e\u011fitim konusu \u015f\u00fcphesiz daha \u00f6ncelikli hale gelmi\u015ftir. Say\u0131n Ba\u015fkan\u0131m\u0131z Abdurrahman Tutdere\u2019nin e\u011fitim konusundaki hassasiyetini g\u00f6rmek bizi \u00e7ok mutlu etti. Kendilerinin de deste\u011fiyle ata topraklar\u0131m\u0131za kre\u015ften ba\u015flamak \u00fczere bir e\u011fitim kurumu kazand\u0131rmak da ayr\u0131ca mutluluk kayna\u011f\u0131 oldu\u2019 dedi.<\/span><\/span><\/span><\/span><\/span><\/span><\/span><\/span><\/span><\/span><\/span><\/span><\/span><\/p>\n<p><span><span><span><span><span><span><span><span><span><span><span><span><span>Ak\u0131n, kre\u015f projesiyle ilgili \u00f6n \u00e7al\u0131\u015fmay\u0131 yapmak \u00fczere en k\u0131sa zamanda Ad\u0131yaman\u2019\u0131 ziyaret edeceklerini s\u00f6zlerine ekledi.<\/span><\/span><\/span><\/span><\/span><\/span><\/span><\/span><\/span><\/span><\/span><\/span><\/span><\/p><\/p>\n","protected":false},"excerpt":{"rendered":"<p> Rabia KAR-Ad\u0131yaman Belediyesi ve  Ak\u0131n Global E\u011fitim ve Yard\u0131m Vakf\u0131 (AGEYV) e\u011fitim alan\u0131ndaki i\u015f birli\u011fi dolay\u0131s\u0131yla bir araya geldi.<\/p>\n","protected":false},"author":1,"featured_media":6314,"comment_status":"open","ping_status":"open","sticky":false,"template":"","format":"standard","meta":{"om_disable_all_campaigns":false,"_monsterinsights_skip_tracking":false,"_monsterinsights_sitenote_active":false,"_monsterinsights_sitenote_note":"","_monsterinsights_sitenote_category":0,"footnotes":""},"categories":[1,11],"tags":[559,803,540,312,973],"aioseo_notices":[],"_links":{"self":[{"href":"https:\/\/www.hbrkahta.com\/index.php\/wp-json\/wp\/v2\/posts\/6313"}],"collection":[{"href":"https:\/\/www.hbrkahta.com\/index.php\/wp-json\/wp\/v2\/posts"}],"about":[{"href":"https:\/\/www.hbrkahta.com\/index.php\/wp-json\/wp\/v2\/types\/post"}],"author":[{"embeddable":true,"href":"https:\/\/www.hbrkahta.com\/index.php\/wp-json\/wp\/v2\/users\/1"}],"replies":[{"embeddable":true,"href":"https:\/\/www.hbrkahta.com\/index.php\/wp-json\/wp\/v2\/comments?post=6313"}],"version-history":[{"count":1,"href":"https:\/\/www.hbrkahta.com\/index.php\/wp-json\/wp\/v2\/posts\/6313\/revisions"}],"predecessor-version":[{"id":6315,"href":"https:\/\/www.hbrkahta.com\/index.php\/wp-json\/wp\/v2\/posts\/6313\/revisions\/6315"}],"wp:featuredmedia":[{"embeddable":true,"href":"https:\/\/www.hbrkahta.com\/index.php\/wp-json\/wp\/v2\/media\/6314"}],"wp:attachment":[{"href":"https:\/\/www.hbrkahta.com\/index.php\/wp-json\/wp\/v2\/media?parent=6313"}],"wp:term":[{"taxonomy":"category","embeddable":true,"href":"https:\/\/www.hbrkahta.com\/index.php\/wp-json\/wp\/v2\/categories?post=6313"},{"taxonomy":"post_tag","embeddable":true,"href":"https:\/\/www.hbrkahta.com\/index.php\/wp-json\/wp\/v2\/tags?post=6313"}],"curies":[{"name":"wp","href":"https:\/\/api.w.org\/{rel}","templated":true}]}}