{"id":4707,"date":"2024-06-07T09:48:19","date_gmt":"2024-06-07T06:48:19","guid":{"rendered":"https:\/\/www.hbrkahta.com\/?p=4707"},"modified":"2024-06-07T09:48:19","modified_gmt":"2024-06-07T06:48:19","slug":"son-dakika-meteroloji-uzmani-oktenden-eyyam-i-bahur-uyarisi","status":"publish","type":"post","link":"https:\/\/www.hbrkahta.com\/index.php\/2024\/06\/07\/son-dakika-meteroloji-uzmani-oktenden-eyyam-i-bahur-uyarisi\/","title":{"rendered":"Son Dakika!!! Meteroloji Uzman\u0131 \u00d6kten\u2019den Eyyam-\u0131 Bahur Uyar\u0131s\u0131!"},"content":{"rendered":"<p>14 Haziran Cuma g\u00fcn\u00fc T\u00fcrkiye\u2019de \u00e7\u00f6l s\u0131caklar\u0131n\u0131n etkili olaca\u011f\u0131n\u0131 a\u00e7\u0131klayan Meteroloji Uzman\u0131 Kerem \u00d6kten\u2019in a\u00e7\u0131klamas\u0131 dikkat \u00e7ekti. X Platformu hesab\u0131nda payla\u015f\u0131mda bulunan \u00d6kten, \u201c14 Haziran\u2019da belam\u0131z\u0131 bulabiliriz. Umar\u0131m de\u011fi\u015fir. De\u011fi\u015fmezse; Eyyam-\u0131 Bah\u00fbr s\u0131caklar\u0131 gelecek\u2026\u201d dedi.<\/p>\n<p><b>T\u00fcrkiye\u2019ye 14 Haziran \u0130\u00e7in Eyyam-\u0131 Bahur Uyar\u0131s\u0131<\/b><\/p>\n<div>\n<div>\n<div>\n<p>Meteoroloji uzman\u0131 Kerem \u00d6kten, sosyal medya \u00fczerinden T\u00fcrkiye\u2019yi etkisi alt\u0131na alacak olan Eyyam-\u0131 Bahur s\u0131cakl\u0131klar\u0131 i\u00e7in \u00f6nemli bir uyar\u0131da bulundu. A\u015f\u0131r\u0131 s\u0131cak hava dalgas\u0131na kar\u015f\u0131 vatanda\u015flar\u0131n haz\u0131rl\u0131kl\u0131 olmalar\u0131 gerekti\u011fini s\u00f6yledi.\u00a0Kerem \u00d6kten, sosyal medya hesab\u0131ndan yapt\u0131\u011f\u0131 a\u00e7\u0131klamada, Eyyam-\u0131 Bahur s\u0131cakl\u0131klar\u0131n\u0131n yola \u00e7\u0131kt\u0131\u011f\u0131n\u0131 ve h\u0131z kesmeden T\u00fcrkiye\u2019ye do\u011fru ilerledi\u011fini belirtti. \u00d6kten, vatanda\u015flar\u0131n bu duruma kar\u015f\u0131 acilen haz\u0131rl\u0131k yapmalar\u0131 gerekti\u011fini vurgulad\u0131.\u00a0Eyyam-\u0131 Bahur, \u00f6zellikle yaz aylar\u0131nda g\u00f6r\u00fclen a\u015f\u0131r\u0131 s\u0131cak hava dalgalar\u0131 olarak biliniyor ve ciddi sa\u011fl\u0131k sorunlar\u0131na yol a\u00e7abiliyor. Bu nedenle, vatanda\u015flar\u0131n gerekli \u00f6nlemleri almas\u0131 ve \u00f6zellikle hassas gruplar\u0131n (\u00e7ocuklar, ya\u015fl\u0131lar, kronik hastal\u0131\u011f\u0131 olanlar) korunmas\u0131 b\u00fcy\u00fck \u00f6nem ta\u015f\u0131yor.<\/p>\n<p><img decoding=\"async\" src=\"https:\/\/www.hbrkahta.com\/wp-content\/uploads\/2024\/06\/son-dakika-meteroloji-uzmani-oktenden-eyyam-i-bahur-uyarisi-0-DS8gW4Gr.jpg\"\/><\/p>\n<p><b>Eyyam-\u0131 Bahur\u2019un Kronik Hastalar ve Sa\u011fl\u0131k \u00dczerindeki Etkileri<\/b><\/p>\n<p>Eyyam-\u0131 Bahur, yaz aylar\u0131n\u0131n en s\u0131cak d\u00f6nemini ifade eden bir deyimdir. Bu d\u00f6nem genellikle Temmuz ve A\u011fustos aylar\u0131nda ya\u015fan\u0131r ve hava s\u0131cakl\u0131klar\u0131n\u0131n en y\u00fcksek seviyelere \u00e7\u0131kt\u0131\u011f\u0131 g\u00fcnleri kapsar. S\u0131cakl\u0131klar\u0131n artmas\u0131yla birlikte nem oran\u0131n\u0131n da y\u00fckselmesi, \u00f6zellikle kronik hastal\u0131\u011f\u0131 olan bireyler i\u00e7in ciddi sa\u011fl\u0131k riskleri olu\u015fturur.\u00a0 Eyyam-\u0131 Bahur d\u00f6neminde kronik hastalar bu etkilerden korunmak \u015fu \u00f6nlemleri alabilir:<\/p>\n<p><b>1. Kardiyovask\u00fcler Hastal\u0131klar<\/b><\/p>\n<p>Y\u00fcksek s\u0131cakl\u0131klar, kalp ve damar hastal\u0131klar\u0131 olan bireyler i\u00e7in ciddi tehlikeler olu\u015fturur. S\u0131cak havalarda v\u00fccut, \u0131s\u0131s\u0131n\u0131 dengelemek i\u00e7in daha fazla \u00e7al\u0131\u015f\u0131r ve bu durum kalp \u00fczerine ekstra bir y\u00fck bindirir. Kan damarlar\u0131n\u0131n geni\u015flemesi, kan bas\u0131nc\u0131n\u0131n d\u00fc\u015fmesine ve kalbin daha h\u0131zl\u0131 atmas\u0131na neden olabilir. Bu da kalp krizi riskini art\u0131r\u0131r. \u00d6zellikle hipertansiyon, kalp yetmezli\u011fi ve koroner arter hastal\u0131\u011f\u0131 olan bireyler, Eyyam-\u0131 Bahur d\u00f6neminde daha dikkatli olmal\u0131d\u0131r.<\/p>\n<p><img decoding=\"async\" src=\"https:\/\/www.hbrkahta.com\/wp-content\/uploads\/2024\/06\/son-dakika-meteroloji-uzmani-oktenden-eyyam-i-bahur-uyarisi-1-SOPeQORv.jpg\"\/><\/p>\n<p><b>2. Solunum Yolu Hastal\u0131klar\u0131<\/b><\/p>\n<p>Y\u00fcksek s\u0131cakl\u0131k ve nem, solunum yolu hastal\u0131klar\u0131 olan bireylerin durumunu k\u00f6t\u00fcle\u015ftirebilir. Ast\u0131m, kronik obstr\u00fcktif akci\u011fer hastal\u0131\u011f\u0131 (KOAH) gibi rahats\u0131zl\u0131klar, s\u0131cak havalarda daha da \u015fiddetlenebilir. S\u0131cak hava, hava kirlili\u011fi seviyelerini art\u0131rarak solunum yolu tahri\u015fine neden olabilir ve bu da ast\u0131m ataklar\u0131n\u0131 tetikleyebilir.<\/p>\n<p><b>3. Diyabet<\/b><\/p>\n<p>Diyabet hastalar\u0131, y\u00fcksek s\u0131cakl\u0131klara kar\u015f\u0131 daha duyarl\u0131 olabilirler. S\u0131cak havalarda v\u00fccut, s\u0131v\u0131 kayb\u0131n\u0131 dengelemek i\u00e7in daha fazla terler ve bu da dehidrasyon riskini art\u0131r\u0131r. Dehidrasyon, kan \u015fekeri seviyelerinde dalgalanmalara neden olabilir ve diyabet y\u00f6netimini zorla\u015ft\u0131rabilir. Ayr\u0131ca, s\u0131cakl\u0131k nedeniyle ins\u00fclinin etkinli\u011fi de de\u011fi\u015febilir, bu nedenle diyabet hastalar\u0131n\u0131n ins\u00fclin saklama ko\u015fullar\u0131na daha fazla dikkat etmeleri gerekir.<\/p>\n<p><img decoding=\"async\" src=\"https:\/\/www.hbrkahta.com\/wp-content\/uploads\/2024\/06\/son-dakika-meteroloji-uzmani-oktenden-eyyam-i-bahur-uyarisi-2-wkv5ez5F.jpg\"\/><\/p>\n<p><b>4. B\u00f6brek Hastal\u0131klar\u0131<\/b><\/p>\n<p>S\u0131cak hava, b\u00f6brek hastalar\u0131 i\u00e7in de risklidir. Yeterli s\u0131v\u0131 al\u0131nmad\u0131\u011f\u0131nda v\u00fccut, b\u00f6breklerin \u00fczerindeki bask\u0131y\u0131 art\u0131r\u0131r ve bu da b\u00f6brek fonksiyonlar\u0131n\u0131n bozulmas\u0131na yol a\u00e7abilir. Dehidrasyon, b\u00f6brek ta\u015flar\u0131 olu\u015fumunu tetikleyebilir ve mevcut b\u00f6brek hastal\u0131klar\u0131n\u0131n ilerlemesine neden olabilir.<\/p>\n<p><img decoding=\"async\" src=\"https:\/\/www.hbrkahta.com\/wp-content\/uploads\/2024\/06\/son-dakika-meteroloji-uzmani-oktenden-eyyam-i-bahur-uyarisi-3-rDEVgde7.jpeg\"\/><\/p>\n<p><b>Korunma Yollar\u0131<\/b><\/p>\n<p>Eyyam-\u0131 Bahur d\u00f6neminde kronik hastalar\u0131n sa\u011fl\u0131\u011f\u0131n\u0131 korumak i\u00e7in al\u0131nabilecek baz\u0131 \u00f6nlemler \u015funlard\u0131r:<\/p>\n<ol>\n<li><strong>Yeterli S\u0131v\u0131 Al\u0131m\u0131:<\/strong> G\u00fcn boyunca bol su i\u00e7mek, dehidrasyonu \u00f6nlemek i\u00e7in \u00e7ok \u00f6nemlidir. \u015eekerli ve kafeinli i\u00e7eceklerden ka\u00e7\u0131n\u0131lmal\u0131d\u0131r.<\/li>\n<li><strong>Serin Ortamda Kalma:<\/strong> M\u00fcmk\u00fcn oldu\u011funca serin ve klimal\u0131 ortamlarda vakit ge\u00e7irmek, s\u0131cak \u00e7arpmas\u0131n\u0131 \u00f6nleyebilir.<\/li>\n<li><strong>G\u00fcne\u015ften Korunma:<\/strong> G\u00fcne\u015fin en g\u00fc\u00e7l\u00fc oldu\u011fu saatlerde d\u0131\u015far\u0131 \u00e7\u0131kmaktan ka\u00e7\u0131nmak, \u015fapka ve g\u00fcne\u015f g\u00f6zl\u00fc\u011f\u00fc gibi koruyucu giysiler kullanmak \u00f6nemlidir.<\/li>\n<li><strong>D\u00fczenli \u0130la\u00e7 Kullan\u0131m\u0131:<\/strong> \u0130la\u00e7lar\u0131n d\u00fczenli olarak al\u0131nmas\u0131 ve doktor \u00f6nerilerine uyulmas\u0131 gerekir. \u0130la\u00e7lar\u0131n saklama ko\u015fullar\u0131na dikkat edilmelidir.<\/li>\n<li><strong>Diyet ve Beslenme:<\/strong> Hafif ve sindirimi kolay yiyecekler tercih edilmelidir. A\u011f\u0131r ve ya\u011fl\u0131 yiyeceklerden ka\u00e7\u0131n\u0131lmal\u0131d\u0131r. (<strong>BSHA-Bilim Ve Sa\u011fl\u0131k Haber Ajans\u0131)<\/strong><\/li>\n<\/ol>\n<\/div>\n<\/div>\n<\/div>\n","protected":false},"excerpt":{"rendered":"<p>Meteoroloji Uzman\u0131 Kerem \u00d6ktem, sosyal medya hesab\u0131ndan yapt\u0131\u011f\u0131 payla\u015f\u0131mda Eyyam-\u0131 Bahur s\u0131caklar\u0131n\u0131n 14 Haziran&#8217;da etkili olaca\u011f\u0131n\u0131 duyurdu.<\/p>\n","protected":false},"author":1,"featured_media":4708,"comment_status":"open","ping_status":"open","sticky":false,"template":"","format":"standard","meta":{"om_disable_all_campaigns":false,"_monsterinsights_skip_tracking":false,"_monsterinsights_sitenote_active":false,"_monsterinsights_sitenote_note":"","_monsterinsights_sitenote_category":0,"footnotes":""},"categories":[1],"tags":[593,595,592,594,436],"aioseo_notices":[],"_links":{"self":[{"href":"https:\/\/www.hbrkahta.com\/index.php\/wp-json\/wp\/v2\/posts\/4707"}],"collection":[{"href":"https:\/\/www.hbrkahta.com\/index.php\/wp-json\/wp\/v2\/posts"}],"about":[{"href":"https:\/\/www.hbrkahta.com\/index.php\/wp-json\/wp\/v2\/types\/post"}],"author":[{"embeddable":true,"href":"https:\/\/www.hbrkahta.com\/index.php\/wp-json\/wp\/v2\/users\/1"}],"replies":[{"embeddable":true,"href":"https:\/\/www.hbrkahta.com\/index.php\/wp-json\/wp\/v2\/comments?post=4707"}],"version-history":[{"count":1,"href":"https:\/\/www.hbrkahta.com\/index.php\/wp-json\/wp\/v2\/posts\/4707\/revisions"}],"predecessor-version":[{"id":4713,"href":"https:\/\/www.hbrkahta.com\/index.php\/wp-json\/wp\/v2\/posts\/4707\/revisions\/4713"}],"wp:featuredmedia":[{"embeddable":true,"href":"https:\/\/www.hbrkahta.com\/index.php\/wp-json\/wp\/v2\/media\/4708"}],"wp:attachment":[{"href":"https:\/\/www.hbrkahta.com\/index.php\/wp-json\/wp\/v2\/media?parent=4707"}],"wp:term":[{"taxonomy":"category","embeddable":true,"href":"https:\/\/www.hbrkahta.com\/index.php\/wp-json\/wp\/v2\/categories?post=4707"},{"taxonomy":"post_tag","embeddable":true,"href":"https:\/\/www.hbrkahta.com\/index.php\/wp-json\/wp\/v2\/tags?post=4707"}],"curies":[{"name":"wp","href":"https:\/\/api.w.org\/{rel}","templated":true}]}}