{"id":4538,"date":"2024-05-31T17:48:09","date_gmt":"2024-05-31T14:48:09","guid":{"rendered":"https:\/\/www.hbrkahta.com\/?p=4538"},"modified":"2024-05-31T18:12:41","modified_gmt":"2024-05-31T15:12:41","slug":"keskten-filistine-yapilan-saldirilara-tepki-videolu-haber","status":"publish","type":"post","link":"https:\/\/www.hbrkahta.com\/index.php\/2024\/05\/31\/keskten-filistine-yapilan-saldirilara-tepki-videolu-haber\/","title":{"rendered":"KESK\u2019ten Filistin\u2019e yap\u0131lan sald\u0131r\u0131lara tepki  &#8211; Videolu Haber"},"content":{"rendered":"<p>E\u015f Ba\u015fkan Ayd\u0131n yapt\u0131\u011f\u0131 bas\u0131n a\u00e7\u0131klamas\u0131nda \u015fu ifadeleri kulland\u0131: \u201cSiyonist, \u0131rk\u00e7\u0131 \u0130srail H\u00fck\u00fcmeti uluslararas\u0131 emperyalist g\u00fc\u00e7lerden ald\u0131\u011f\u0131 destekle insanl\u0131k su\u00e7u i\u015flemeye devam ediyor. Son olarak \u0130srail Ordusu&#8217;nun 27 May\u0131s sabah\u0131 BM g\u00f6zetimindeki Refah Kamp\u0131nda yerlerinden edilmi\u015f Filistinlilerin ya\u015fad\u0131\u011f\u0131 bir yerle\u015fkeye y\u00f6nelik d\u00fczenledi\u011fi sald\u0131r\u0131 sonucu onlarca insan ya\u015fam\u0131n\u0131 yitirmi\u015f ve \u00e7ok say\u0131da ki\u015fi yaralanm\u0131\u015ft\u0131r. Katliam\u0131 lanetliyor, ya\u015fam\u0131n\u0131 yitirenlerin ailelerine ba\u015fsa\u011fl\u0131\u011f\u0131 ve yaral\u0131lara acil \u015fifalar diliyoruz. Silahs\u0131z ve sivil insanlara y\u00f6nelik bu son sald\u0131r\u0131n\u0131n Uluslararas\u0131 Adalet Divan\u0131&#8217;n\u0131n \u0130srail Ordusu&#8217;nun Refah B\u00f6lgesindeki operasyonlar\u0131n\u0131 durdurma karar\u0131n\u0131 vermesinden k\u0131sa bir s\u00fcre sonra ger\u00e7ekle\u015fmi\u015f olmas\u0131 manidard\u0131r. \u0130srail a\u00e7\u0131k\u00e7a d\u00fcnyaya meydan okumakta, insanl\u0131k de\u011ferlerini ayaklar alt\u0131na alarak katliamlara devam edece\u011fini ilan etmektedir. \u0130srail ordusunun Gazze \u015eeridi&#8217;ne 7 Ekim 2023&#8217;ten bu yana d\u00fczenledi\u011fi sald\u0131r\u0131larda \u00e7ok b\u00fcy\u00fck \u00e7o\u011funlu\u011fu \u00e7ocuk ve kad\u0131nlardan olu\u015fan 36 bini a\u015fk\u0131n sivil hayat\u0131n\u0131 kaybetmi\u015f, 82 bine yak\u0131n insan yaralanm\u0131\u015ft\u0131r. Yap\u0131lan sald\u0131r\u0131lar insani de\u011ferlerden yoksunlu\u011fu ve bir barbarl\u0131\u011f\u0131 temsil etmektedir. A\u00e7\u0131kt\u0131r ki, \u0130srail sava\u015f ve insanl\u0131k su\u00e7u i\u015flemektedir. \u0130srail sald\u0131r\u0131lar\u0131 nedeniyle ya\u015fam\u0131n\u0131 yitirenlerin konaca\u011f\u0131 morgun, yaral\u0131lar\u0131n tedavi g\u00f6rece\u011fi hastanelerin dahi kalmam\u0131\u015f olmas\u0131 nas\u0131l bir insanl\u0131k trajedisi ile kar\u015f\u0131 kar\u015f\u0131ya kald\u0131\u011f\u0131m\u0131z\u0131 g\u00f6stermektedir. Sava\u015ftan kazanan sadece sava\u015f t\u00fcccarlar\u0131, halk\u0131n s\u0131rt\u0131ndan zenginle\u015fenler, \u00fclkeyi sava\u015fla, \u00e7at\u0131\u015fmalarla, toplumsal kutupla\u015fmalarla ve bask\u0131yla y\u00f6neten rejimlerdir. \u0130nsanl\u0131k bu barbarl\u0131\u011f\u0131 durdurmak sorumlulu\u011fu ve g\u00f6reviyle kar\u015f\u0131 kar\u015f\u0131yad\u0131r. Ya bu katliamlar ve barbarl\u0131k durdurulacak ya da i\u015flenen sava\u015f su\u00e7lar\u0131na ortak olunacakt\u0131r. Yeni katliamlar\u0131n ya\u015fanmamas\u0131, sivillerin \u00f6l\u00fcm\u00fcne yol a\u00e7an sald\u0131r\u0131lar\u0131n talimatlar\u0131n\u0131 verenlerin sava\u015f su\u00e7lar\u0131 mahkemesinde yarg\u0131lanmalar\u0131 i\u00e7in derhal giri\u015fimlerde bulunulmal\u0131d\u0131r. \u0130srail h\u00fck\u00fcmetinin sald\u0131r\u0131lar\u0131 durdurulmal\u0131, ate\u015fkes sa\u011flanmal\u0131, insani yard\u0131mlara y\u00f6nelik engellemeler kald\u0131r\u0131lmal\u0131, sorunlar\u0131n bar\u0131\u015f ve diyalog yoluyla \u00e7\u00f6z\u00fcm\u00fc esas al\u0131nmal\u0131d\u0131r. Halklar\u0131n g\u00fcvenlik ve refah i\u00e7inde ya\u015famas\u0131n\u0131n tek yolu kal\u0131c\u0131 ve adil bar\u0131\u015ft\u0131r. Filistin halk\u0131 d\u00fcnyadan ve T\u00fcrkiye\u2019den hamaset ve timsah g\u00f6zya\u015flar\u0131 de\u011fil, \u00e7\u00f6z\u00fcm i\u00e7in acil somut ad\u0131mlar at\u0131lmas\u0131n\u0131 beklemektedir. Bunun i\u00e7in; Filistin halk\u0131na y\u00f6nelik abluka derhal kald\u0131r\u0131lmal\u0131d\u0131r. \u0130srail i\u015fgal etti\u011fi topraklardan geri \u00e7ekilmelidir. \u0130srail ile yap\u0131lan siyasi, askeri ve ekonomik t\u00fcm anla\u015fmalar iptal edilmelidir. Filistin halk\u0131n\u0131n e\u015fit, \u00f6zg\u00fcr bir Filistin\u2019i yaratmak i\u00e7in i\u015fgalci Siyonist \u0130srail\u2019e ve emperyalizme kar\u015f\u0131 y\u00fcr\u00fctt\u00fc\u011f\u00fc ba\u011f\u0131ms\u0131zl\u0131k m\u00fccadelesinin yan\u0131nday\u0131z. Filistin halk\u0131na ekonomik, sosyal her t\u00fcrl\u00fc destek sa\u011flanmal\u0131d\u0131r. Filistinlilerin hak e\u015fitli\u011fini tan\u0131mayan hi\u00e7bir \u2018\u00e7\u00f6z\u00fcm\u2019 kabul edilmemelidir. Emek ve Demokrasi g\u00fc\u00e7leri olarak; Filistin halk\u0131 ve emek\u00e7ileriyle dayan\u0131\u015fma i\u00e7erisinde olmaya, sava\u015fa kar\u015f\u0131 bar\u0131\u015f\u0131 savunmaya, bunun i\u00e7in m\u00fccadeleyi, dayan\u0131\u015fmay\u0131 y\u00fckseltmeye devam edece\u011fiz.\u201d<\/p>\n<\/p>\n<p>Kaynak : PHA<\/p>\n","protected":false},"excerpt":{"rendered":"<p>ADIYAMAN (PHA) &#8211; KESK Ad\u0131yaman \u015eubeler Platformu D\u00f6nem S\u00f6zc\u00fcs\u00fc ses \u015fube e\u015f ba\u015fkan\u0131 \u0130brahim Halil Ayd\u0131n Filistin\u2019e yap\u0131lan sald\u0131r\u0131lar i\u00e7in bas\u0131n a\u00e7\u0131klamas\u0131nda bulundu.<\/p>\n","protected":false},"author":1,"featured_media":4539,"comment_status":"open","ping_status":"open","sticky":false,"template":"","format":"standard","meta":{"om_disable_all_campaigns":false,"_monsterinsights_skip_tracking":false,"_monsterinsights_sitenote_active":false,"_monsterinsights_sitenote_note":"","_monsterinsights_sitenote_category":0,"footnotes":""},"categories":[1,11],"tags":[533,172,534,165,532],"aioseo_notices":[],"_links":{"self":[{"href":"https:\/\/www.hbrkahta.com\/index.php\/wp-json\/wp\/v2\/posts\/4538"}],"collection":[{"href":"https:\/\/www.hbrkahta.com\/index.php\/wp-json\/wp\/v2\/posts"}],"about":[{"href":"https:\/\/www.hbrkahta.com\/index.php\/wp-json\/wp\/v2\/types\/post"}],"author":[{"embeddable":true,"href":"https:\/\/www.hbrkahta.com\/index.php\/wp-json\/wp\/v2\/users\/1"}],"replies":[{"embeddable":true,"href":"https:\/\/www.hbrkahta.com\/index.php\/wp-json\/wp\/v2\/comments?post=4538"}],"version-history":[{"count":1,"href":"https:\/\/www.hbrkahta.com\/index.php\/wp-json\/wp\/v2\/posts\/4538\/revisions"}],"predecessor-version":[{"id":4540,"href":"https:\/\/www.hbrkahta.com\/index.php\/wp-json\/wp\/v2\/posts\/4538\/revisions\/4540"}],"wp:featuredmedia":[{"embeddable":true,"href":"https:\/\/www.hbrkahta.com\/index.php\/wp-json\/wp\/v2\/media\/4539"}],"wp:attachment":[{"href":"https:\/\/www.hbrkahta.com\/index.php\/wp-json\/wp\/v2\/media?parent=4538"}],"wp:term":[{"taxonomy":"category","embeddable":true,"href":"https:\/\/www.hbrkahta.com\/index.php\/wp-json\/wp\/v2\/categories?post=4538"},{"taxonomy":"post_tag","embeddable":true,"href":"https:\/\/www.hbrkahta.com\/index.php\/wp-json\/wp\/v2\/tags?post=4538"}],"curies":[{"name":"wp","href":"https:\/\/api.w.org\/{rel}","templated":true}]}}