{"id":4529,"date":"2024-05-29T16:33:15","date_gmt":"2024-05-29T13:33:15","guid":{"rendered":"https:\/\/www.hbrkahta.com\/?p=4529"},"modified":"2024-05-30T16:33:47","modified_gmt":"2024-05-30T13:33:47","slug":"adiyamanda-saglik-sen-acik-ara-farkla-yetkiyi-percinledi","status":"publish","type":"post","link":"https:\/\/www.hbrkahta.com\/index.php\/2024\/05\/29\/adiyamanda-saglik-sen-acik-ara-farkla-yetkiyi-percinledi\/","title":{"rendered":"Ad\u0131yaman&#8217;da Sa\u011fl\u0131k-Sen a\u00e7\u0131k ara farkla yetkiyi per\u00e7inledi"},"content":{"rendered":"\n<p>ADIYAMAN (PHA) &#8211; Sa\u011fl\u0131k-Sen Ad\u0131yaman \u015eube Ba\u015fkan\u0131 Yakub \u00c7elik, Sa\u011fl\u0131k-Sen Ad\u0131yaman \u015eubesinin 2024 May\u0131s ay\u0131 itibariyle ula\u015ft\u0131\u011f\u0131 3505 \u00fcye ile a\u00e7\u0131k ara farkla yetkiyi per\u00e7inlediklerini a\u00e7\u0131klad\u0131.<\/p>\n\n\n\n<p>2024 May\u0131s ay\u0131 itibariyle Sa\u011fl\u0131k-Sen Ad\u0131yaman \u015eubemiz 3505 \u00fcye say\u0131s\u0131 ile \u0130l Sa\u011fl\u0131k M\u00fcd\u00fcrl\u00fc\u011f\u00fc, Aile ve Sosyal Hizmetler \u0130l M\u00fcd\u00fcrl\u00fc\u011f\u00fc, Ad\u0131yaman \u00dcniversitesi ve ba\u011fl\u0131 b\u00fct\u00fcn kurulu\u015f ve hastanelerde a\u00e7\u0131k ara farkla yetkinin emim ellerde oldu\u011funu belirten Sa\u011fl\u0131k-Sen Ad\u0131yaman \u015eube Ba\u015fkan\u0131 Yakub \u00c7elik, Sa\u011fl\u0131k-Sen\u2019in hak temelli m\u00fccadelesini her zaman ve her zeminde te\u015fkilat\u0131n deste\u011fi ile teredd\u00fcts\u00fcz ve etkin bir \u015fekilde s\u00fcrd\u00fcrmeye devam edeceklerini s\u00f6yledi.<br>&#8220;Davam\u0131za g\u00f6n\u00fcl vermi\u015f t\u00fcm \u00fcyelerimize y\u00fcrekten te\u015fekk\u00fcr ederim&#8221;<br>&#8220;Bu ba\u015far\u0131 te\u015fkilat\u0131m\u0131z\u0131n ortak ba\u015far\u0131s\u0131d\u0131r, hepinizi ayr\u0131 ayr\u0131 tebrik ederim&#8221;diyen Sa\u011fl\u0131k-Sen Ad\u0131yaman \u015eube Ba\u015fkan\u0131 Yakub \u00c7elik,&#8221;2024 May\u0131s ay\u0131 itibariyle Sa\u011fl\u0131k-Sen Ad\u0131yaman \u015fubemiz 3505 \u00fcye say\u0131s\u0131 ile; \u0130l Sa\u011fl\u0131k M\u00fcd\u00fcrl\u00fc\u011f\u00fc, Aile ve Sosyal Hizmetler \u0130l M\u00fcd\u00fcrl\u00fc\u011f\u00fc, Ad\u0131yaman \u00dcniversitesi ve ba\u011fl\u0131 b\u00fct\u00fcn kurulu\u015f ve Hastanelerde a\u00e7\u0131k ara farkla yetkiyi per\u00e7inlemi\u015ftir. Bizlere g\u00fcvenip, her zaman yan\u0131m\u0131zda olan ve \u00fcyelikleri ile bu ba\u015far\u0131ya imza atan, en ba\u015fta \u00e7ok de\u011ferli Sa\u011fl\u0131k- Sen \u00fcyelerimize, bu ba\u015far\u0131da \u00e7ok eme\u011fi olan Sa\u011fl\u0131k-Sen Genel Ba\u015fkan Yard\u0131mc\u0131m\u0131z Say\u0131n Yasin Barut\u00e7u ba\u015fkan\u0131m\u0131za, Y\u00f6netim Kurulu \u00dcyesi arkada\u015flar\u0131ma, \u0130l\u00e7e Ba\u015fkanlar\u0131m\u0131za ve il\u00e7e te\u015fkilatlar\u0131m\u0131za, Kad\u0131n Kollar\u0131 Ba\u015fkan\u0131m\u0131z ve y\u00f6netimine, Gen\u00e7lik Kollar\u0131 Ba\u015fkan\u0131m\u0131z ve y\u00f6netimine, \u0130\u015f Yeri Temsilcisi arkada\u015flar\u0131ma, Denetleme ve Disiplin Kurulu \u00fcyesi arkada\u015flar\u0131ma ve davam\u0131za g\u00f6n\u00fcl vermi\u015f t\u00fcm \u00fcyelerimize y\u00fcrekten te\u015fekk\u00fcr ederim. &nbsp;Sa\u011fl\u0131k-Sen\u2019in hak temelli m\u00fccadelesini her zaman ve her zeminde te\u015fkilat\u0131m\u0131z\u0131n deste\u011fi ile teredd\u00fcts\u00fcz ve etkin bir \u015fekilde s\u00fcrd\u00fcrmeye devam edece\u011fimizi buradan ifade etmek isterim. Bu ba\u015far\u0131 te\u015fkilat\u0131m\u0131z\u0131n ortak ba\u015far\u0131s\u0131d\u0131r, hepinizi ayr\u0131 ayr\u0131 tebrik eder, sayg\u0131lar sunar\u0131m.&#8221; \u015eeklinde konu\u015ftu.<\/p>\n","protected":false},"excerpt":{"rendered":"<p>ADIYAMAN (PHA) &#8211; Sa\u011fl\u0131k-Sen Ad\u0131yaman \u015eube Ba\u015fkan\u0131 Yakub \u00c7elik, Sa\u011fl\u0131k-Sen Ad\u0131yaman \u015eubesinin 2024 May\u0131s ay\u0131 itibariyle ula\u015ft\u0131\u011f\u0131 3505 \u00fcye ile a\u00e7\u0131k ara farkla yetkiyi per\u00e7inlediklerini a\u00e7\u0131klad\u0131. 2024 May\u0131s ay\u0131 itibariyle Sa\u011fl\u0131k-Sen Ad\u0131yaman \u015eubemiz 3505 \u00fcye say\u0131s\u0131 ile \u0130l Sa\u011fl\u0131k M\u00fcd\u00fcrl\u00fc\u011f\u00fc, Aile ve Sosyal Hizmetler \u0130l M\u00fcd\u00fcrl\u00fc\u011f\u00fc, Ad\u0131yaman \u00dcniversitesi ve ba\u011fl\u0131 b\u00fct\u00fcn kurulu\u015f ve hastanelerde a\u00e7\u0131k [&hellip;]<\/p>\n","protected":false},"author":1,"featured_media":4530,"comment_status":"open","ping_status":"open","sticky":false,"template":"","format":"standard","meta":{"om_disable_all_campaigns":false,"_monsterinsights_skip_tracking":false,"_monsterinsights_sitenote_active":false,"_monsterinsights_sitenote_note":"","_monsterinsights_sitenote_category":0,"footnotes":""},"categories":[1,11,13],"tags":[],"aioseo_notices":[],"_links":{"self":[{"href":"https:\/\/www.hbrkahta.com\/index.php\/wp-json\/wp\/v2\/posts\/4529"}],"collection":[{"href":"https:\/\/www.hbrkahta.com\/index.php\/wp-json\/wp\/v2\/posts"}],"about":[{"href":"https:\/\/www.hbrkahta.com\/index.php\/wp-json\/wp\/v2\/types\/post"}],"author":[{"embeddable":true,"href":"https:\/\/www.hbrkahta.com\/index.php\/wp-json\/wp\/v2\/users\/1"}],"replies":[{"embeddable":true,"href":"https:\/\/www.hbrkahta.com\/index.php\/wp-json\/wp\/v2\/comments?post=4529"}],"version-history":[{"count":1,"href":"https:\/\/www.hbrkahta.com\/index.php\/wp-json\/wp\/v2\/posts\/4529\/revisions"}],"predecessor-version":[{"id":4531,"href":"https:\/\/www.hbrkahta.com\/index.php\/wp-json\/wp\/v2\/posts\/4529\/revisions\/4531"}],"wp:featuredmedia":[{"embeddable":true,"href":"https:\/\/www.hbrkahta.com\/index.php\/wp-json\/wp\/v2\/media\/4530"}],"wp:attachment":[{"href":"https:\/\/www.hbrkahta.com\/index.php\/wp-json\/wp\/v2\/media?parent=4529"}],"wp:term":[{"taxonomy":"category","embeddable":true,"href":"https:\/\/www.hbrkahta.com\/index.php\/wp-json\/wp\/v2\/categories?post=4529"},{"taxonomy":"post_tag","embeddable":true,"href":"https:\/\/www.hbrkahta.com\/index.php\/wp-json\/wp\/v2\/tags?post=4529"}],"curies":[{"name":"wp","href":"https:\/\/api.w.org\/{rel}","templated":true}]}}