{"id":4489,"date":"2024-05-24T10:10:00","date_gmt":"2024-05-24T07:10:00","guid":{"rendered":"https:\/\/www.hbrkahta.com\/?p=4489"},"modified":"2024-05-24T17:10:40","modified_gmt":"2024-05-24T14:10:40","slug":"baskan-kayadan-is-kazalari-ile-ilgili-aciklama","status":"publish","type":"post","link":"https:\/\/www.hbrkahta.com\/index.php\/2024\/05\/24\/baskan-kayadan-is-kazalari-ile-ilgili-aciklama\/","title":{"rendered":"Ba\u015fkan Kaya\u2019dan \u201c\u0130\u015f Kazalar\u0131\u201d ile ilgili a\u00e7\u0131klama"},"content":{"rendered":"\n<p>ADIYAMAN (PHA) &#8211; Ad\u0131yaman\u2019da i\u015f kazalar\u0131n\u0131n y\u00fczde 98\u2019i tedbirler al\u0131n\u0131rsa \u00f6nlenebilir.<\/p>\n\n\n\n<p>6 \u015eubat deprem felaketi sonras\u0131 ba\u015flayan in\u015faat \u015fantiyeleri can kay\u0131plar\u0131na devam ediyor. Ya\u015fanan can kay\u0131plar\u0131na ili\u015fkin a\u00e7\u0131klamalarda bulunan \u0130n\u015faat M\u00fchendisleri Odas\u0131 Ad\u0131yaman \u0130l Temsilcisi Tuncay Kaya s\u00fcre\u00e7le can kay\u0131plar\u0131yla ilgili \u015fu ifadelere yer verdi; \u201c\u0130limiz Ad\u0131yaman\u2019da 6 \u015eubat Depremleri sonras\u0131nda yap\u0131lmaya ba\u015flanan kal\u0131c\u0131 konut \u015fantiyelerinde \u00e7ok say\u0131da i\u015f\u00e7i hayat\u0131n\u0131 kaybetmi\u015ftir. \u015eantiyelerde al\u0131nmayan \u00f6nlemler, yap\u0131lmayan denetimler can kay\u0131plar\u0131na sebep olmaktad\u0131r. \u00d6zellikle Kule vin\u00e7 ve \u0130\u015f makinelerinden kaynakl\u0131 ya\u015fanan i\u015f kazalar\u0131 ne yaz\u0131k ki \u00f6l\u00fcmle sonu\u00e7lanm\u0131\u015ft\u0131r. Bu da g\u00f6stermektedir ki denetim yap\u0131lmamaktad\u0131r. Yurt d\u0131\u015f\u0131nda kullan\u0131m \u00f6mr\u00fcn\u00fc tamamlayan kule vin\u00e7ler kullan\u0131lmazken \u00fclkemizde ve ilimizde 10-20 y\u0131l aras\u0131 \u00e7al\u0131\u015fm\u0131\u015f kule vin\u00e7ler kullan\u0131lmaktad\u0131r. Kule vin\u00e7lerin bak\u0131mlar\u0131 ve denetimleri ne yaz\u0131k ki yeterince yap\u0131lmamaktad\u0131r. Odam\u0131z ve Temsilcili\u011fimiz defalarca belirtmi\u015f ve vurgulam\u0131\u015ft\u0131r ki yap\u0131lan bilimsel ara\u015ft\u0131rmalar, meydana gelen i\u015f kazalar\u0131n\u0131n y\u00fczde 50\u2019sinin \u201ckolayl\u0131kla\u201d, y\u00fczde 48\u2019inin de sistemli bir \u00e7al\u0131\u015fma ile \u00f6nlenebilece\u011fini ortaya \u00e7\u0131karmaktad\u0131r. \u00d6zetle diyebiliriz ki ara\u015ft\u0131rmalar, i\u015f kazalar\u0131n\u0131n tedbirler al\u0131n\u0131rsa %98\u2019inin \u00f6nlenebilece\u011fini g\u00f6stermektedir. Ancak ne yaz\u0131kt\u0131r ki t\u00fcm bu ger\u00e7eklere ra\u011fmen i\u015f kazalar\u0131 eksilmeden devam etmektedir. \u0130\u015f\u00e7i Sa\u011fl\u0131\u011f\u0131 \u0130\u015f G\u00fcvenli\u011fi Meclisi\u2019nin raporlar\u0131na g\u00f6re, 2023 y\u0131l\u0131nda 1932 i\u015f\u00e7i hayat\u0131n\u0131 kaybetmi\u015ftir ve %20 ile in\u015faat i\u015f kolu birinci s\u0131radad\u0131r.bYap\u0131 \u00fcretim s\u00fcreci, insan i\u015f g\u00fcc\u00fc eme\u011fine dayal\u0131 bir sekt\u00f6rd\u00fcr; sekt\u00f6rdeki kazalar\u0131n azalt\u0131lmas\u0131 ve \u00f6nlenmesi i\u00e7in tedbirlerin bilimsel ve uygulanabilir olmas\u0131 \u015fartt\u0131r. Al\u0131nacak tedbirler proje \u00fcretim a\u015famas\u0131ndan ba\u015flayarak b\u00fct\u00fcn \u00fcretim safhalar\u0131n\u0131 i\u00e7erecek \u015fekilde insan hayat\u0131n\u0131 korumaya y\u00f6nelik olmal\u0131d\u0131r. Ve i\u015fverenlerin konuya maliyet hesaplar\u0131 \u00fczerinden yakla\u015fmas\u0131 engellenmelidir. \u00dclkemizde i\u015f\u00e7i sa\u011fl\u0131\u011f\u0131 ve i\u015f g\u00fcvenli\u011fi konusunda b\u00fct\u00fcnc\u00fcl, \u00e7\u00f6z\u00fcmc\u00fc, insan odakl\u0131 bir yakla\u015f\u0131m sergilenemedi\u011finden al\u0131nan \u00f6nlemler yetersiz kalmakta, i\u015f kazalar\u0131n\u0131n \u00f6n\u00fcne ge\u00e7ilememektedir. \u0130ktidar\u0131n mevzuat eksikliklerini bir an \u00f6nce gidererek s\u00fcrd\u00fcr\u00fclebilir bir \u00fcretim s\u00fcreci sa\u011flamas\u0131 zaruridir. Odam\u0131z\u0131n hayata ge\u00e7irdi\u011fi \u201cher \u015fantiyeye bir \u015fef\u201d kampanyas\u0131 ile \u015fantiye \u015fefli\u011finin tam zamanl\u0131 bir g\u00f6rev oldu\u011funu, bunun i\u015f kazalar\u0131n\u0131 \u00f6nlemekte de etkin tedbirlerden biri olaca\u011f\u0131n\u0131 tekrar vurgulamak isteriz.Emek\u00e7ilerin i\u015fg\u00fcc\u00fc ile yap\u0131lan her t\u00fcrl\u00fc \u00fcretimde, emek\u00e7ilerin can g\u00fcvenli\u011fi her \u015feyden \u00f6nce gelmelidir.&nbsp; Unutulmamal\u0131d\u0131r ki ihmal edilen her konu insan hayat\u0131na mal olabilmektedir. \u00d6nlem almamak yeni \u00f6l\u00fcmlere davetiye \u00e7\u0131karmak demektir.\u0130n\u015faat M\u00fchendisleri Odas\u0131 ya\u015fanan olaylar\u0131n \u00fczerinde titizlikle durmaktad\u0131r; \u0130n\u015faat M\u00fchendisleri Odas\u0131 Ad\u0131yaman Temsilcili\u011fi olarak ilimizde neredeyse her hafta bir ba\u015fka cana mal olan bu i\u015f cinayetlerinin s\u0131k\u0131 takip\u00e7isi olaca\u011f\u0131m\u0131z\u0131 kamuoyuna duyururuz. \u00c7al\u0131\u015fma ve Sosyal G\u00fcvenlik Bakanl\u0131\u011f\u0131 ve \u0130l M\u00fcd\u00fcrl\u00fc\u011f\u00fc\u2019ne \u00e7a\u011fr\u0131m\u0131zd\u0131r; \u015eantiyelerde \u0130\u015f\u00e7i Sa\u011fl\u0131\u011f\u0131 ve \u0130\u015f G\u00fcvenli\u011fi \u00f6nlemleri denetlenmelidir. Depremlerde fazlas\u0131yla ya\u015fad\u0131\u011f\u0131m\u0131z ac\u0131lar\u0131, i\u015f kazalar\u0131 ile tekrardan ya\u015famak istemiyoruz.\u201d dedi.<\/p>\n\n\n\n<p>Kaynak : PHA<\/p>\n","protected":false},"excerpt":{"rendered":"<p>ADIYAMAN (PHA) &#8211; Ad\u0131yaman\u2019da i\u015f kazalar\u0131n\u0131n y\u00fczde 98\u2019i tedbirler al\u0131n\u0131rsa \u00f6nlenebilir. 6 \u015eubat deprem felaketi sonras\u0131 ba\u015flayan in\u015faat \u015fantiyeleri can kay\u0131plar\u0131na devam ediyor. Ya\u015fanan can kay\u0131plar\u0131na ili\u015fkin a\u00e7\u0131klamalarda bulunan \u0130n\u015faat M\u00fchendisleri Odas\u0131 Ad\u0131yaman \u0130l Temsilcisi Tuncay Kaya s\u00fcre\u00e7le can kay\u0131plar\u0131yla ilgili \u015fu ifadelere yer verdi; \u201c\u0130limiz Ad\u0131yaman\u2019da 6 \u015eubat Depremleri sonras\u0131nda yap\u0131lmaya ba\u015flanan kal\u0131c\u0131 konut [&hellip;]<\/p>\n","protected":false},"author":1,"featured_media":4490,"comment_status":"open","ping_status":"open","sticky":false,"template":"","format":"standard","meta":{"om_disable_all_campaigns":false,"_monsterinsights_skip_tracking":false,"_monsterinsights_sitenote_active":false,"_monsterinsights_sitenote_note":"","_monsterinsights_sitenote_category":0,"footnotes":""},"categories":[1,11],"tags":[],"aioseo_notices":[],"_links":{"self":[{"href":"https:\/\/www.hbrkahta.com\/index.php\/wp-json\/wp\/v2\/posts\/4489"}],"collection":[{"href":"https:\/\/www.hbrkahta.com\/index.php\/wp-json\/wp\/v2\/posts"}],"about":[{"href":"https:\/\/www.hbrkahta.com\/index.php\/wp-json\/wp\/v2\/types\/post"}],"author":[{"embeddable":true,"href":"https:\/\/www.hbrkahta.com\/index.php\/wp-json\/wp\/v2\/users\/1"}],"replies":[{"embeddable":true,"href":"https:\/\/www.hbrkahta.com\/index.php\/wp-json\/wp\/v2\/comments?post=4489"}],"version-history":[{"count":1,"href":"https:\/\/www.hbrkahta.com\/index.php\/wp-json\/wp\/v2\/posts\/4489\/revisions"}],"predecessor-version":[{"id":4491,"href":"https:\/\/www.hbrkahta.com\/index.php\/wp-json\/wp\/v2\/posts\/4489\/revisions\/4491"}],"wp:featuredmedia":[{"embeddable":true,"href":"https:\/\/www.hbrkahta.com\/index.php\/wp-json\/wp\/v2\/media\/4490"}],"wp:attachment":[{"href":"https:\/\/www.hbrkahta.com\/index.php\/wp-json\/wp\/v2\/media?parent=4489"}],"wp:term":[{"taxonomy":"category","embeddable":true,"href":"https:\/\/www.hbrkahta.com\/index.php\/wp-json\/wp\/v2\/categories?post=4489"},{"taxonomy":"post_tag","embeddable":true,"href":"https:\/\/www.hbrkahta.com\/index.php\/wp-json\/wp\/v2\/tags?post=4489"}],"curies":[{"name":"wp","href":"https:\/\/api.w.org\/{rel}","templated":true}]}}