{"id":4243,"date":"2024-03-17T08:54:42","date_gmt":"2024-03-17T05:54:42","guid":{"rendered":"https:\/\/www.hbrkahta.com\/?p=4243"},"modified":"2024-04-22T08:55:40","modified_gmt":"2024-04-22T05:55:40","slug":"atso-baskani-torunoglu-mucbir-sebep-hali-uzatilmali","status":"publish","type":"post","link":"https:\/\/www.hbrkahta.com\/index.php\/2024\/03\/17\/atso-baskani-torunoglu-mucbir-sebep-hali-uzatilmali\/","title":{"rendered":"ATSO Ba\u015fkan\u0131 Toruno\u011flu: M\u00fccbir sebep hali uzat\u0131lmal\u0131"},"content":{"rendered":"\n<p>ADIYAMAN (PHA) &#8211; Ad\u0131yaman Ticaret ve Sanayi Odas\u0131 Y\u00f6netim Kurulu Ba\u015fkan Mehmet Toruno\u011flu, \u201cAsr\u0131n felaketi\u201d olarak nitelenen depremler nedeniyle uygulanmaya ba\u015flanan m\u00fccbir sebep halinin bir kez daha uzat\u0131lmas\u0131 \u00e7a\u011fr\u0131s\u0131 yapt\u0131.<\/p>\n\n\n\n<p>ATSO Ba\u015fkan\u0131 Mehmet Toruno\u011flu, deprem b\u00f6lgesindeki 11 ilde uygulanmaya ba\u015flanan ve Kas\u0131m ay\u0131ndaki d\u00fczenlemeyle Ad\u0131yaman, Kahramanmara\u015f, Malatya ve Hatay illeri ile Gaziantep\u2019in \u0130slahiye ve Nurda\u011f\u0131 il\u00e7elerinde uzat\u0131lan \u2018m\u00fccbir sebep\u2019 halinin 30 Nisan itibar\u0131yla sona erece\u011fini belirterek yeniden en az 2024 y\u0131l\u0131 sonuna kadar uzat\u0131lmas\u0131 talebinde bulundu.<br>Toruno\u011flu, \u015funlar\u0131 s\u00f6yledi; \u201cT\u00fcm kamu kurumlar\u0131m\u0131z\u0131n depremin yaralar\u0131n\u0131n sar\u0131lmas\u0131 ve depremden zarar g\u00f6ren vatanda\u015flar\u0131m\u0131z\u0131n, esnaflar\u0131m\u0131z\u0131n yan\u0131nda oldu\u011funu biliyoruz. Ancak Ad\u0131yaman\u2019da depremin yol a\u00e7t\u0131\u011f\u0131 tahribat ile enkaz kald\u0131rma, \u015fehrin yeniden in\u015fas\u0131n\u0131n en az be\u015f y\u0131l s\u00fcrece\u011fi \u00f6ng\u00f6r\u00fcl\u00fcyor. M\u00fccbir sebep s\u00fcresi esnaf\u0131m\u0131z i\u00e7in 30 Nisan 2024 tarihinde doluyor. Ad\u0131yaman ve deprem b\u00f6lgesi i\u00e7in bu s\u00fcrenin kesinlikle uzat\u0131lmas\u0131 gerekiyor. En az\u0131ndan y\u0131lsonuna kadar uzat\u0131lmal\u0131. \u00c7\u00fcnk\u00fc 1 senedir y\u0131k\u0131lan i\u015fyerleri yerine konteynerde faaliyetine devam etmek zorunda kalan baz\u0131 g\u00fcnler siftah bile edemeyen esnaf, t\u00fcccar birikmi\u015f vergi ve sigorta bor\u00e7lar\u0131 ile kar\u015f\u0131 kar\u015f\u0131ya kalacakt\u0131r. Depremin yaralar\u0131 tam manas\u0131yla sar\u0131lmadan vergisel i\u015flemlerin vatanda\u015fa bir y\u00fck olarak y\u00fcklenmesini sa\u011fl\u0131kl\u0131 g\u00f6rm\u00fcyoruz. Depremin olu\u015fturdu\u011fu bu olumsuz \u015fartlar i\u00e7inde ticari ya\u015fam m\u00fccadelesi veren i\u015f d\u00fcnyas\u0131 i\u00e7in m\u00fccbir sebep uzat\u0131lmazsa ticari hayat canlanmaz durur. Bunun i\u00e7inde m\u00fccbir sebep halinin uzat\u0131lmas\u0131n\u0131 zorunluluk olarak g\u00f6r\u00fcyoruz ve m\u00fccbir sebep halinin uzat\u0131lmas\u0131n\u0131 Say\u0131n Cumhurba\u015fkan\u0131m\u0131zdan, Hazine ve Maliye Bakanl\u0131\u011f\u0131m\u0131zdan talep ediyoruz\u201d&nbsp;<br>Van\u2019da 5 y\u0131l m\u00fccbir sebep ilan edilmi\u015fti<br>M\u00fccbir sebep s\u00fcresinde Van depremi \u00f6rne\u011fini veren Ba\u015fkan Toruno\u011flu, \u201c\u00d6n\u00fcm\u00fczde Van \u00f6rne\u011fi var. 2011 y\u0131l\u0131nda Van\u2019da meydana gelen deprem sonras\u0131 devletimiz 5 y\u0131l m\u00fccbir sebep ilan etmi\u015fti. Kald\u0131 ki 6 \u015eubat\u2019ta ya\u015fad\u0131\u011f\u0131m\u0131z depremler 11 ilimizi etkiledi ve etkisi y\u0131llarca s\u00fcrecek. Ticaretin daha h\u0131zl\u0131 toparlanabilmesi i\u00e7in m\u00fccbir sebep s\u00fcresinin uzat\u0131lmas\u0131 b\u00fcy\u00fck \u00f6nem arz etmektedir\u201d ifadelerine yer verdi.<br>&nbsp;<\/p>\n\n\n\n<p>Kaynak : PHA<\/p>\n","protected":false},"excerpt":{"rendered":"<p>ADIYAMAN (PHA) &#8211; Ad\u0131yaman Ticaret ve Sanayi Odas\u0131 Y\u00f6netim Kurulu Ba\u015fkan Mehmet Toruno\u011flu, \u201cAsr\u0131n felaketi\u201d olarak nitelenen depremler nedeniyle uygulanmaya ba\u015flanan m\u00fccbir sebep halinin bir kez daha uzat\u0131lmas\u0131 \u00e7a\u011fr\u0131s\u0131 yapt\u0131. ATSO Ba\u015fkan\u0131 Mehmet Toruno\u011flu, deprem b\u00f6lgesindeki 11 ilde uygulanmaya ba\u015flanan ve Kas\u0131m ay\u0131ndaki d\u00fczenlemeyle Ad\u0131yaman, Kahramanmara\u015f, Malatya ve Hatay illeri ile Gaziantep\u2019in \u0130slahiye ve Nurda\u011f\u0131 [&hellip;]<\/p>\n","protected":false},"author":1,"featured_media":4244,"comment_status":"open","ping_status":"open","sticky":false,"template":"","format":"standard","meta":{"om_disable_all_campaigns":false,"_monsterinsights_skip_tracking":false,"_monsterinsights_sitenote_active":false,"_monsterinsights_sitenote_note":"","_monsterinsights_sitenote_category":0,"footnotes":""},"categories":[7,1,11],"tags":[],"aioseo_notices":[],"_links":{"self":[{"href":"https:\/\/www.hbrkahta.com\/index.php\/wp-json\/wp\/v2\/posts\/4243"}],"collection":[{"href":"https:\/\/www.hbrkahta.com\/index.php\/wp-json\/wp\/v2\/posts"}],"about":[{"href":"https:\/\/www.hbrkahta.com\/index.php\/wp-json\/wp\/v2\/types\/post"}],"author":[{"embeddable":true,"href":"https:\/\/www.hbrkahta.com\/index.php\/wp-json\/wp\/v2\/users\/1"}],"replies":[{"embeddable":true,"href":"https:\/\/www.hbrkahta.com\/index.php\/wp-json\/wp\/v2\/comments?post=4243"}],"version-history":[{"count":1,"href":"https:\/\/www.hbrkahta.com\/index.php\/wp-json\/wp\/v2\/posts\/4243\/revisions"}],"predecessor-version":[{"id":4245,"href":"https:\/\/www.hbrkahta.com\/index.php\/wp-json\/wp\/v2\/posts\/4243\/revisions\/4245"}],"wp:featuredmedia":[{"embeddable":true,"href":"https:\/\/www.hbrkahta.com\/index.php\/wp-json\/wp\/v2\/media\/4244"}],"wp:attachment":[{"href":"https:\/\/www.hbrkahta.com\/index.php\/wp-json\/wp\/v2\/media?parent=4243"}],"wp:term":[{"taxonomy":"category","embeddable":true,"href":"https:\/\/www.hbrkahta.com\/index.php\/wp-json\/wp\/v2\/categories?post=4243"},{"taxonomy":"post_tag","embeddable":true,"href":"https:\/\/www.hbrkahta.com\/index.php\/wp-json\/wp\/v2\/tags?post=4243"}],"curies":[{"name":"wp","href":"https:\/\/api.w.org\/{rel}","templated":true}]}}