{"id":4234,"date":"2024-03-16T08:51:00","date_gmt":"2024-03-16T05:51:00","guid":{"rendered":"https:\/\/www.hbrkahta.com\/?p=4234"},"modified":"2024-04-22T08:52:01","modified_gmt":"2024-04-22T05:52:01","slug":"milletvekili-resul-kurtun-aci-gunu","status":"publish","type":"post","link":"https:\/\/www.hbrkahta.com\/index.php\/2024\/03\/16\/milletvekili-resul-kurtun-aci-gunu\/","title":{"rendered":"Milletvekili Resul Kurt\u2019un ac\u0131 g\u00fcn\u00fc"},"content":{"rendered":"\n<p>ADIYAMAN (PHA) &#8211; D\u00fcn vefat eden, AK Parti Ad\u0131yaman Milletvekili Do\u00e7. Dr. Resul Kurt\u2019un annesi Fatma Kurt (77), Ad\u0131yaman Yeni Mezarl\u0131k Camii\u2019nde k\u0131l\u0131nan cenaze namaz\u0131 sonras\u0131 topra\u011fa verildi.<\/p>\n\n\n\n<p>Yakla\u015f\u0131k 1,5 ayd\u0131r Adana&#8217;daki \u00f6zel bir hastanenin yo\u011fun bak\u0131m servisinde tedavi g\u00f6ren Fatma Kurt, \u015feker hastal\u0131\u011f\u0131 ile m\u00fccadele ediyordu. Yap\u0131lan t\u00fcm tedavilere yan\u0131t veremeyen Fatma Kurt, d\u00fcn; tedavi g\u00f6rd\u00fc\u011f\u00fc hastanede hayat\u0131n\u0131 kaybetti. Ad\u0131yaman\u2019a getirilen Fatma Kurt\u2019un cenazesi, bug\u00fcn Cuma namaz\u0131n\u0131 m\u00fcteakiben, g\u00f6zya\u015flar\u0131 aras\u0131nda ebedi istiraatgah\u0131na defnedildi.<\/p>\n\n\n\n<p>Ad\u0131yaman Belediyesi Yeni Mezarl\u0131k&#8217;taki aile mezarl\u0131\u011f\u0131nda topra\u011fa verilen Fatma Kurt\u2019un cenazesine, \u015fehir protokol\u00fc ve \u00e7ok say\u0131da vatanda\u015f i\u015ftirak etti.<\/p>\n\n\n\n<p>Kaynak : PHA<\/p>\n","protected":false},"excerpt":{"rendered":"<p>ADIYAMAN (PHA) &#8211; D\u00fcn vefat eden, AK Parti Ad\u0131yaman Milletvekili Do\u00e7. Dr. Resul Kurt\u2019un annesi Fatma Kurt (77), Ad\u0131yaman Yeni Mezarl\u0131k Camii\u2019nde k\u0131l\u0131nan cenaze namaz\u0131 sonras\u0131 topra\u011fa verildi. Yakla\u015f\u0131k 1,5 ayd\u0131r Adana&#8217;daki \u00f6zel bir hastanenin yo\u011fun bak\u0131m servisinde tedavi g\u00f6ren Fatma Kurt, \u015feker hastal\u0131\u011f\u0131 ile m\u00fccadele ediyordu. Yap\u0131lan t\u00fcm tedavilere yan\u0131t veremeyen Fatma Kurt, d\u00fcn; [&hellip;]<\/p>\n","protected":false},"author":1,"featured_media":4235,"comment_status":"open","ping_status":"open","sticky":false,"template":"","format":"standard","meta":{"om_disable_all_campaigns":false,"_monsterinsights_skip_tracking":false,"_monsterinsights_sitenote_active":false,"_monsterinsights_sitenote_note":"","_monsterinsights_sitenote_category":0,"footnotes":""},"categories":[1,11],"tags":[],"aioseo_notices":[],"_links":{"self":[{"href":"https:\/\/www.hbrkahta.com\/index.php\/wp-json\/wp\/v2\/posts\/4234"}],"collection":[{"href":"https:\/\/www.hbrkahta.com\/index.php\/wp-json\/wp\/v2\/posts"}],"about":[{"href":"https:\/\/www.hbrkahta.com\/index.php\/wp-json\/wp\/v2\/types\/post"}],"author":[{"embeddable":true,"href":"https:\/\/www.hbrkahta.com\/index.php\/wp-json\/wp\/v2\/users\/1"}],"replies":[{"embeddable":true,"href":"https:\/\/www.hbrkahta.com\/index.php\/wp-json\/wp\/v2\/comments?post=4234"}],"version-history":[{"count":1,"href":"https:\/\/www.hbrkahta.com\/index.php\/wp-json\/wp\/v2\/posts\/4234\/revisions"}],"predecessor-version":[{"id":4236,"href":"https:\/\/www.hbrkahta.com\/index.php\/wp-json\/wp\/v2\/posts\/4234\/revisions\/4236"}],"wp:featuredmedia":[{"embeddable":true,"href":"https:\/\/www.hbrkahta.com\/index.php\/wp-json\/wp\/v2\/media\/4235"}],"wp:attachment":[{"href":"https:\/\/www.hbrkahta.com\/index.php\/wp-json\/wp\/v2\/media?parent=4234"}],"wp:term":[{"taxonomy":"category","embeddable":true,"href":"https:\/\/www.hbrkahta.com\/index.php\/wp-json\/wp\/v2\/categories?post=4234"},{"taxonomy":"post_tag","embeddable":true,"href":"https:\/\/www.hbrkahta.com\/index.php\/wp-json\/wp\/v2\/tags?post=4234"}],"curies":[{"name":"wp","href":"https:\/\/api.w.org\/{rel}","templated":true}]}}