{"id":4224,"date":"2024-03-12T12:05:11","date_gmt":"2024-03-12T09:05:11","guid":{"rendered":"https:\/\/www.hbrkahta.com\/?p=4224"},"modified":"2024-03-12T12:05:12","modified_gmt":"2024-03-12T09:05:12","slug":"adiyaman-muftulugunden-bin-kisilik-iyilik-sofrasi-videolu-haber","status":"publish","type":"post","link":"https:\/\/www.hbrkahta.com\/index.php\/2024\/03\/12\/adiyaman-muftulugunden-bin-kisilik-iyilik-sofrasi-videolu-haber\/","title":{"rendered":"Ad\u0131yaman M\u00fcft\u00fcl\u00fc\u011f\u00fc\u2019nden bin ki\u015filik &#8216;\u0130yilik Sofras\u0131&#8217; &#8211;\u00a0Videolu Haber"},"content":{"rendered":"\n<p><strong>ADIYAMAN (PHA) &#8211; Ad\u0131yaman\u2019\u0131n farkl\u0131 noktalar\u0131nda haz\u0131rlanan iftar \u00e7ad\u0131rlar\u0131 ile depremzede vatanda\u015flar\u0131n ilk iftar\u0131n\u0131 birlikte yapmas\u0131 ama\u00e7lan\u0131yor.<\/strong><\/p>\n\n\n\n<p>Ramazan\u2019\u0131n bereketini payla\u015fma ruhu ile dayan\u0131\u015fma i\u00e7erisinde olmak \u00fczere kentin farkl\u0131 noktalar\u0131nda iftar \u00e7ad\u0131rlar\u0131 kuruldu.<\/p>\n\n\n\n<p>Ad\u0131yaman \u0130l M\u00fcft\u00fcl\u00fc\u011f\u00fc taraf\u0131ndan Diyanet \u0130\u015fleri Ba\u015fkanl\u0131\u011f\u0131 ve hay\u0131rseverlerin deste\u011fiyle M\u00fcft\u00fcl\u00fck binas\u0131 yan\u0131nda bin ki\u015filik iftar \u00e7ad\u0131r\u0131n\u0131n haz\u0131rl\u0131klar\u0131 tamamland\u0131.<\/p>\n\n\n\n<p>11 Mart Pazartesi Saat 18.37\u2019de 2024 y\u0131l\u0131 Ramazan ay\u0131n\u0131n ilk iftar\u0131n\u0131 yapacak olan Ad\u0131yamanl\u0131lar, haz\u0131rlanan bin ki\u015filik iftar \u00e7ad\u0131r\u0131nda bir araya gelecekler.<\/p>\n\n\n\n<p>Ad\u0131yaman \u0130l M\u00fcft\u00fcl\u00fc\u011f\u00fc Din Hizmetleri \u015eube M\u00fcd\u00fcr\u00fc Mehmet Ali \u00c7etinkaya, m\u00fcft\u00fcl\u00fck binas\u0131 yan\u0131nda kurulan ve bin ki\u015fiye iftarda yemek verecek olan \u00e7ad\u0131r ve program hakk\u0131nda bilgi verdi. \u00c7etinkaya, iftar \u00e7ad\u0131r\u0131na t\u00fcm vatanda\u015flar\u0131 davet etti\u011fi a\u00e7\u0131klamas\u0131nda \u015funlar\u0131 s\u00f6yledi:<\/p>\n\n\n\n<p>\u201cDiyanet \u0130\u015fleri Ba\u015fkanl\u0131\u011f\u0131m\u0131z ve T\u00fcrkiye Diyanet Vakf\u0131 arac\u0131l\u0131\u011f\u0131yla deprem b\u00f6lgesinde ya\u015fayan karde\u015flerimize iftar yeme\u011fi ikram etmek amac\u0131yla, ba\u015fkanl\u0131\u011f\u0131m\u0131z ve vakf\u0131m\u0131z Ad\u0131yaman\u2019da da \u00e7ad\u0131r kurdular. G\u00fcnl\u00fck bin ki\u015fiye iftar yeme\u011fi ikram\u0131 yap\u0131lacak. G\u00f6lba\u015f\u0131 il\u00e7emizde de yine bin ki\u015filik iftar \u00e7ad\u0131r\u0131m\u0131z kuruldu. Ramazan ay\u0131 boyunca burada hem iftar yeme\u011fi verilecek hem de iftar \u00f6ncesinde vaaz ve ir\u015fad programlar\u0131m\u0131z yap\u0131lacak. \u0130ftar ve ir\u015fad \u00e7al\u0131\u015fmalar\u0131m\u0131z d\u0131\u015f\u0131nda mobil arac\u0131m\u0131z vas\u0131tas\u0131yla tatl\u0131 ve \u00e7ay ikramlar\u0131m\u0131z da olacak. Ad\u0131yamanl\u0131 karde\u015flerimizi iftar \u00e7ad\u0131r\u0131m\u0131za ve ramazan m\u00fcnasebetiyle yap\u0131lan ikramlara, vaaz ve ir\u015fad programlar\u0131na davet ediyoruz.\u201d<\/p>\n\n\n\n<p>Kaynak : PHA<\/p>\n","protected":false},"excerpt":{"rendered":"<p>ADIYAMAN (PHA) &#8211; Ad\u0131yaman\u2019\u0131n farkl\u0131 noktalar\u0131nda haz\u0131rlanan iftar \u00e7ad\u0131rlar\u0131 ile depremzede vatanda\u015flar\u0131n ilk iftar\u0131n\u0131 birlikte yapmas\u0131 ama\u00e7lan\u0131yor. Ramazan\u2019\u0131n bereketini payla\u015fma ruhu ile dayan\u0131\u015fma i\u00e7erisinde olmak \u00fczere kentin farkl\u0131 noktalar\u0131nda iftar \u00e7ad\u0131rlar\u0131 kuruldu. Ad\u0131yaman \u0130l M\u00fcft\u00fcl\u00fc\u011f\u00fc taraf\u0131ndan Diyanet \u0130\u015fleri Ba\u015fkanl\u0131\u011f\u0131 ve hay\u0131rseverlerin deste\u011fiyle M\u00fcft\u00fcl\u00fck binas\u0131 yan\u0131nda bin ki\u015filik iftar \u00e7ad\u0131r\u0131n\u0131n haz\u0131rl\u0131klar\u0131 tamamland\u0131. 11 Mart Pazartesi Saat [&hellip;]<\/p>\n","protected":false},"author":1,"featured_media":4225,"comment_status":"open","ping_status":"open","sticky":false,"template":"","format":"standard","meta":{"om_disable_all_campaigns":false,"_monsterinsights_skip_tracking":false,"_monsterinsights_sitenote_active":false,"_monsterinsights_sitenote_note":"","_monsterinsights_sitenote_category":0,"footnotes":""},"categories":[1,11],"tags":[],"aioseo_notices":[],"_links":{"self":[{"href":"https:\/\/www.hbrkahta.com\/index.php\/wp-json\/wp\/v2\/posts\/4224"}],"collection":[{"href":"https:\/\/www.hbrkahta.com\/index.php\/wp-json\/wp\/v2\/posts"}],"about":[{"href":"https:\/\/www.hbrkahta.com\/index.php\/wp-json\/wp\/v2\/types\/post"}],"author":[{"embeddable":true,"href":"https:\/\/www.hbrkahta.com\/index.php\/wp-json\/wp\/v2\/users\/1"}],"replies":[{"embeddable":true,"href":"https:\/\/www.hbrkahta.com\/index.php\/wp-json\/wp\/v2\/comments?post=4224"}],"version-history":[{"count":1,"href":"https:\/\/www.hbrkahta.com\/index.php\/wp-json\/wp\/v2\/posts\/4224\/revisions"}],"predecessor-version":[{"id":4226,"href":"https:\/\/www.hbrkahta.com\/index.php\/wp-json\/wp\/v2\/posts\/4224\/revisions\/4226"}],"wp:featuredmedia":[{"embeddable":true,"href":"https:\/\/www.hbrkahta.com\/index.php\/wp-json\/wp\/v2\/media\/4225"}],"wp:attachment":[{"href":"https:\/\/www.hbrkahta.com\/index.php\/wp-json\/wp\/v2\/media?parent=4224"}],"wp:term":[{"taxonomy":"category","embeddable":true,"href":"https:\/\/www.hbrkahta.com\/index.php\/wp-json\/wp\/v2\/categories?post=4224"},{"taxonomy":"post_tag","embeddable":true,"href":"https:\/\/www.hbrkahta.com\/index.php\/wp-json\/wp\/v2\/tags?post=4224"}],"curies":[{"name":"wp","href":"https:\/\/api.w.org\/{rel}","templated":true}]}}