{"id":4031,"date":"2024-01-05T10:24:09","date_gmt":"2024-01-05T07:24:09","guid":{"rendered":"https:\/\/www.hbrkahta.com\/?p=4031"},"modified":"2024-01-05T10:24:10","modified_gmt":"2024-01-05T07:24:10","slug":"baskan-demir-enflasyona-ezdirmeyen-degil-enflasyonu-ezen-adimlar-atilmali","status":"publish","type":"post","link":"https:\/\/www.hbrkahta.com\/index.php\/2024\/01\/05\/baskan-demir-enflasyona-ezdirmeyen-degil-enflasyonu-ezen-adimlar-atilmali\/","title":{"rendered":"Ba\u015fkan Demir: Enflasyona ezdirmeyen de\u011fil enflasyonu ezen ad\u0131mlar at\u0131lmal\u0131"},"content":{"rendered":"\n<p><strong>Memur-Sen Ad\u0131yaman \u0130l Temsilcili\u011fi Ba\u015fkanlar Kurulu ayl\u0131k ola\u011fan toplant\u0131s\u0131 Memur-Sen \u0130l Temsilcisi Mehmet Demir ba\u015fkanl\u0131\u011f\u0131nda ger\u00e7ekle\u015ftirildi.<\/strong><\/p>\n\n\n\n<p>Memur-Sen Ad\u0131yaman \u0130l Temsilcili\u011fi binas\u0131nda ger\u00e7ekle\u015ftirilen toplant\u0131ya Memur-Sen\u2019e ba\u011fl\u0131 sendikalar\u0131n \u015fube ba\u015fkanlar\u0131 ve il temsilcileri kat\u0131ld\u0131.<br>Kamu \u00e7al\u0131\u015fanlar\u0131n\u0131n sorun ve taleplerinin g\u00f6r\u00fc\u015f\u00fcld\u00fc\u011f\u00fc toplant\u0131da sorun ve taleplerin \u00e7\u00f6z\u00fcm\u00fc ile ilgili isti\u015farelerde bulunuldu. Toplant\u0131 sonras\u0131nda a\u00e7\u0131klamalarda bulunan Memur-Sen \u0130l Temsilcisi Mehmet Demir, Memur-Sen\u2019in \u00f6zelde kamu \u00e7al\u0131\u015fanlar\u0131n\u0131n sosyal ve ekonomik geli\u015fimleri \u00e7er\u00e7evesinde, genelde milletimizin de\u011ferler ba\u011flam\u0131nda u\u011frad\u0131\u011f\u0131 haks\u0131zl\u0131klar kar\u015f\u0131s\u0131nda g\u00fcr bir ses, g\u00fc\u00e7l\u00fc bir nefes oldu\u011funu dile getirerek kamu \u00e7al\u0131\u015fanlar\u0131n\u0131n sorun ve taleplerinin \u00e7\u00f6z\u00fcm\u00fc noktas\u0131nda ivedilikle ad\u0131m at\u0131lmas\u0131 gerekti\u011fini s\u00f6yledi.&nbsp;<br>7. D\u00f6nem Toplu S\u00f6zle\u015fmesinin uzla\u015fmazl\u0131kla sonu\u00e7land\u0131\u011f\u0131n\u0131 ancak 3600 ek g\u00f6sterge ile ilgili baz\u0131 kamu \u00e7al\u0131\u015fanlar\u0131 i\u00e7in kazan\u0131m elde ettiklerini dile getiren Mehmet Demir, 1. Derecede bulunan t\u00fcm kamu \u00e7al\u0131\u015fanlar\u0131n\u0131n ek g\u00f6stergelerinin 3600\u2019e y\u00fckseltilmesi gerekti\u011fini s\u00f6yledi. \u201c1. Dereceye gelmi\u015f t\u00fcm kamu g\u00f6revlilerinin 3600 ek g\u00f6stergeden yararlanmas\u0131 i\u00e7in m\u00fccadelemizi s\u00fcrd\u00fcr\u00fcyoruz. Ger\u00e7ekle\u015ftirdi\u011fimiz temaslar\u0131m\u0131zda ba\u015fl\u0131ca birincil husus olarak ele alacak, d\u00fczenleme yap\u0131lana kadar s\u0131k\u0131 takip\u00e7isi olaca\u011f\u0131z\u201d ifadelerini kullanan Demir, \u201c 1. Dereceye y\u00fckselen ba\u015fta kamu \u015fefleri, teknikerler, VHK\u0130 ve memurlar olmak \u00fczere t\u00fcm kamu g\u00f6revlisi emek\u00e7iler, toplu s\u00f6zle\u015fme \u00f6ncesi verilen s\u00f6zlerin tutulmas\u0131n\u0131 bekliyor\u201d dedi.<br>Toplu s\u00f6zle\u015fme s\u00fcre\u00e7lerinin bir oldu bittiye getirildi\u011fini 4688 say\u0131l\u0131 kanuna g\u00f6re ortalama 20 g\u00fcnde sonu\u00e7land\u0131r\u0131lmas\u0131 gereken toplu s\u00f6zle\u015fme s\u00fcrecinin b\u00fcy\u00fck bir k\u0131sm\u0131n\u0131n tekliflerin al\u0131nmas\u0131, yaz\u0131lmas\u0131, h\u00fck\u00fcmetin teklifinin beklenmesi \u015feklinde a\u011f\u0131r ilerledi\u011fini ve kamu \u00e7al\u0131\u015fanlar\u0131n\u0131n taleplerinin masaya yat\u0131r\u0131lmas\u0131na engel oldu\u011funu, neticenin sadece y\u00fczdelik zamla s\u0131n\u0131rland\u0131r\u0131ld\u0131\u011f\u0131n\u0131 belirten Demir, kamu \u00e7al\u0131\u015fanlar\u0131n\u0131n beklentilerinin ve sorunlar\u0131n\u0131n \u00e7\u00f6z\u00fcm\u00fc i\u00e7in tart\u0131\u015f\u0131lmas\u0131na engel te\u015fkil eden s\u0131n\u0131rlamalar\u0131n 4688 say\u0131l\u0131 Kamu G\u00f6revlileri Sendikalar\u0131 ve Toplu S\u00f6zle\u015fme Kanunu\u2019nda de\u011fi\u015fiklikler yap\u0131larak kald\u0131r\u0131lmas\u0131 gerekti\u011fini, 4688 say\u0131l\u0131 Kanunun ILO normlar\u0131na uyumlu hale getirilmesi elzem oldu\u011funu s\u00f6yledi.&nbsp;<br>Mehmet Demir s\u00f6zlerini \u015f\u00f6yle s\u00fcrd\u00fcrd\u00fc:<br>&#8220;Malumunuz 7. D\u00f6nem Toplu S\u00f6zle\u015fme s\u00fcreci mutabakats\u0131zl\u0131kla sonu\u00e7lanm\u0131\u015ft\u0131. Ocak ay\u0131 itibariyle kamu \u00e7al\u0131\u015fanlar\u0131n\u0131n maa\u015flar\u0131nda toplu s\u00f6zle\u015fmeden kaynakl\u0131 y\u00fczde 15 art\u0131\u015fa ilave olarak enflasyon fark\u0131 da eklenerek y\u00fczde 49,25 oran\u0131nda art\u0131\u015f yap\u0131ld\u0131. B\u00f6ylelikle yeni maa\u015flar belirlenmi\u015f oldu. Ancak i\u00e7inde bulundu\u011fumuz enflasyonu azd\u0131ran ortam bu art\u0131\u015flar\u0131 ilk aylardan itibaren k\u0131ymetsizle\u015ftiriyor. Biz \u00f6ncelikle enflasyona ezdirmeyen de\u011fil enflasyonu ezen maa\u015f art\u0131\u015flar\u0131n\u0131n hayata ge\u00e7mesini ve enflasyon kaynakl\u0131 kay\u0131plar\u0131n telafi edilmesini istiyoruz. Enflasyon fark\u0131n\u0131n ayl\u0131k olarak hesaplan\u0131p \u00fccretlere ilave edildi\u011fi bir sisteme ge\u00e7meden kay\u0131plar\u0131n telafisi m\u00fcmk\u00fcn de\u011fildir. Mevcut hesaplama bi\u00e7imi ve uygulama kamu \u00e7al\u0131\u015fanlar\u0131n\u0131 enflasyon kar\u015f\u0131s\u0131nda alt\u0131 ay ezdirdikten sonra art\u0131\u015f sa\u011fl\u0131yor ve mevcut ekonomik durumda bir ay ge\u00e7meden kamu \u00e7al\u0131\u015fan\u0131 enflasyon kar\u015f\u0131s\u0131nda ne yaz\u0131k ki eziliyor. Bu hususta Gelir Vergisi Oranlar\u0131n\u0131n %15\u2019e sabitlenmesi, adil bir vergi d\u00fczeninin kurulmas\u0131 ve \u00fccretliler \u00fczerindeki do\u011frudan ve dolayl\u0131 vergi y\u00fck\u00fcn\u00fcn azalt\u0131lmas\u0131, 8077 \u20ba ilave \u00f6demenin kamu g\u00f6revlisi emeklilerine yans\u0131t\u0131lmas\u0131 vb at\u0131lacak ad\u0131mlar gelir da\u011f\u0131l\u0131m\u0131nda hakkaniyetin, payla\u015f\u0131mda adaletin sa\u011flanmas\u0131na vesile olacakt\u0131r.&#8221;<br>&#8220;Deprem b\u00f6lgesindeki kamu \u00e7al\u0131\u015fanlar\u0131na ilave te\u015fvik, istihdam ve desteklerin verilmeli, Kira yard\u0131m\u0131n\u0131n s\u00fcresi uzat\u0131larak miktar\u0131 artt\u0131r\u0131lmal\u0131d\u0131r\u201d \u015feklinde konu\u015fan Demir, kamu \u00e7al\u0131\u015fanlar\u0131n\u0131n baz\u0131 taleplerini \u015f\u00f6yle s\u0131ralad\u0131:<br>\u201c\u00dcniversite \u0130dari Personelinin yer de\u011fi\u015fikli\u011fi hakk\u0131 sa\u011flanmal\u0131d\u0131r.<br>Akademik personelin ve \u015fube m\u00fcd\u00fcrlerinin maa\u015f\/\u00fccretleri iyile\u015ftirilmelidir.<br>M\u00fchendislik Meslek Kanunu \u00e7\u0131kar\u0131lmal\u0131 ve maa\u015f\/\u00fccretleri iyile\u015ftirilmelidir.<br>G\u00f6revde y\u00fckselme ve unvan de\u011fi\u015fikli\u011fi s\u0131navlar\u0131 periyodik olarak yap\u0131lmal\u0131d\u0131r.<br>Kad\u0131n kamu g\u00f6revlilerinin izinleri iyile\u015ftirilmeli, yar\u0131 zamanl\u0131 \u00e7al\u0131\u015fma hakk\u0131 hayata ge\u00e7irilmelidir.<br>Engelli kamu g\u00f6revlileri ba\u015fta olmak \u00fczere engellilerin bekledi\u011fi SUT\u2019da yap\u0131lmas\u0131 gereken iyile\u015ftirmeler hususunda gerekli ad\u0131mlar at\u0131lmal\u0131d\u0131r.<br>S\u00f6zle\u015fmeli personele e\u015f durumundan kar\u015f\u0131l\u0131kl\u0131 tayin hakk\u0131 verilmelidir.<br>S\u00f6zle\u015fmeli personel istihdam\u0131 yasada d\u00fczenlendi\u011fi \u015fekliyle istisnai istihdam modeli olarak kalmal\u0131, kamuda istihdam\u0131n 4\/A kadrolu olarak ger\u00e7ekle\u015ftirilmesi sa\u011flanmal\u0131d\u0131r.<br>Kamu Personel Sisteminin eksik ve sorunlu taraflar\u0131 bir an \u00f6nce d\u00fczenlenmeli b\u00f6ylelikle \u00e7al\u0131\u015fma bar\u0131\u015f\u0131 sa\u011flanmal\u0131d\u0131r.<br>Yard\u0131mc\u0131 Hizmetler S\u0131n\u0131f\u0131 kald\u0131r\u0131larak bu kadroda bulunan kamu \u00e7al\u0131\u015fanlar\u0131 Genel \u0130dare Hizmetleri s\u0131n\u0131f\u0131na al\u0131nmal\u0131d\u0131r.\u201d<br>Memur-Sen \u0130l Temsilcisi Mehmet Demir \u201cisti\u015fare etti\u011fimiz konularda \u00e7\u00f6z\u00fcm beklentimizi ve inanc\u0131m\u0131z\u0131 ifade ediyor, 2024 y\u0131l\u0131n\u0131n kamu g\u00f6revlilerine, milletimize ve insanl\u0131\u011fa hay\u0131rlar getirmesini temenni ediyorum\u201d diyerek s\u00f6zlerini sonland\u0131rd\u0131.<br>&nbsp;<\/p>\n\n\n\n<p>Kaynak : PHA<\/p>\n","protected":false},"excerpt":{"rendered":"<p>Memur-Sen Ad\u0131yaman \u0130l Temsilcili\u011fi Ba\u015fkanlar Kurulu ayl\u0131k ola\u011fan toplant\u0131s\u0131 Memur-Sen \u0130l Temsilcisi Mehmet Demir ba\u015fkanl\u0131\u011f\u0131nda ger\u00e7ekle\u015ftirildi. Memur-Sen Ad\u0131yaman \u0130l Temsilcili\u011fi binas\u0131nda ger\u00e7ekle\u015ftirilen toplant\u0131ya Memur-Sen\u2019e ba\u011fl\u0131 sendikalar\u0131n \u015fube ba\u015fkanlar\u0131 ve il temsilcileri kat\u0131ld\u0131.Kamu \u00e7al\u0131\u015fanlar\u0131n\u0131n sorun ve taleplerinin g\u00f6r\u00fc\u015f\u00fcld\u00fc\u011f\u00fc toplant\u0131da sorun ve taleplerin \u00e7\u00f6z\u00fcm\u00fc ile ilgili isti\u015farelerde bulunuldu. Toplant\u0131 sonras\u0131nda a\u00e7\u0131klamalarda bulunan Memur-Sen \u0130l Temsilcisi Mehmet Demir, [&hellip;]<\/p>\n","protected":false},"author":1,"featured_media":4032,"comment_status":"open","ping_status":"open","sticky":false,"template":"","format":"standard","meta":{"om_disable_all_campaigns":false,"_monsterinsights_skip_tracking":false,"_monsterinsights_sitenote_active":false,"_monsterinsights_sitenote_note":"","_monsterinsights_sitenote_category":0,"footnotes":""},"categories":[7,1,11],"tags":[],"aioseo_notices":[],"_links":{"self":[{"href":"https:\/\/www.hbrkahta.com\/index.php\/wp-json\/wp\/v2\/posts\/4031"}],"collection":[{"href":"https:\/\/www.hbrkahta.com\/index.php\/wp-json\/wp\/v2\/posts"}],"about":[{"href":"https:\/\/www.hbrkahta.com\/index.php\/wp-json\/wp\/v2\/types\/post"}],"author":[{"embeddable":true,"href":"https:\/\/www.hbrkahta.com\/index.php\/wp-json\/wp\/v2\/users\/1"}],"replies":[{"embeddable":true,"href":"https:\/\/www.hbrkahta.com\/index.php\/wp-json\/wp\/v2\/comments?post=4031"}],"version-history":[{"count":1,"href":"https:\/\/www.hbrkahta.com\/index.php\/wp-json\/wp\/v2\/posts\/4031\/revisions"}],"predecessor-version":[{"id":4033,"href":"https:\/\/www.hbrkahta.com\/index.php\/wp-json\/wp\/v2\/posts\/4031\/revisions\/4033"}],"wp:featuredmedia":[{"embeddable":true,"href":"https:\/\/www.hbrkahta.com\/index.php\/wp-json\/wp\/v2\/media\/4032"}],"wp:attachment":[{"href":"https:\/\/www.hbrkahta.com\/index.php\/wp-json\/wp\/v2\/media?parent=4031"}],"wp:term":[{"taxonomy":"category","embeddable":true,"href":"https:\/\/www.hbrkahta.com\/index.php\/wp-json\/wp\/v2\/categories?post=4031"},{"taxonomy":"post_tag","embeddable":true,"href":"https:\/\/www.hbrkahta.com\/index.php\/wp-json\/wp\/v2\/tags?post=4031"}],"curies":[{"name":"wp","href":"https:\/\/api.w.org\/{rel}","templated":true}]}}