{"id":3958,"date":"2023-12-19T10:57:20","date_gmt":"2023-12-19T07:57:20","guid":{"rendered":"https:\/\/www.hbrkahta.com\/?p=3958"},"modified":"2023-12-19T10:57:43","modified_gmt":"2023-12-19T07:57:43","slug":"alzheimer-hastalari-ve-down-sendromlu-vatandaslar-artik-kaybolmayacak","status":"publish","type":"post","link":"https:\/\/www.hbrkahta.com\/index.php\/2023\/12\/19\/alzheimer-hastalari-ve-down-sendromlu-vatandaslar-artik-kaybolmayacak\/","title":{"rendered":"Alzheimer Hastalar\u0131 ve Down Sendrom&#8217;lu Vatanda\u015flar Art\u0131k Kaybolmayacak"},"content":{"rendered":"\n<p><strong>Ad\u0131yaman Belediyesi, Ad\u0131yaman&#8217;da ikamet eden Alzheimer hastalar\u0131n\u0131n ve \u00f6zel gereksinimli vatanda\u015flar\u0131n kaybolma risklerine kar\u015f\u0131 giyilebilir teknolojiler sayesinde aileleri taraf\u0131ndan takip edebilece\u011fi bir projeyi hayata ge\u00e7irdi.<\/strong><\/p>\n\n\n\n<p>Ad\u0131yaman Belediyesi taraf\u0131ndan \u201cAlzheimer Hastalar\u0131 ve Engelli (Down Sendromlu) Vatanda\u015flar\u0131m\u0131z\u0131n Kaybolma Risklerine Kar\u015f\u0131 Giyilebilir Teknoloji Sayesinde Aileleri Taraf\u0131ndan Takip Edebilme Projesi\u201d hayata ge\u00e7irilerek bir ilke imza at\u0131ld\u0131.<\/p>\n\n\n\n<p>Ya\u015fl\u0131lara, hastalara, \u00e7ocuklara ve \u00f6zel gereksinimli bireylere y\u00f6nelik hizmette s\u0131n\u0131r tan\u0131mayan Ad\u0131yaman Belediye Ba\u015fkan\u0131 Dr. S\u00fcleyman K\u0131l\u0131n\u00e7, Alzheimer hastalar\u0131 ve \u00f6zel gereksinimli bireylerin kaybolma riskine kar\u015f\u0131 aileleri taraf\u0131ndan takip edilebilmeleri ad\u0131na takip cihaz\u0131 sistemini hayata ge\u00e7irdi.<\/p>\n\n\n\n<p>Alzheimer hastal\u0131\u011f\u0131 ya\u015fl\u0131l\u0131k d\u00f6nemine ait bir hastal\u0131k ve bu hastal\u0131\u011fa sahip ki\u015filerin say\u0131s\u0131 da g\u00fcn ge\u00e7tik\u00e7e art\u0131yor. Son y\u0131llarda \u00fclkemizde s\u0131kl\u0131kla rastlanan hastal\u0131klar\u0131n ba\u015f\u0131nda gelen Alzheimer, pek \u00e7ok kay\u0131p vakas\u0131n\u0131 da beraberinde getiriyor. Ad\u0131yaman\u2019da bu hastal\u0131k \u00f6zellikle ya\u015fl\u0131 vatanda\u015flarda art\u0131\u015f g\u00f6stermekte olup Alzheimer hastalar\u0131n\u0131n evlerinden \u00e7\u0131k\u0131p kaybolmalar\u0131na son zamanlarda olduk\u00e7a s\u0131k rastlan\u0131yor.<br>Bu durumun \u00f6n\u00fcne ge\u00e7mek ad\u0131na GPS ve GNSS tabanl\u0131 ak\u0131ll\u0131 takip sistemleri ile Alzheimer hastalar\u0131 ve \u00f6zel gereksinimli vatanda\u015flar\u0131n konumu aileleri taraf\u0131ndan takip edilerek tespit edilebilecek. Cihaz\u0131n kapsam d\u0131\u015f\u0131nda kald\u0131\u011f\u0131 alanlarda ise uydu \u00fczerinden yer tespiti yap\u0131labilecek. Giyilebilir Teknoloji Ak\u0131ll\u0131 Takip sistemleri ile Alzheimer&#8217;l\u0131 ve \u00f6zel gereksinimli vatanda\u015flar\u0131n lokasyon konumu belirlenip o konumun d\u0131\u015f\u0131na \u00e7\u0131kt\u0131\u011f\u0131nda ailesine sistem \u00fczerinden bilgilendirme ve sinyal g\u00f6nderen ayn\u0131 zamanda acil durumlarda da ailesine bilgilendirme ve uyar\u0131 yapabilen sistemler mevcut olup s\u00fcrekli geli\u015ftirilecek.<\/p>\n\n\n\n<p>Engelsiz Ya\u015fam Merkezini ziyaret eden Ad\u0131yaman Belediye Ba\u015fkan\u0131 Dr. S\u00fcleyman K\u0131l\u0131n\u00e7, Sosyal G\u00fcvenlik Bakan Yard\u0131mc\u0131s\u0131 Ahmet AYDIN, Ad\u0131yaman Valisi Dr. Osman VAROL ve Protokol \u00dcyeleri \u00f6\u011frenciler ve aileleriyle bir araya gelerek \u00f6\u011frencilerin eri\u015fimini ve takibini kolayla\u015ft\u0131rmak ad\u0131na Ad\u0131yaman Belediyesi taraf\u0131ndan yap\u0131lan proje kapsam\u0131nda takip cihaz\u0131 hediye etti.<\/p>\n\n\n\n<p>Kaynak : PHA<\/p>\n\n\n\n<figure class=\"wp-block-gallery has-nested-images columns-default is-cropped wp-block-gallery-1 is-layout-flex wp-block-gallery-is-layout-flex\">\n<figure class=\"wp-block-image size-large\"><img loading=\"lazy\" decoding=\"async\" width=\"1024\" height=\"576\" data-id=\"3961\" src=\"https:\/\/www.hbrkahta.com\/wp-content\/uploads\/2023\/12\/222-1024x576.jpg\" alt=\"\" class=\"wp-image-3961\" srcset=\"https:\/\/www.hbrkahta.com\/wp-content\/uploads\/2023\/12\/222-1024x576.jpg 1024w, https:\/\/www.hbrkahta.com\/wp-content\/uploads\/2023\/12\/222-300x169.jpg 300w, https:\/\/www.hbrkahta.com\/wp-content\/uploads\/2023\/12\/222-768x432.jpg 768w, https:\/\/www.hbrkahta.com\/wp-content\/uploads\/2023\/12\/222.jpg 1200w\" sizes=\"(max-width: 1024px) 100vw, 1024px\" \/><\/figure>\n\n\n\n<figure class=\"wp-block-image size-large\"><img loading=\"lazy\" decoding=\"async\" width=\"1024\" height=\"576\" data-id=\"3960\" src=\"https:\/\/www.hbrkahta.com\/wp-content\/uploads\/2023\/12\/22-2-1024x576.jpg\" alt=\"\" class=\"wp-image-3960\" srcset=\"https:\/\/www.hbrkahta.com\/wp-content\/uploads\/2023\/12\/22-2-1024x576.jpg 1024w, https:\/\/www.hbrkahta.com\/wp-content\/uploads\/2023\/12\/22-2-300x169.jpg 300w, https:\/\/www.hbrkahta.com\/wp-content\/uploads\/2023\/12\/22-2-768x432.jpg 768w, https:\/\/www.hbrkahta.com\/wp-content\/uploads\/2023\/12\/22-2.jpg 1200w\" sizes=\"(max-width: 1024px) 100vw, 1024px\" \/><\/figure>\n\n\n\n<figure class=\"wp-block-image size-large\"><img loading=\"lazy\" decoding=\"async\" width=\"1024\" height=\"576\" data-id=\"3959\" src=\"https:\/\/www.hbrkahta.com\/wp-content\/uploads\/2023\/12\/2-9-1024x576.jpg\" alt=\"\" class=\"wp-image-3959\" srcset=\"https:\/\/www.hbrkahta.com\/wp-content\/uploads\/2023\/12\/2-9-1024x576.jpg 1024w, https:\/\/www.hbrkahta.com\/wp-content\/uploads\/2023\/12\/2-9-300x169.jpg 300w, https:\/\/www.hbrkahta.com\/wp-content\/uploads\/2023\/12\/2-9-768x432.jpg 768w, https:\/\/www.hbrkahta.com\/wp-content\/uploads\/2023\/12\/2-9.jpg 1200w\" sizes=\"(max-width: 1024px) 100vw, 1024px\" \/><\/figure>\n<\/figure>\n","protected":false},"excerpt":{"rendered":"<p>Ad\u0131yaman Belediyesi, Ad\u0131yaman&#8217;da ikamet eden Alzheimer hastalar\u0131n\u0131n ve \u00f6zel gereksinimli vatanda\u015flar\u0131n kaybolma risklerine kar\u015f\u0131 giyilebilir teknolojiler sayesinde aileleri taraf\u0131ndan takip edebilece\u011fi bir projeyi hayata ge\u00e7irdi. Ad\u0131yaman Belediyesi taraf\u0131ndan \u201cAlzheimer Hastalar\u0131 ve Engelli (Down Sendromlu) Vatanda\u015flar\u0131m\u0131z\u0131n Kaybolma Risklerine Kar\u015f\u0131 Giyilebilir Teknoloji Sayesinde Aileleri Taraf\u0131ndan Takip Edebilme Projesi\u201d hayata ge\u00e7irilerek bir ilke imza at\u0131ld\u0131. Ya\u015fl\u0131lara, hastalara, \u00e7ocuklara [&hellip;]<\/p>\n","protected":false},"author":1,"featured_media":3960,"comment_status":"open","ping_status":"open","sticky":false,"template":"","format":"standard","meta":{"om_disable_all_campaigns":false,"_monsterinsights_skip_tracking":false,"_monsterinsights_sitenote_active":false,"_monsterinsights_sitenote_note":"","_monsterinsights_sitenote_category":0,"footnotes":""},"categories":[1,11,13],"tags":[],"aioseo_notices":[],"_links":{"self":[{"href":"https:\/\/www.hbrkahta.com\/index.php\/wp-json\/wp\/v2\/posts\/3958"}],"collection":[{"href":"https:\/\/www.hbrkahta.com\/index.php\/wp-json\/wp\/v2\/posts"}],"about":[{"href":"https:\/\/www.hbrkahta.com\/index.php\/wp-json\/wp\/v2\/types\/post"}],"author":[{"embeddable":true,"href":"https:\/\/www.hbrkahta.com\/index.php\/wp-json\/wp\/v2\/users\/1"}],"replies":[{"embeddable":true,"href":"https:\/\/www.hbrkahta.com\/index.php\/wp-json\/wp\/v2\/comments?post=3958"}],"version-history":[{"count":2,"href":"https:\/\/www.hbrkahta.com\/index.php\/wp-json\/wp\/v2\/posts\/3958\/revisions"}],"predecessor-version":[{"id":3963,"href":"https:\/\/www.hbrkahta.com\/index.php\/wp-json\/wp\/v2\/posts\/3958\/revisions\/3963"}],"wp:featuredmedia":[{"embeddable":true,"href":"https:\/\/www.hbrkahta.com\/index.php\/wp-json\/wp\/v2\/media\/3960"}],"wp:attachment":[{"href":"https:\/\/www.hbrkahta.com\/index.php\/wp-json\/wp\/v2\/media?parent=3958"}],"wp:term":[{"taxonomy":"category","embeddable":true,"href":"https:\/\/www.hbrkahta.com\/index.php\/wp-json\/wp\/v2\/categories?post=3958"},{"taxonomy":"post_tag","embeddable":true,"href":"https:\/\/www.hbrkahta.com\/index.php\/wp-json\/wp\/v2\/tags?post=3958"}],"curies":[{"name":"wp","href":"https:\/\/api.w.org\/{rel}","templated":true}]}}