{"id":3944,"date":"2023-12-19T10:50:52","date_gmt":"2023-12-19T07:50:52","guid":{"rendered":"https:\/\/www.hbrkahta.com\/?p=3944"},"modified":"2023-12-19T10:50:53","modified_gmt":"2023-12-19T07:50:53","slug":"milletvekili-kurttan-celikhan-yolu-mujdesi","status":"publish","type":"post","link":"https:\/\/www.hbrkahta.com\/index.php\/2023\/12\/19\/milletvekili-kurttan-celikhan-yolu-mujdesi\/","title":{"rendered":"Milletvekili Kurt&#8217;tan \u00c7elikhan Yolu M\u00fcjdesi"},"content":{"rendered":"\n<p><strong>Adalet ve Kalk\u0131nma Partisi (AK Parti) Ad\u0131yaman Milletvekili Do\u00e7. Dr. Resul Kurt, bakanl\u0131k aras\u0131nda yapt\u0131\u011f\u0131 g\u00f6r\u00fc\u015fmede \u00c7elikhan yolu m\u00fcjdesini verdi.<\/strong><\/p>\n\n\n\n<p>Milletvekili Kurt, Plan ve B\u00fct\u00e7e Komisyonunda yap\u0131lan 2024 y\u0131l\u0131 b\u00fct\u00e7e g\u00f6r\u00fc\u015fmelerinde s\u00f6z\u00fcn\u00fc ald\u0131\u011f\u0131 Ad\u0131yaman- \u00c7elikhan yolunda ihale a\u015famas\u0131na geldi\u011fini m\u00fcjdesini verdi.&nbsp;<br>Kurt, Uzun zamand\u0131r yap\u0131lmas\u0131 beklenen ve Ad\u0131yaman\u2019\u0131n Malatya ile ba\u011flant\u0131s\u0131n\u0131 da sa\u011flayacak Ad\u0131yaman-\u00c7elikhan yolu hakk\u0131nda a\u00e7\u0131klama yapt\u0131.<br>&#8220;Ad\u0131yaman-\u00c7elikhan yolu ihaleye \u00e7\u0131k\u0131yor&#8221;<br>Kaza riski y\u00fcksek olan Ad\u0131yaman-\u00c7elikhan Yolu yap\u0131m\u0131 2024 y\u0131l\u0131 b\u00fct\u00e7esiyle birlikte ihaleye \u00e7\u0131kaca\u011f\u0131n\u0131 s\u00f6yleyen Milletvekili Kurt,&#8221;Ad\u0131yaman\u2019\u0131n hayati \u00f6nemdeki \u00c7elikhan yolu i\u00e7in 14 May\u0131s se\u00e7imleri s\u00fcrecinde verdi\u011fi s\u00f6z\u00fc tuttu bakanl\u0131k ve TCK Genel M\u00fcd\u00fcrl\u00fc\u011f\u00fc nezdinde konunun takip\u00e7isi oldu. Kaza riski y\u00fcksek olan Ad\u0131yaman-\u00c7elikhan Yolu yap\u0131m\u0131 2024 y\u0131l\u0131 b\u00fct\u00e7esiyle birlikte ihaleye \u00e7\u0131kacak. &nbsp;Proje Kapsam\u0131nda; 598 metre uzunlu\u011funda 5 Adet K\u00f6pr\u00fc ve 6.410 metre uzunlu\u011funda 2 adet tek t\u00fcp t\u00fcnel bulunacakt\u0131r. 7.5 km\u2019si B\u00f6l\u00fcnm\u00fc\u015f Yol Sathi Kaplama, 31.5 Tek Yol Sathi Kaplama olmak \u00fczere toplamda 39 Km\u2019lik yolun ihalesinin 2024 y\u0131l\u0131nda yap\u0131lmas\u0131 planlan\u0131yor. &#8220;dedi.<br>&#8220;Yap\u0131m Maliyeti 5 Milyar TL olacak&#8221;<br>Projenin yap\u0131m maliyetine de de\u011finen Kurt, konu\u015fmas\u0131n\u0131 \u015f\u00f6yle s\u00fcrd\u00fcrd\u00fc:<br>&#8220;S\u00f6z konusu projenin yap\u0131m Maliyeti 5 Milyar TL olacak. Hem\u015fehrilerimizin talepleri noktas\u0131nda ve \u015fehrimizin ihyas\u0131 i\u00e7in t\u00fcm Milletvekillerimizle seferber olduk. \u015eehrimizdeki projelerin Bakanl\u0131k ve Kurumlarda takibini yap\u0131yoruz, Hem\u015fehrilerimizin taleplerinin ger\u00e7ekle\u015fmesi i\u00e7in h\u0131z kesmeden \u00e7al\u0131\u015fmaya devam edece\u011fiz.&#8221;<br>&nbsp;<\/p>\n\n\n\n<p>Kaynak : PHA<\/p>\n","protected":false},"excerpt":{"rendered":"<p>Adalet ve Kalk\u0131nma Partisi (AK Parti) Ad\u0131yaman Milletvekili Do\u00e7. Dr. Resul Kurt, bakanl\u0131k aras\u0131nda yapt\u0131\u011f\u0131 g\u00f6r\u00fc\u015fmede \u00c7elikhan yolu m\u00fcjdesini verdi. Milletvekili Kurt, Plan ve B\u00fct\u00e7e Komisyonunda yap\u0131lan 2024 y\u0131l\u0131 b\u00fct\u00e7e g\u00f6r\u00fc\u015fmelerinde s\u00f6z\u00fcn\u00fc ald\u0131\u011f\u0131 Ad\u0131yaman- \u00c7elikhan yolunda ihale a\u015famas\u0131na geldi\u011fini m\u00fcjdesini verdi.&nbsp;Kurt, Uzun zamand\u0131r yap\u0131lmas\u0131 beklenen ve Ad\u0131yaman\u2019\u0131n Malatya ile ba\u011flant\u0131s\u0131n\u0131 da sa\u011flayacak Ad\u0131yaman-\u00c7elikhan yolu hakk\u0131nda [&hellip;]<\/p>\n","protected":false},"author":1,"featured_media":3945,"comment_status":"open","ping_status":"open","sticky":false,"template":"","format":"standard","meta":{"om_disable_all_campaigns":false,"_monsterinsights_skip_tracking":false,"_monsterinsights_sitenote_active":false,"_monsterinsights_sitenote_note":"","_monsterinsights_sitenote_category":0,"footnotes":""},"categories":[1,11],"tags":[],"aioseo_notices":[],"_links":{"self":[{"href":"https:\/\/www.hbrkahta.com\/index.php\/wp-json\/wp\/v2\/posts\/3944"}],"collection":[{"href":"https:\/\/www.hbrkahta.com\/index.php\/wp-json\/wp\/v2\/posts"}],"about":[{"href":"https:\/\/www.hbrkahta.com\/index.php\/wp-json\/wp\/v2\/types\/post"}],"author":[{"embeddable":true,"href":"https:\/\/www.hbrkahta.com\/index.php\/wp-json\/wp\/v2\/users\/1"}],"replies":[{"embeddable":true,"href":"https:\/\/www.hbrkahta.com\/index.php\/wp-json\/wp\/v2\/comments?post=3944"}],"version-history":[{"count":1,"href":"https:\/\/www.hbrkahta.com\/index.php\/wp-json\/wp\/v2\/posts\/3944\/revisions"}],"predecessor-version":[{"id":3946,"href":"https:\/\/www.hbrkahta.com\/index.php\/wp-json\/wp\/v2\/posts\/3944\/revisions\/3946"}],"wp:featuredmedia":[{"embeddable":true,"href":"https:\/\/www.hbrkahta.com\/index.php\/wp-json\/wp\/v2\/media\/3945"}],"wp:attachment":[{"href":"https:\/\/www.hbrkahta.com\/index.php\/wp-json\/wp\/v2\/media?parent=3944"}],"wp:term":[{"taxonomy":"category","embeddable":true,"href":"https:\/\/www.hbrkahta.com\/index.php\/wp-json\/wp\/v2\/categories?post=3944"},{"taxonomy":"post_tag","embeddable":true,"href":"https:\/\/www.hbrkahta.com\/index.php\/wp-json\/wp\/v2\/tags?post=3944"}],"curies":[{"name":"wp","href":"https:\/\/api.w.org\/{rel}","templated":true}]}}