{"id":3917,"date":"2023-12-15T17:31:10","date_gmt":"2023-12-15T14:31:10","guid":{"rendered":"https:\/\/www.hbrkahta.com\/?p=3917"},"modified":"2023-12-15T17:31:11","modified_gmt":"2023-12-15T14:31:11","slug":"tutdere-secim-starti-verdi-adiyamanimizi-elbirligiyle-yeniden-insa-edecegiz","status":"publish","type":"post","link":"https:\/\/www.hbrkahta.com\/index.php\/2023\/12\/15\/tutdere-secim-starti-verdi-adiyamanimizi-elbirligiyle-yeniden-insa-edecegiz\/","title":{"rendered":"Tutdere Se\u00e7im Start\u0131 Verdi: Ad\u0131yaman&#8217;\u0131m\u0131z\u0131 Elbirli\u011fiyle Yeniden \u0130n\u015fa Edece\u011fiz"},"content":{"rendered":"\n<p><strong>CHP Ad\u0131yaman Milletvekili Av. Abdurrahman Tutdere, Mart 2024 yerel se\u00e7imi \u00f6ncesi memleketi Ad\u0131yaman&#8217;da saha \u00e7al\u0131\u015fmalar\u0131na ba\u015flad\u0131.<\/strong><\/p>\n\n\n\n<p>Tutdere, 31 Mart 2024&#8217;te yap\u0131lacak olan yerel se\u00e7im \u00f6ncesinde, \u00f6nce partilileri ile bir araya geldi, ard\u0131ndan muhalefet partilerini ziyaret etti. Ziyaretlerinde partiler aras\u0131 i\u015fbirli\u011fini \u00f6nemsediklerinin alt\u0131n\u0131 \u00e7izen Tutdere, \u201cMuhalefetteki t\u00fcm partileri bir araya getirip Ad\u0131yaman\u2019\u0131m\u0131z\u0131 elbirli\u011fiyle yeniden in\u015fa edece\u011fiz. Bu s\u00fcre\u00e7te CHP olarak hi\u00e7bir sorumluluktan ka\u00e7mayaca\u011f\u0131z.\u201d dedi.<\/p>\n\n\n\n<p>\u0130lk Durak Cumhuriyet Halk Partisi<\/p>\n\n\n\n<p>Tutdere ilk olarak, Cumhuriyet Halk Partisi \u0130l Ba\u015fkanl\u0131\u011f\u0131nda \u0130l Ba\u015fkan\u0131 Engin Do\u011fan ve parti \u00fcyeleriyle bir araya geldi. Se\u00e7imden \u00f6nce sahada yap\u0131lacak \u00e7al\u0131\u015fmalar ve haz\u0131rl\u0131klarla ilgili olarak parti y\u00f6neticileriyle fikir al\u0131\u015fveri\u015finde bulunan Tutdere, &#8220;\u0130limiz depremden en \u00e7ok etkilenen ama en \u00e7ok ihmal edilen b\u00f6lgelerinin ba\u015f\u0131nda yer al\u0131yor. Depremin \u00fczerinden neredeyse 1 y\u0131l ge\u00e7ecek ama neredeyse \u00e7ivi bile \u00e7ak\u0131lmad\u0131. Bu s\u00fcre\u00e7te yurtta\u015flar\u0131m\u0131z\u0131n bizden beklentisi daha b\u00fcy\u00fck ve Cumhuriyet Halk Partisi olarak \u00fczerimize daha \u00e7ok sorumluluk d\u00fc\u015f\u00fcyor. O nedenle sahada daha aktif olaca\u011f\u0131z, di\u011fer partilerle birlikte can\u0131m\u0131z\u0131 di\u015fimize takarak, Ad\u0131yaman\u2019\u0131m\u0131z\u0131 tekrar eski g\u00fcnlerine d\u00f6nd\u00fcrmek i\u00e7in var g\u00fcc\u00fcm\u00fczle \u00e7al\u0131\u015faca\u011f\u0131z.\u201d diye konu\u015ftu.<\/p>\n\n\n\n<p>\u201cHi\u00e7bir sorumluluktan ka\u00e7mayaca\u011f\u0131z\u201d<\/p>\n\n\n\n<p>Se\u00e7im s\u00fcrecinde muhalefet partileri ile i\u015fbirli\u011fi i\u00e7inde \u00e7al\u0131\u015fmay\u0131 hedeflediklerini belirten Milletvekili Tutdere, \u201cYerel se\u00e7imde amac\u0131m\u0131z Ad\u0131yaman\u2019\u0131n t\u00fcm partilerini bir araya getirip hep birlikte Ad\u0131yaman\u2019\u0131m\u0131z\u0131 yeniden in\u015fa etmek. Bu konuda Cumhuriyet Halk Partisi olarak \u00fczerimize d\u00fc\u015fen t\u00fcm sorumlulu\u011fu yerine getirece\u011fiz ve hi\u00e7bir sorumluluktan ka\u00e7mayaca\u011f\u0131z.\u201d dedi.<\/p>\n\n\n\n<p>Saadet Partisine Ba\u015fsa\u011fl\u0131\u011f\u0131<\/p>\n\n\n\n<p>Saadet Partisi il ba\u015fkanl\u0131\u011f\u0131n\u0131 ziyaret eden Tutdere, TBMM&#8217;de b\u00fct\u00e7e g\u00f6r\u00fc\u015fmelerindeki konu\u015fmas\u0131 esnas\u0131nda fenala\u015farak hastaneye kald\u0131r\u0131lan, ancak kurtar\u0131lamayan Kocaeli Milletvekili Hasan Bitmez i\u00e7in \u00fcz\u00fcnt\u00fclerini iletti.<\/p>\n\n\n\n<p>Tutdere, \u201cHasan a\u011fabeyimiz bizim i\u00e7in k\u0131ymetli idi. Vefat\u0131 sizler kadar bizleri de \u00fczd\u00fc. Kendisine Allah\u2019tan rahmet, ailesi ve siz de\u011ferli yol arkada\u015flar\u0131na da sab\u0131rlar diliyorum. Yerel se\u00e7im s\u00fcrecinde de, genel se\u00e7imde \u00f6ncesinde oldu\u011fu gibi Ad\u0131yaman\u2019\u0131m\u0131z i\u00e7in i\u015fbirli\u011fimizin devam edece\u011fine inan\u0131yorum.\u201d \u015feklinde konu\u015ftu.<\/p>\n\n\n\n<p>&#8220;Ad\u0131yaman\u2019\u0131n her zamankinden daha \u00e7ok deste\u011fe ihtiyac\u0131 var\u201d<\/p>\n\n\n\n<p>Saadet Partisinden sonra \u0130Y\u0130 Parti \u0130l Ba\u015fkanl\u0131\u011f\u0131n\u0131 ziyaret eden Tutdere, burada da partiler aras\u0131 i\u015fbirli\u011fine dikkat \u00e7ekti. Tutdere, \u015funlar\u0131 s\u00f6yledi:<\/p>\n\n\n\n<p>&#8220;Genel se\u00e7imlerde muhalefet partileri olarak 1 milletvekilini Meclise g\u00f6nderdik ama i\u015fbirli\u011fimizin hakk\u0131 1 milletvekili de\u011fildi. Hem\u015ferilerimiz de bug\u00fcne kadar yap\u0131lmayan \u00e7al\u0131\u015fmalar\u0131 g\u00f6r\u00fcnce, iktidar partisine 4 milletvekili kazand\u0131rd\u0131\u011f\u0131 i\u00e7in pi\u015fmanl\u0131k ya\u015fad\u0131 ama i\u015f i\u015ften ge\u00e7ti art\u0131k. Bundan sonra \u00f6n\u00fcm\u00fcze bakaca\u011f\u0131z. Se\u00e7ildik, Meclis&#8217;e gittik ve hem\u015ferilerimizin sesi olmaya \u00e7al\u0131\u015f\u0131yoruz, olaca\u011f\u0131z da. Ad\u0131yaman her zamankinden daha \u00e7ok deste\u011fe ihtiya\u00e7 duyan, depremle birlikte yaralar\u0131 derinle\u015fen bir kent. Bu sorumlulu\u011fun bilinciyle g\u00f6revimizi yap\u0131yoruz. \u015eimdi art\u0131k \u00f6n\u00fcm\u00fczde bir yerel se\u00e7im var. Yerel se\u00e7im \u00f6ncesinde hem sizleri ziyaret edelim hem de se\u00e7imle ilgili fikir al\u0131\u015fveri\u015finde bulunal\u0131m istedik. Cumhuriyet Halk Partisi ve \u0130Y\u0130 Partimizin genel merkezinin alm\u0131\u015f oldu\u011fu bir karar var. Genel Ba\u015fkan\u0131m\u0131z\u0131n her defas\u0131nda s\u00f6yledi\u011fi gibi bu karara sayg\u0131l\u0131y\u0131z. Ama bir ger\u00e7ek var ki, yerelde de i\u015fbirli\u011fine ihtiya\u00e7 var. Ad\u0131yaman&#8217;da bu i\u015fbirli\u011fini muhalefet partileri ad\u0131na \u00f6nemsiyoruz. Bu ba\u011flamda gerek di\u011fer partilerle gerek \u0130Y\u0130 Parti ile se\u00e7im s\u00fcrecinde iyi bir sinerjiyle, verimli bi\u00e7imde \u00e7al\u0131\u015faca\u011f\u0131m\u0131za inan\u0131yoruz.&#8221;<\/p>\n\n\n\n<p>&#8220;Ad\u0131yaman&#8217;da muhalefetin sesi g\u00fcr \u00e7\u0131kacak&#8221;<\/p>\n\n\n\n<p>Milletvekili Tutdere, \u0130Y\u0130 Parti ziyaretinden sonra, Gelecek Partisi \u0130l Ba\u015fkan\u0131 Seyfettin Bilen ve partililer ile bir araya geldi. Ziyaretleri i\u00e7in Gelecek Partilileri te\u015fekk\u00fcr eden Tutdere, \u201cGenel se\u00e7im \u00f6ncesinde Gelecek Partisi ile birlikte g\u00fczel \u00e7al\u0131\u015fmalara imza atm\u0131\u015ft\u0131k. Yerel se\u00e7imde de ayn\u0131 \u015fekilde \u00e7al\u0131\u015faca\u011f\u0131m\u0131za inan\u0131yorum. 6 \u015eubat depremlerinden sonra ilimiz \u00e7ok b\u00fcy\u00fck yara ald\u0131. Ancak dertlerimize \u00e7are bulunmas\u0131 konusunda i\u015fler \u00e7ok yava\u015f ilerliyor. Yerel se\u00e7imlerde Ad\u0131yaman\u2019\u0131m\u0131za bi\u00e7ilen bu makus talihi de\u011fi\u015ftirmek istiyoruz, bu nedenle sahada muhalefet partileri olarak sesimizin daha g\u00fcr \u00e7\u0131kmas\u0131n\u0131 arzu ediyoruz; bunun da i\u015fbirli\u011fi ile sa\u011flanaca\u011f\u0131na inan\u0131yoruz. Di\u011fer partilerle oldu\u011fu gibi, sizlerle de bu s\u00fcreci verimli de\u011ferlendirece\u011fimize inanc\u0131m sonsuz. 31 Mart\u2019a kadar i\u015fimiz g\u00fcc\u00fcm\u00fcz, el birli\u011fiyle Ad\u0131yaman i\u00e7in \u00e7al\u0131\u015fmak olacak.\u201d ifadelerini kulland\u0131.<\/p>\n\n\n\n<p>\u201c\u00d6l\u00fcy\u00fc g\u00f6md\u00fcler, aya\u011f\u0131n\u0131 toprak \u00fcst\u00fcnde b\u0131rakt\u0131lar\u201d<\/p>\n\n\n\n<p>Milletvekili Tutdere, son olarak, Demokrat Parti \u0130l Ba\u015fkan\u0131 Ahmet \u00c7ift\u00e7i\u2019yi a\u011f\u0131rlad\u0131. Tutdere, \u201cYerel se\u00e7ime 4 aydan k\u0131sa bir s\u00fcre kald\u0131. Genel se\u00e7imden \u00f6nce iktidar milletvekilleri \u00f6zellikle depremle ilgili t\u00fcrl\u00fc vaatler verdi ama gelinen noktada vaatlerin kar\u015f\u0131l\u0131k bulmad\u0131\u011f\u0131n\u0131 vatanda\u015f\u0131m\u0131z kadar biz de g\u00f6r\u00fcyoruz. \u2018\u00d6l\u00fcy\u00fc g\u00f6md\u00fcler, aya\u011f\u0131n\u0131 torak \u00fcst\u00fcnde b\u0131rakt\u0131lar\u2019 diye bir s\u00f6z\u00fcm\u00fcz var. Baz\u0131 \u00e7al\u0131\u015fmalar yap\u0131ld\u0131 ama i\u015fte o kadar. Dolay\u0131s\u0131yla \u00f6n\u00fcm\u00fczde, Ad\u0131yaman\u2019\u0131m\u0131z i\u00e7in iyi de\u011ferlendirmemiz gereken bir yerel se\u00e7im s\u00fcreci var. Di\u011fer partilerdeki arkada\u015flar\u0131m\u0131za da ifade etti\u011fim gibi, bu s\u00fcre\u00e7te muhalefet partileri ile bir arada \u00e7al\u0131\u015fmay\u0131 daha \u00e7ok \u00f6nemsiyoruz. Hele ki, depremden bu kadar yara alm\u0131\u015fken bu i\u015fbirli\u011fi daha \u00f6nemli hale geliyor. Bu duygu ve d\u00fc\u015f\u00fcncelerle ziyaretiniz i\u00e7in te\u015fekk\u00fcr ediyor, se\u00e7im s\u00fcrecinde birlikte daha g\u00fc\u00e7l\u00fc olaca\u011f\u0131m\u0131za inan\u0131yorum.\u201d dedi.<\/p>\n\n\n\n<p>Kaynak : PHA<\/p>\n","protected":false},"excerpt":{"rendered":"<p>CHP Ad\u0131yaman Milletvekili Av. Abdurrahman Tutdere, Mart 2024 yerel se\u00e7imi \u00f6ncesi memleketi Ad\u0131yaman&#8217;da saha \u00e7al\u0131\u015fmalar\u0131na ba\u015flad\u0131. Tutdere, 31 Mart 2024&#8217;te yap\u0131lacak olan yerel se\u00e7im \u00f6ncesinde, \u00f6nce partilileri ile bir araya geldi, ard\u0131ndan muhalefet partilerini ziyaret etti. Ziyaretlerinde partiler aras\u0131 i\u015fbirli\u011fini \u00f6nemsediklerinin alt\u0131n\u0131 \u00e7izen Tutdere, \u201cMuhalefetteki t\u00fcm partileri bir araya getirip Ad\u0131yaman\u2019\u0131m\u0131z\u0131 elbirli\u011fiyle yeniden in\u015fa edece\u011fiz. [&hellip;]<\/p>\n","protected":false},"author":1,"featured_media":3918,"comment_status":"open","ping_status":"open","sticky":false,"template":"","format":"standard","meta":{"om_disable_all_campaigns":false,"_monsterinsights_skip_tracking":false,"_monsterinsights_sitenote_active":false,"_monsterinsights_sitenote_note":"","_monsterinsights_sitenote_category":0,"footnotes":""},"categories":[1],"tags":[],"aioseo_notices":[],"_links":{"self":[{"href":"https:\/\/www.hbrkahta.com\/index.php\/wp-json\/wp\/v2\/posts\/3917"}],"collection":[{"href":"https:\/\/www.hbrkahta.com\/index.php\/wp-json\/wp\/v2\/posts"}],"about":[{"href":"https:\/\/www.hbrkahta.com\/index.php\/wp-json\/wp\/v2\/types\/post"}],"author":[{"embeddable":true,"href":"https:\/\/www.hbrkahta.com\/index.php\/wp-json\/wp\/v2\/users\/1"}],"replies":[{"embeddable":true,"href":"https:\/\/www.hbrkahta.com\/index.php\/wp-json\/wp\/v2\/comments?post=3917"}],"version-history":[{"count":1,"href":"https:\/\/www.hbrkahta.com\/index.php\/wp-json\/wp\/v2\/posts\/3917\/revisions"}],"predecessor-version":[{"id":3919,"href":"https:\/\/www.hbrkahta.com\/index.php\/wp-json\/wp\/v2\/posts\/3917\/revisions\/3919"}],"wp:featuredmedia":[{"embeddable":true,"href":"https:\/\/www.hbrkahta.com\/index.php\/wp-json\/wp\/v2\/media\/3918"}],"wp:attachment":[{"href":"https:\/\/www.hbrkahta.com\/index.php\/wp-json\/wp\/v2\/media?parent=3917"}],"wp:term":[{"taxonomy":"category","embeddable":true,"href":"https:\/\/www.hbrkahta.com\/index.php\/wp-json\/wp\/v2\/categories?post=3917"},{"taxonomy":"post_tag","embeddable":true,"href":"https:\/\/www.hbrkahta.com\/index.php\/wp-json\/wp\/v2\/tags?post=3917"}],"curies":[{"name":"wp","href":"https:\/\/api.w.org\/{rel}","templated":true}]}}