{"id":3914,"date":"2023-12-15T17:29:23","date_gmt":"2023-12-15T14:29:23","guid":{"rendered":"https:\/\/www.hbrkahta.com\/?p=3914"},"modified":"2023-12-15T17:29:24","modified_gmt":"2023-12-15T14:29:24","slug":"chpnin-belediye-baskan-adaylari-belli-oldu","status":"publish","type":"post","link":"https:\/\/www.hbrkahta.com\/index.php\/2023\/12\/15\/chpnin-belediye-baskan-adaylari-belli-oldu\/","title":{"rendered":"CHP&#8217;nin Belediye Ba\u015fkan Adaylar\u0131 Belli Oldu"},"content":{"rendered":"\n<p><strong>Cumhuriyet Halk Partisi&#8217;nin (CHP) 4&#8217;\u00fc b\u00fcy\u00fck\u015fehir olmak \u00fczere, 227 se\u00e7im \u00e7evresinde parti meclisinde al\u0131nan kararla belediye ba\u015fkan adaylar\u0131 belirlendi. Ad\u0131yaman&#8217;\u0131n Gerger ve Sincik \u0130l\u00e7e Belediye Ba\u015fkan adaylar\u0131 ile Besni&#8217;nin \u00c7ak\u0131rh\u00f6y\u00fck, Kesmetepe ve K\u00f6seceli Belde Belediye Ba\u015fkan adaylar\u0131 da ilan edildi.<\/strong><\/p>\n\n\n\n<p>Cumhuriyet Halk Partisi&#8217;nin (CHP) 4&#8217;\u00fc b\u00fcy\u00fck\u015fehir olmak \u00fczere, 227 se\u00e7im \u00e7evresinde parti meclisinde al\u0131nan kararla belediye ba\u015fkan adaylar\u0131 belirlendi. Ad\u0131yaman&#8217;\u0131n Gerger ve Sincik \u0130l\u00e7e Belediye Ba\u015fkan adaylar\u0131 ile Besni&#8217;nin \u00c7ak\u0131rh\u00f6y\u00fck, Kesmetepe ve K\u00f6seceli Belde Belediye Ba\u015fkan adaylar\u0131 da ilan edildi.<\/p>\n\n\n\n<p>CHP&#8217;nin Ad\u0131yaman&#8217;da belli olan il\u00e7e ve belde belediye ba\u015fkan adaylar\u0131n\u0131n isimleri \u015f\u00f6yle: Ad\u0131yaman&#8217;\u0131n Gerger il\u00e7esi Belediye Ba\u015fkan aday\u0131; Nazim Kaya, Sincik il\u00e7esi Belediye Ba\u015fkan aday\u0131; Ramazan \u015eahin, Besni \u0130l\u00e7esi \u00c7ak\u0131rh\u00f6y\u00fck Beldesi Belediye Ba\u015fkan aday\u0131; Recep \u00c7etin, Besni \u0130l\u00e7esi Kesmetepe Beldesi Belediye Ba\u015fkan aday\u0131; Ali Y\u0131lmaz, Besni \u0130l\u00e7esi K\u00f6seceli Beldesi Belediye Ba\u015fkan aday\u0131; Veysel Korkmaz,<\/p>\n\n\n\n<p>CHP Genel Ba\u015fkan\u0131 \u00d6zg\u00fcr \u00d6zel, CHP Parti Meclisi Toplant\u0131s\u0131&#8217;na ba\u015fkanl\u0131k etti. Bas\u0131na kapal\u0131 ger\u00e7ekle\u015fen toplant\u0131n\u0131n ard\u0131ndan konu\u015fan CHP Genel Ba\u015fkan Yard\u0131mc\u0131s\u0131 ve Parti S\u00f6zc\u00fcs\u00fc Deniz Y\u00fccel, Parti Meclislerinde baz\u0131 belediye ba\u015fkan adaylar\u0131n\u0131n belirlendi\u011fini belirterek, &#8220;Bug\u00fcn 4&#8217;\u00fc b\u00fcy\u00fck\u015fehir belediye ba\u015fkan aday\u0131 olmak \u00fczere 227 se\u00e7im \u00e7evresinde parti meclisimizde ald\u0131\u011f\u0131m\u0131z kararla belediye ba\u015fkan adaylar\u0131m\u0131z\u0131 belirledik. A\u00e7\u0131klayaca\u011f\u0131m\u0131z 4 b\u00fcy\u00fck\u015fehirden 2&#8217;si zaten \u00f6nceki Genel Ba\u015fkan\u0131m\u0131z Say\u0131n Kemal K\u0131l\u0131\u00e7daro\u011flu ve Genel Ba\u015fkan\u0131m\u0131z \u00d6zg\u00fcr \u00d6zel taraf\u0131ndan ilan edilmi\u015fti&#8221; dedi.<\/p>\n\n\n\n<p>\u0130stanbul B\u00fcy\u00fck\u015fehir Belediye Ba\u015fkan aday\u0131n\u0131n Ekrem \u0130mamo\u011flu, Ankara B\u00fcy\u00fck\u015fehir Belediye Ba\u015fkan aday\u0131n\u0131n ise Mansur Yava\u015f oldu\u011funu a\u00e7\u0131klayan Y\u00fccel, &#8220;Bursa ve Bal\u0131kesir illerimizde de daha \u00f6nce partimizin ve \u00f6rg\u00fct\u00fcm\u00fcz\u00fcn, \u00fczerinde mutabakata vard\u0131\u011f\u0131, ayr\u0131ca anketlerde de kazand\u0131\u011f\u0131n\u0131 g\u00f6rd\u00fc\u011f\u00fcm\u00fcz isimler parti meclisimizin karar\u0131yla adayla\u015ft\u0131. Bursa B\u00fcy\u00fck\u015fehir Belediye Ba\u015fkan aday\u0131m\u0131z Mustafa Bozbey. Bal\u0131kesir B\u00fcy\u00fck\u015fehir Belediye Ba\u015fkan aday\u0131m\u0131z ise Say\u0131n Ahmet Ak\u0131n&#8221; dedi.<\/p>\n\n\n\n<p>\u0130simlerini payla\u015facaklar\u0131 di\u011fer belediye ba\u015fkan adaylar\u0131n\u0131n ise ge\u00e7en hafta Parti Meclisi toplant\u0131lar\u0131nda \u00f6rg\u00fcte yetki verdikleri il ve il\u00e7elerle, yetki verilmemi\u015f olsa bile il ve il\u00e7e \u00f6rg\u00fctleri, milletvekili ve Parti Meclisi \u00fcyelerinin \u00fczerinde tam bir mutabakat sa\u011flad\u0131\u011f\u0131 se\u00e7im \u00e7evreleri oldu\u011funu kaydeden Y\u00fccel, \u015f\u00f6yle konu\u015ftu:<br>&#8220;Cumhuriyet Halk Partisi olarak biz, 2019&#8217;dan bu yana T\u00fcrkiye&#8217;nin yar\u0131s\u0131n\u0131 sosyal belediyecilik anlay\u0131\u015f\u0131yla tan\u0131\u015ft\u0131rd\u0131k. T\u00fcrkiye&#8217;nin yar\u0131s\u0131 CHP&#8217;nin sosyal belediyecilik anlay\u0131\u015f\u0131yla y\u00f6netilmektedir. Belediyelerimiz ge\u00e7ti\u011fimiz 4 y\u0131lda ba\u015fta pandemi olmak \u00fczere deprem, sel gibi do\u011fal afet s\u00fcre\u00e7lerinde, halk\u0131m\u0131z\u0131n yan\u0131nda olmu\u015ftur. Vatanda\u015f\u0131m\u0131z\u0131n ihtiya\u00e7 ve taleplerini y\u00fcksek organizasyon yetenekleriyle h\u0131zl\u0131 bir \u015fekilde kar\u015f\u0131lam\u0131\u015flard\u0131r. \u0130nan\u0131yoruz ki 31 Mart se\u00e7imlerinde insan odakl\u0131 politikalar\u0131m\u0131zla vatanda\u015f\u0131m\u0131za, s\u0131cak bir el uzatan belediyelerimizin say\u0131s\u0131n\u0131 art\u0131raca\u011f\u0131z.&#8221;<\/p>\n\n\n\n<p>\u0130\u015fte CHP&#8217;nin 4 B\u00fcy\u00fck\u015fehir Belediye Ba\u015fkan Aday\u0131<\/p>\n\n\n\n<p>\u0130stanbul B\u00fcy\u00fck\u015fehir Beldiye Ba\u015fkan Aday\u0131 Ekrem \u0130mamo\u011flu, Ankara B\u00fcy\u00fck\u015fehir Beldiye Ba\u015fkan Aday\u0131 Mansur Yava\u015f, Bursa Belediye Ba\u015fkan Aday\u0131 Mustafa Bozbey, Bal\u0131kesir B\u00fcy\u00fck\u015fehir Belediye Ba\u015fkan Aday\u0131 Ahmet Ak\u0131n<\/p>\n\n\n\n<p>6 \u0130lin Belediye Ba\u015fkan Aday\u0131 Belli Oldu<\/p>\n\n\n\n<p>CHP&#8217;nin PM toplant\u0131s\u0131nda 6 ilin belediye ba\u015fkan aday\u0131 da belirlendi. Buna g\u00f6re, Bolu Belediye ba\u015fkan aday\u0131 bir s\u00fcre \u00f6nce tekrar partiye d\u00f6nen Tanju \u00d6zcan, Bayburt Belediye ba\u015fkan aday\u0131 Kubilay Erel, Elaz\u0131\u011f Belediye ba\u015fkan aday\u0131 Co\u015fkun \u00c7a\u011flar, G\u00fcm\u00fc\u015fhane Belediye ba\u015fkan aday\u0131 Bedri A\u011fa\u00e7, Karaman Belediye ba\u015fkan aday\u0131 Recep Sert\u00e7elik, Nev\u015fehir Belediye ba\u015fkan aday\u0131 Mehmet Bilgin oldu.<\/p>\n\n\n\n<p>Kaynak : PHA<\/p>\n","protected":false},"excerpt":{"rendered":"<p>Cumhuriyet Halk Partisi&#8217;nin (CHP) 4&#8217;\u00fc b\u00fcy\u00fck\u015fehir olmak \u00fczere, 227 se\u00e7im \u00e7evresinde parti meclisinde al\u0131nan kararla belediye ba\u015fkan adaylar\u0131 belirlendi. Ad\u0131yaman&#8217;\u0131n Gerger ve Sincik \u0130l\u00e7e Belediye Ba\u015fkan adaylar\u0131 ile Besni&#8217;nin \u00c7ak\u0131rh\u00f6y\u00fck, Kesmetepe ve K\u00f6seceli Belde Belediye Ba\u015fkan adaylar\u0131 da ilan edildi. Cumhuriyet Halk Partisi&#8217;nin (CHP) 4&#8217;\u00fc b\u00fcy\u00fck\u015fehir olmak \u00fczere, 227 se\u00e7im \u00e7evresinde parti meclisinde al\u0131nan kararla [&hellip;]<\/p>\n","protected":false},"author":1,"featured_media":3915,"comment_status":"open","ping_status":"open","sticky":false,"template":"","format":"standard","meta":{"om_disable_all_campaigns":false,"_monsterinsights_skip_tracking":false,"_monsterinsights_sitenote_active":false,"_monsterinsights_sitenote_note":"","_monsterinsights_sitenote_category":0,"footnotes":""},"categories":[1],"tags":[],"aioseo_notices":[],"_links":{"self":[{"href":"https:\/\/www.hbrkahta.com\/index.php\/wp-json\/wp\/v2\/posts\/3914"}],"collection":[{"href":"https:\/\/www.hbrkahta.com\/index.php\/wp-json\/wp\/v2\/posts"}],"about":[{"href":"https:\/\/www.hbrkahta.com\/index.php\/wp-json\/wp\/v2\/types\/post"}],"author":[{"embeddable":true,"href":"https:\/\/www.hbrkahta.com\/index.php\/wp-json\/wp\/v2\/users\/1"}],"replies":[{"embeddable":true,"href":"https:\/\/www.hbrkahta.com\/index.php\/wp-json\/wp\/v2\/comments?post=3914"}],"version-history":[{"count":1,"href":"https:\/\/www.hbrkahta.com\/index.php\/wp-json\/wp\/v2\/posts\/3914\/revisions"}],"predecessor-version":[{"id":3916,"href":"https:\/\/www.hbrkahta.com\/index.php\/wp-json\/wp\/v2\/posts\/3914\/revisions\/3916"}],"wp:featuredmedia":[{"embeddable":true,"href":"https:\/\/www.hbrkahta.com\/index.php\/wp-json\/wp\/v2\/media\/3915"}],"wp:attachment":[{"href":"https:\/\/www.hbrkahta.com\/index.php\/wp-json\/wp\/v2\/media?parent=3914"}],"wp:term":[{"taxonomy":"category","embeddable":true,"href":"https:\/\/www.hbrkahta.com\/index.php\/wp-json\/wp\/v2\/categories?post=3914"},{"taxonomy":"post_tag","embeddable":true,"href":"https:\/\/www.hbrkahta.com\/index.php\/wp-json\/wp\/v2\/tags?post=3914"}],"curies":[{"name":"wp","href":"https:\/\/api.w.org\/{rel}","templated":true}]}}