{"id":3877,"date":"2023-12-14T10:29:47","date_gmt":"2023-12-14T07:29:47","guid":{"rendered":"https:\/\/www.hbrkahta.com\/?p=3877"},"modified":"2023-12-14T10:29:49","modified_gmt":"2023-12-14T07:29:49","slug":"ogrenci-ve-velilerden-filistine-destek-kermesi","status":"publish","type":"post","link":"https:\/\/www.hbrkahta.com\/index.php\/2023\/12\/14\/ogrenci-ve-velilerden-filistine-destek-kermesi\/","title":{"rendered":"\u00d6\u011frenci ve Velilerden Filistin\u2019e Destek Kermesi"},"content":{"rendered":"\n<p><strong>\u015eehit Mehmet K\u0131l\u0131n\u00e7 \u0130lkokulu ile \u0130yilik Der taraf\u0131ndan d\u00fczenlenen Filistin\u2019e destek kermesine veliler ve \u00f6\u011frenciler yo\u011fun ilgi g\u00f6sterdi. Aileler evlerinde haz\u0131rlad\u0131klar\u0131 yemekleri ve tatl\u0131lar\u0131 okul bah\u00e7esinde kurulan kermes \u00e7ad\u0131r\u0131nda sat\u0131\u015fa sundu.<\/strong><\/p>\n\n\n\n<p>Kermesten elde edilen gelirin tamam\u0131 Filistin halk\u0131na g\u00f6nderilece\u011fi gibi kermes etkinli\u011fine e\u011fitim camias\u0131, vatanda\u015flar, veliler ve \u00f6\u011frenciler yo\u011fun kat\u0131l\u0131m g\u00f6sterdi.<\/p>\n\n\n\n<p>Kermes etkinli\u011fine E\u011fitim M\u00fcfetti\u015fleri Ba\u015fkan\u0131 Arif Karaku\u015f, E\u011fitim M\u00fcfetti\u015fleri Ba\u015fkan Yard\u0131mc\u0131s\u0131 Sad\u0131k Y\u0131ld\u0131r\u0131m, \u0130l Milli E\u011fitim \u015eube M\u00fcd\u00fcrleri Hamza \u00c7elenk, \u00d6mer Faruk G\u00fcne\u015f, Mustafa G\u00fcm\u00fc\u015f, E\u011fitim Bir Sen Ad\u0131yaman \u015eube Ba\u015fkan\u0131 Mehmet Demir, T\u00fcrk E\u011fitim Sen Ba\u015fkan\u0131 \u015eemsettin A\u011far, okul m\u00fcd\u00fcrleri, \u00f6\u011fretmenler, veliler ve \u00f6\u011frenciler kat\u0131ld\u0131.<\/p>\n\n\n\n<p>Filistin yarar\u0131na d\u00fczenlemi\u015f olduklar\u0131 kermes hakk\u0131nda a\u00e7\u0131klamada bulanan \u015eehit Mehmet K\u0131l\u0131n\u00e7 \u0130lkokulu M\u00fcd\u00fcr\u00fc Murat \u00d6zt\u00fcrk; \u201cBu kermesimizi Filistin yarar\u0131na d\u00fczenledik. \u0130yilik Der ile birlikte bu kermesimizi d\u00fczenlemi\u015f olduk. Ba\u015fta \u0130yilik Der olmak \u00fczere kermesimize eme\u011fi ge\u00e7en \u00f6\u011fretmenlerimize, velilerimize, \u00f6\u011frencilerimize te\u015fekk\u00fcr ediyoruz. Kermesimize velilerimiz ve vatanda\u015flar\u0131m\u0131z taraf\u0131ndan yo\u011fun bir kat\u0131l\u0131m var. Allah herkesten raz\u0131 olsun. \u0130n\u015fallah bu t\u00fcr yard\u0131mla\u015fmalar\u0131m\u0131z Filistin\u2019in kurtulu\u015funa vesile olur. Filistin\u2019de b\u00fcy\u00fck bir katliam yap\u0131l\u0131yor. Bu katliam\u0131n bir an \u00f6nce durdurulmas\u0131 gerekiyor. Bizlerde elimizden geldi\u011fince Filistinli karde\u015flerimize destek vermeye \u00e7al\u0131\u015f\u0131yoruz. Velilerimizin tamam\u0131 kermesimize destek verdiler. Evlerinde haz\u0131rlam\u0131\u015f olduklar\u0131 yemekleri ve tatl\u0131lar\u0131 Filistin i\u00e7in kermese getirdiler. B\u00fct\u00fcn velilerimizin desteklerinden dolay\u0131 \u00e7ok te\u015fekk\u00fcr ediyorum\u201d dedi.<\/p>\n\n\n\n<p>Filistin i\u00e7in d\u00fczenledikleri kermeslere de\u011finen \u0130yilik Der Ad\u0131yaman \u0130l Temsilcisi Sami T\u00fcrk, \u201c100 y\u0131la yak\u0131n bir s\u00fcredir devam eden \u0130srail\u2019in hain sald\u0131r\u0131lar\u0131 var. Filistinli karde\u015flerimize destek i\u00e7in bug\u00fcn buraday\u0131z. Kermesimize velilerimiz ve \u00f6\u011frenciler yo\u011fun bir \u015fekilde ilgi g\u00f6sterdiler. Kermesimizden elde etti\u011fimiz geliri Filistin\u2019e g\u00f6nderece\u011fiz. Kermesimizde g\u00f6rev alanlar\u0131n b\u00fcy\u00fck bir b\u00f6l\u00fcm\u00fc velilerimiz, di\u011fer g\u00f6revlilerimiz ise dernek g\u00f6n\u00fcllerimizden olu\u015fmakta. Tamamen g\u00f6n\u00fcll\u00fcl\u00fck esas\u0131yla \u00e7al\u0131\u015f\u0131yorlar. Velilerimiz hem evlerinde yapm\u0131\u015f oldu\u011fu yemekleri ve tatl\u0131lar\u0131 kermesimize getiriyorlar hem de \u00f6\u011frencileri bu kermesteki \u00fcr\u00fcnleri para ile al\u0131yorlar. Bu dayan\u0131\u015fma \u00f6rne\u011fi bizleri duyguland\u0131r\u0131yor. Kermesimize destek veren \u015eehit Mehmet K\u0131l\u0131n\u00e7 \u0130lkokulu M\u00fcd\u00fcr\u00fc Murat \u00d6zt\u00fcrk ba\u015fta olmak \u00fczere okul y\u00f6netimine, \u00f6\u011fretmenlerimize ve velilerimize \u00e7ok te\u015fekk\u00fcr ediyorum. Allah onlardan raz\u0131 olsun. Rabbim insanlara insan olma ruhu versin. Filistin\u2019de yap\u0131lan katliam devam ediyor. Orada insanlar yak\u0131nlar\u0131n\u0131n cesetlerini bile alam\u0131yorlar. Y\u0131k\u0131lan evlerin alt\u0131nda halen cesetler var. Hi\u00e7bir \u015fey yapamasak bile oradaki karde\u015flerimize destek olmak ad\u0131na \u00e7al\u0131\u015fmalar\u0131m\u0131z oluyor. \u00c7ocuklar\u0131m\u0131z oradaki \u00e7ocuklar\u0131 d\u00fc\u015f\u00fcnerek onlara dua ediyorlar\u201d dedi.<\/p>\n\n\n\n<p>Ad\u0131yaman merkezde bulunan okullarda d\u00fczenlemi\u015f olduklar\u0131 kermeslere vurgu yapan \u0130yilik Der Ad\u0131yaman \u0130l G\u00f6n\u00fcll\u00fcs\u00fc Orhan Koparal, \u201cBirka\u00e7 haftad\u0131r okullar\u0131m\u0131zda Filistin\u2019e destek amac\u0131yla kermes d\u00fczenlemekteyiz. \u015eehit Mehmet K\u0131l\u0131n\u00e7 \u0130lkokulu\u2019nda d\u00fczenledi\u011fimiz kermesten elde edilen paray\u0131 Filistin\u2019e g\u00f6nderece\u011fiz. Kermese velilerden ve \u00f6\u011frencilerden yo\u011fun bir ilgi var. Kermese eme\u011fi ge\u00e7en herkesten Allah raz\u0131 olsun\u201d dedi.<\/p>\n\n\n\n<p>\u015eehit Mehmet K\u0131l\u0131n\u00e7 \u0130lkokulu \u00f6\u011fretmenlerinden Mehmet Kandemir ise, \u201cVelilerimizin kat\u0131l\u0131m\u0131yla \u00f6nemli bir etkinli\u011fi ger\u00e7ekle\u015ftirmi\u015f olduk. Eme\u011fi ge\u00e7en herkesten Allah raz\u0131 olsun. Bizler Filistinli karde\u015flerimizin her zaman yan\u0131nday\u0131z. Ve yan\u0131nda olmaya devam edece\u011fiz\u201d diye konu\u015ftu.<\/p>\n\n\n\n<p>Velilerden Fahrettin \u015eahin ise Filistin\u2019e destek olmak ad\u0131na d\u00fczenlenen kermes hakk\u0131nda a\u00e7\u0131klamada bulunarak, \u201cFilistin halk\u0131na destek olmak i\u00e7in veliler olarak kermese kat\u0131ld\u0131k. Aileler olarak her zaman Filistin halk\u0131n\u0131n yan\u0131nday\u0131z. Onlar bizlerin karde\u015fleridir. Ayr\u0131ca \u0130srail\u2019in \u00fcr\u00fcnlerini boykot ediyoruz. Aile fertlerimizle birlikte \u0130srail\u2019in \u00fclkemizde satm\u0131\u015f oldu\u011fu \u00fcr\u00fcnleri boykot etmekteyiz\u201d \u015feklinde konu\u015ftu.<\/p>\n\n\n\n<p>Kaynak : PHA<\/p>\n\n\n\n<figure class=\"wp-block-gallery has-nested-images columns-default is-cropped wp-block-gallery-1 is-layout-flex wp-block-gallery-is-layout-flex\">\n<figure class=\"wp-block-image size-large\"><img loading=\"lazy\" decoding=\"async\" width=\"1024\" height=\"768\" data-id=\"3881\" src=\"https:\/\/www.hbrkahta.com\/wp-content\/uploads\/2023\/12\/4-5-1024x768.jpg\" alt=\"\" class=\"wp-image-3881\" srcset=\"https:\/\/www.hbrkahta.com\/wp-content\/uploads\/2023\/12\/4-5-1024x768.jpg 1024w, https:\/\/www.hbrkahta.com\/wp-content\/uploads\/2023\/12\/4-5-300x225.jpg 300w, https:\/\/www.hbrkahta.com\/wp-content\/uploads\/2023\/12\/4-5-768x576.jpg 768w, https:\/\/www.hbrkahta.com\/wp-content\/uploads\/2023\/12\/4-5.jpg 1200w\" sizes=\"(max-width: 1024px) 100vw, 1024px\" \/><\/figure>\n\n\n\n<figure class=\"wp-block-image size-large\"><img loading=\"lazy\" decoding=\"async\" width=\"1024\" height=\"768\" data-id=\"3880\" src=\"https:\/\/www.hbrkahta.com\/wp-content\/uploads\/2023\/12\/3-7-1024x768.jpg\" alt=\"\" class=\"wp-image-3880\" srcset=\"https:\/\/www.hbrkahta.com\/wp-content\/uploads\/2023\/12\/3-7-1024x768.jpg 1024w, https:\/\/www.hbrkahta.com\/wp-content\/uploads\/2023\/12\/3-7-300x225.jpg 300w, https:\/\/www.hbrkahta.com\/wp-content\/uploads\/2023\/12\/3-7-768x576.jpg 768w, https:\/\/www.hbrkahta.com\/wp-content\/uploads\/2023\/12\/3-7.jpg 1200w\" sizes=\"(max-width: 1024px) 100vw, 1024px\" \/><\/figure>\n\n\n\n<figure class=\"wp-block-image size-large\"><img loading=\"lazy\" decoding=\"async\" width=\"1024\" height=\"768\" data-id=\"3879\" src=\"https:\/\/www.hbrkahta.com\/wp-content\/uploads\/2023\/12\/2-7-1024x768.jpg\" alt=\"\" class=\"wp-image-3879\" srcset=\"https:\/\/www.hbrkahta.com\/wp-content\/uploads\/2023\/12\/2-7-1024x768.jpg 1024w, https:\/\/www.hbrkahta.com\/wp-content\/uploads\/2023\/12\/2-7-300x225.jpg 300w, https:\/\/www.hbrkahta.com\/wp-content\/uploads\/2023\/12\/2-7-768x576.jpg 768w, https:\/\/www.hbrkahta.com\/wp-content\/uploads\/2023\/12\/2-7.jpg 1200w\" sizes=\"(max-width: 1024px) 100vw, 1024px\" \/><\/figure>\n\n\n\n<figure class=\"wp-block-image size-large\"><img loading=\"lazy\" decoding=\"async\" width=\"1024\" height=\"768\" data-id=\"3878\" src=\"https:\/\/www.hbrkahta.com\/wp-content\/uploads\/2023\/12\/1-8-1024x768.jpg\" alt=\"\" class=\"wp-image-3878\" srcset=\"https:\/\/www.hbrkahta.com\/wp-content\/uploads\/2023\/12\/1-8-1024x768.jpg 1024w, https:\/\/www.hbrkahta.com\/wp-content\/uploads\/2023\/12\/1-8-300x225.jpg 300w, https:\/\/www.hbrkahta.com\/wp-content\/uploads\/2023\/12\/1-8-768x576.jpg 768w, https:\/\/www.hbrkahta.com\/wp-content\/uploads\/2023\/12\/1-8.jpg 1200w\" sizes=\"(max-width: 1024px) 100vw, 1024px\" \/><\/figure>\n<\/figure>\n","protected":false},"excerpt":{"rendered":"<p>\u015eehit Mehmet K\u0131l\u0131n\u00e7 \u0130lkokulu ile \u0130yilik Der taraf\u0131ndan d\u00fczenlenen Filistin\u2019e destek kermesine veliler ve \u00f6\u011frenciler yo\u011fun ilgi g\u00f6sterdi. Aileler evlerinde haz\u0131rlad\u0131klar\u0131 yemekleri ve tatl\u0131lar\u0131 okul bah\u00e7esinde kurulan kermes \u00e7ad\u0131r\u0131nda sat\u0131\u015fa sundu. Kermesten elde edilen gelirin tamam\u0131 Filistin halk\u0131na g\u00f6nderilece\u011fi gibi kermes etkinli\u011fine e\u011fitim camias\u0131, vatanda\u015flar, veliler ve \u00f6\u011frenciler yo\u011fun kat\u0131l\u0131m g\u00f6sterdi. Kermes etkinli\u011fine E\u011fitim M\u00fcfetti\u015fleri [&hellip;]<\/p>\n","protected":false},"author":1,"featured_media":3881,"comment_status":"open","ping_status":"open","sticky":false,"template":"","format":"standard","meta":{"om_disable_all_campaigns":false,"_monsterinsights_skip_tracking":false,"_monsterinsights_sitenote_active":false,"_monsterinsights_sitenote_note":"","_monsterinsights_sitenote_category":0,"footnotes":""},"categories":[16,1,11],"tags":[],"aioseo_notices":[],"_links":{"self":[{"href":"https:\/\/www.hbrkahta.com\/index.php\/wp-json\/wp\/v2\/posts\/3877"}],"collection":[{"href":"https:\/\/www.hbrkahta.com\/index.php\/wp-json\/wp\/v2\/posts"}],"about":[{"href":"https:\/\/www.hbrkahta.com\/index.php\/wp-json\/wp\/v2\/types\/post"}],"author":[{"embeddable":true,"href":"https:\/\/www.hbrkahta.com\/index.php\/wp-json\/wp\/v2\/users\/1"}],"replies":[{"embeddable":true,"href":"https:\/\/www.hbrkahta.com\/index.php\/wp-json\/wp\/v2\/comments?post=3877"}],"version-history":[{"count":1,"href":"https:\/\/www.hbrkahta.com\/index.php\/wp-json\/wp\/v2\/posts\/3877\/revisions"}],"predecessor-version":[{"id":3882,"href":"https:\/\/www.hbrkahta.com\/index.php\/wp-json\/wp\/v2\/posts\/3877\/revisions\/3882"}],"wp:featuredmedia":[{"embeddable":true,"href":"https:\/\/www.hbrkahta.com\/index.php\/wp-json\/wp\/v2\/media\/3881"}],"wp:attachment":[{"href":"https:\/\/www.hbrkahta.com\/index.php\/wp-json\/wp\/v2\/media?parent=3877"}],"wp:term":[{"taxonomy":"category","embeddable":true,"href":"https:\/\/www.hbrkahta.com\/index.php\/wp-json\/wp\/v2\/categories?post=3877"},{"taxonomy":"post_tag","embeddable":true,"href":"https:\/\/www.hbrkahta.com\/index.php\/wp-json\/wp\/v2\/tags?post=3877"}],"curies":[{"name":"wp","href":"https:\/\/api.w.org\/{rel}","templated":true}]}}