{"id":3747,"date":"2023-12-08T13:59:08","date_gmt":"2023-12-08T10:59:08","guid":{"rendered":"https:\/\/www.hbrkahta.com\/?p=3747"},"modified":"2023-12-08T13:59:10","modified_gmt":"2023-12-08T10:59:10","slug":"bakan-koca-gazzeden-114-hasta-getirildi-iki-hastamizi-maalesef-kaybettik","status":"publish","type":"post","link":"https:\/\/www.hbrkahta.com\/index.php\/2023\/12\/08\/bakan-koca-gazzeden-114-hasta-getirildi-iki-hastamizi-maalesef-kaybettik\/","title":{"rendered":"Bakan Koca: Gazze&#8217;den 114 hasta getirildi \u0130ki hastam\u0131z\u0131 maalesef kaybettik"},"content":{"rendered":"\n<p><strong>Sa\u011fl\u0131k Bakan\u0131 Fahrettin Koca, 114 hasta ve 86 refakat\u00e7inin Gazze&#8217;den getirildi\u011fini ifade ederek, yeni hastalar\u0131n getirilmesi i\u00e7in \u00e7al\u0131\u015fmalar\u0131n devam etti\u011fini s\u00f6yledi.<\/strong><\/p>\n\n\n\n<p>Sa\u011fl\u0131k Bakan\u0131 Fahrettin Koca, sosyal medya hesab\u0131ndan yapt\u0131\u011f\u0131 a\u00e7\u0131klamada, Gazze&#8217;den hasta transferiyle ilgili \u0130srail, M\u0131s\u0131r ve T\u00fcrkiye&#8217;den olu\u015fan \u00fc\u00e7l\u00fc koordinasyon ekibinin \u00e7al\u0131\u015ft\u0131\u011f\u0131n\u0131 bildirdi.<\/p>\n\n\n\n<p>\u015eu ana kadar T\u00fcrkiye&#8217;ye 114&#8217;\u00fc hasta, 86&#8217;s\u0131 refakat\u00e7i olmak \u00fczere 200 ki\u015finin getirildi\u011fini kaydeden Bakan Koca, &#8220;114 hastam\u0131zdan \u00e7ocuk hasta say\u0131s\u0131 26 ki\u015fiydi. \u0130ki hastam\u0131z\u0131 da maalesef kaybettik. Halen 7 hastam\u0131z yo\u011fun bak\u0131mda takip edilmektedir. Di\u011fer hastalar\u0131m\u0131z\u0131n \u015fu an i\u00e7in ciddi bir sorunu g\u00f6r\u00fcnm\u00fcyor. Takipleri devam ediyor&#8221; dedi.<\/p>\n\n\n\n<p>&#8220;20 ambulans\u0131m\u0131z s\u0131n\u0131rda bekliyor&#8221;<\/p>\n\n\n\n<p>Bundan sonraki s\u00fcre\u00e7 i\u00e7in koordinasyon ekibinin yeni hastalar\u0131n transferini yapmak \u00fczere \u00e7al\u0131\u015fmalar\u0131na devam etti\u011fini belirten Koca, a\u00e7\u0131klamalar\u0131na \u015f\u00f6yle devam etti:<\/p>\n\n\n\n<p>\u00d6n\u00fcm\u00fczdeki d\u00f6nemde bizim temelde yapmak istedi\u011fimiz sahra hastanesini yerinde a\u00e7arak hizmeti yerinde vermek. Bununla ilgili bir ekibimiz biliyorsunuz Gazze\u2019de \u00fc\u00e7 yerle\u015fim yerini incelemi\u015fti, \u00fc\u00e7 yerle\u015fim yerinin de altyap\u0131 a\u00e7\u0131s\u0131ndan \u00e7ok uygun olmad\u0131\u011f\u0131n\u0131 g\u00f6rd\u00fck, d\u00f6rd\u00fcnc\u00fc bir yerle\u015fim yeri i\u00e7in yeniden fizibilite \u00e7al\u0131\u015fmalar\u0131 yap\u0131ld\u0131. Refah S\u0131n\u0131r kap\u0131s\u0131na daha yak\u0131n olan bu d\u00f6rd\u00fcnc\u00fc noktan\u0131n uygun olaca\u011f\u0131n\u0131 d\u00fc\u015f\u00fcn\u00fcyoruz.<\/p>\n\n\n\n<p>\u00d6nceki g\u00fcn \u0130srail Sa\u011fl\u0131k Bakan\u0131 bug\u00fcn M\u0131s\u0131r Sa\u011fl\u0131k Bakan\u0131 ile g\u00f6r\u00fc\u015ft\u00fcm. Bu konuda mutab\u0131k kald\u0131k. \u00d6n\u00fcm\u00fczdeki g\u00fcnlerde san\u0131r\u0131m altyap\u0131s\u0131 daha iyi olan bu alanda h\u0131zla Sahra hastanesini kurma durumumuz s\u00f6z konusu olacak, o durumda da hastalar\u0131 daha \u00e7ok yerinde tedavi etme konusunda imk\u00e2n\u0131m\u0131z olacak. 20 ambulans\u0131m\u0131z ruhsatlar\u0131 al\u0131nm\u0131\u015f \u015fekilde s\u0131n\u0131rda bekliyor. Sahra hastanemizle birlikte onlar\u0131n da Gazze\u2019ye ge\u00e7i\u015fi s\u00f6z konusu olacak.<\/p>\n\n\n\n<p>Kaynak : PHA<\/p>\n","protected":false},"excerpt":{"rendered":"<p>Sa\u011fl\u0131k Bakan\u0131 Fahrettin Koca, 114 hasta ve 86 refakat\u00e7inin Gazze&#8217;den getirildi\u011fini ifade ederek, yeni hastalar\u0131n getirilmesi i\u00e7in \u00e7al\u0131\u015fmalar\u0131n devam etti\u011fini s\u00f6yledi. Sa\u011fl\u0131k Bakan\u0131 Fahrettin Koca, sosyal medya hesab\u0131ndan yapt\u0131\u011f\u0131 a\u00e7\u0131klamada, Gazze&#8217;den hasta transferiyle ilgili \u0130srail, M\u0131s\u0131r ve T\u00fcrkiye&#8217;den olu\u015fan \u00fc\u00e7l\u00fc koordinasyon ekibinin \u00e7al\u0131\u015ft\u0131\u011f\u0131n\u0131 bildirdi. \u015eu ana kadar T\u00fcrkiye&#8217;ye 114&#8217;\u00fc hasta, 86&#8217;s\u0131 refakat\u00e7i olmak \u00fczere 200 [&hellip;]<\/p>\n","protected":false},"author":1,"featured_media":3748,"comment_status":"open","ping_status":"open","sticky":false,"template":"","format":"standard","meta":{"om_disable_all_campaigns":false,"_monsterinsights_skip_tracking":false,"_monsterinsights_sitenote_active":false,"_monsterinsights_sitenote_note":"","_monsterinsights_sitenote_category":0,"footnotes":""},"categories":[1,13],"tags":[],"aioseo_notices":[],"_links":{"self":[{"href":"https:\/\/www.hbrkahta.com\/index.php\/wp-json\/wp\/v2\/posts\/3747"}],"collection":[{"href":"https:\/\/www.hbrkahta.com\/index.php\/wp-json\/wp\/v2\/posts"}],"about":[{"href":"https:\/\/www.hbrkahta.com\/index.php\/wp-json\/wp\/v2\/types\/post"}],"author":[{"embeddable":true,"href":"https:\/\/www.hbrkahta.com\/index.php\/wp-json\/wp\/v2\/users\/1"}],"replies":[{"embeddable":true,"href":"https:\/\/www.hbrkahta.com\/index.php\/wp-json\/wp\/v2\/comments?post=3747"}],"version-history":[{"count":1,"href":"https:\/\/www.hbrkahta.com\/index.php\/wp-json\/wp\/v2\/posts\/3747\/revisions"}],"predecessor-version":[{"id":3749,"href":"https:\/\/www.hbrkahta.com\/index.php\/wp-json\/wp\/v2\/posts\/3747\/revisions\/3749"}],"wp:featuredmedia":[{"embeddable":true,"href":"https:\/\/www.hbrkahta.com\/index.php\/wp-json\/wp\/v2\/media\/3748"}],"wp:attachment":[{"href":"https:\/\/www.hbrkahta.com\/index.php\/wp-json\/wp\/v2\/media?parent=3747"}],"wp:term":[{"taxonomy":"category","embeddable":true,"href":"https:\/\/www.hbrkahta.com\/index.php\/wp-json\/wp\/v2\/categories?post=3747"},{"taxonomy":"post_tag","embeddable":true,"href":"https:\/\/www.hbrkahta.com\/index.php\/wp-json\/wp\/v2\/tags?post=3747"}],"curies":[{"name":"wp","href":"https:\/\/api.w.org\/{rel}","templated":true}]}}