{"id":3742,"date":"2023-12-08T08:59:30","date_gmt":"2023-12-08T05:59:30","guid":{"rendered":"https:\/\/www.hbrkahta.com\/?p=3742"},"modified":"2023-12-08T08:59:31","modified_gmt":"2023-12-08T05:59:31","slug":"gune-bakis-gazetesi-20nci-yilini-depremin-golgesinde-kutluyor","status":"publish","type":"post","link":"https:\/\/www.hbrkahta.com\/index.php\/2023\/12\/08\/gune-bakis-gazetesi-20nci-yilini-depremin-golgesinde-kutluyor\/","title":{"rendered":"&#8216;G\u00fcne Bak\u0131\u015f Gazetesi&#8217; 20&#8217;nci y\u0131l\u0131n\u0131 depremin g\u00f6lgesinde kutluyor"},"content":{"rendered":"\n<p><strong>Ad\u0131yaman\u2019da 8 Aral\u0131k 2004&#8217;de yay\u0131n hayat\u0131na ba\u015flayan G\u00fcne Bak\u0131\u015f Gazetesi, 19. Y\u0131l\u0131n\u0131 geride b\u0131rakarak depremin g\u00f6lgesinde 20&#8217;nc\u0131 ya\u015f\u0131n\u0131 kutluyor.<\/strong><\/p>\n\n\n\n<p>&#8216;G\u00fcne Bak\u0131\u015f Gazetesi taraf\u0131ndan yap\u0131lan yaz\u0131l\u0131 a\u00e7\u0131klamada 20 y\u0131lda Ad\u0131yaman bas\u0131n\u0131n\u0131n Ad\u0131yaman&#8217;a neler katt\u0131\u011f\u0131n\u0131 tek tek a\u00e7\u0131klayarak, Kahramanmara\u015f merkezli meydana gelen deprem sonras\u0131 ya\u015fananlar\u0131 kaleme ald\u0131lar.<br>G\u00fcne Bak\u0131\u015f Gazetesinin \u0130mtiyaz Sahibi Mustafa Y\u00fccekaya,&#8221;8 Aral\u0131k 2004 tarihinde yay\u0131n hayat\u0131na ba\u015flayan G\u00fcne Bak\u0131\u015f Gazetemizde, o g\u00fcn arkada\u015flar\u0131m\u0131zla birlikte ilke edindi\u011fimiz okurun gazetesi olma, haberin do\u011fru adresi olarak g\u00f6sterilme \u00e7abam\u0131z, bug\u00fcn de ayn\u0131 \u015fekilde, ayn\u0131 heyecanla s\u00fcr\u00fcyor&#8221;dedi.<br>Pandemide neredeyse 3 y\u0131la yak\u0131n kapal\u0131 kald\u0131klar\u0131n\u0131 sonras\u0131nda ise deprem ger\u00e7e\u011fiyle y\u00fczle\u015ftiklerini aktaran Y\u00fccekaya,&#8221;G\u00fcne Bak\u0131\u015f Gazetemiz bug\u00fcn 20 ya\u015f\u0131na bast\u0131. 19 y\u0131l boyunca yapt\u0131\u011f\u0131m\u0131z \u00e7ok g\u00fczel haberler oldu, bir\u00e7ok haberimizle okurlar\u0131m\u0131z\u0131n y\u00fcz\u00fc g\u00fcld\u00fc, sorununa \u00e7are olan haberlerimiz sayfalar\u0131m\u0131zda yer ald\u0131, onlar\u0131n sesi olduk. \u0130stemedi\u011fimiz haberler de yapt\u0131k. En \u00e7ok da son y\u0131llara s\u0131\u011fd\u0131rd\u0131k bu istenmeyen haberleri; hepimizi \u00fczen, ac\u0131ya bo\u011fan, derdimize dert katan haberleri. &nbsp;\u00d6nce pandemi girdi hayat\u0131m\u0131za. Neredeyse \u00fc\u00e7 y\u0131la yak\u0131n kapand\u0131k i\u00e7imize. Sonra bir deprem oldu, tarihte e\u015fi benzeri g\u00f6r\u00fclmemi\u015f depremle sars\u0131ld\u0131k. \u0130nsanlar\u0131m\u0131z \u00f6ld\u00fc, enkaz alt\u0131nda g\u00fcnlerce kald\u0131, binalar\u0131m\u0131z gitti, canlar\u0131m\u0131z gitti, sevdiklerimiz gitti. Biz yirmi y\u0131la neler s\u0131\u011fd\u0131rd\u0131k diye g\u00fczel haberler yapmaya \u00e7al\u0131\u015f\u0131rken, sadece bir g\u00fcnde \u015fehrin y\u00fczde 70\u2019ini kaybetmenin ac\u0131s\u0131n\u0131, h\u00fczn\u00fcn\u00fc, \u00e7aresizli\u011fini ya\u015fad\u0131k.&#8221; dedi.<br>Pandemi ve depremde gazete \u00e7al\u0131\u015fanlar\u0131ndan da kay\u0131plar\u0131n ya\u015fand\u0131\u011f\u0131n\u0131 belirten Y\u00fccekaya,&#8221;Pandemi d\u00f6neminde gazetemiz \u00e7al\u0131\u015fanlar\u0131ndan g\u00fczel insan, sevgili dost, k\u0131ymetli karde\u015fimiz Abdurrahman Elmac\u0131\u2019y\u0131 kaybettik. 6 \u015eubat\u2019ta meydana gelen depremde ise iki g\u00fczel \u00e7al\u0131\u015fan\u0131m\u0131z\u0131 daha kaybettik. Aynur G\u00f6ksu ve Mehmet \u00dcnsal, ne yaz\u0131k ki enkaz alt\u0131nda kalarak bizleri h\u00fczne bo\u011fdu. Depremde \u00e7ok k\u0131ymetli meslekta\u015flar\u0131m\u0131z\u0131 da kaybettik. Bu vesileyle depremde vefat eden meslekta\u015flar\u0131m\u0131zdan, hepsi bir birinden de\u011ferli \u0130smail Hakk\u0131 Ko\u00e7ak, \u0130skender Korkut, Yunus Emre Do\u011fan, Hidayet \u00d6zdemir, Ruhi Akan, Kemal \u00d6ner, Ya\u015far Hamurcu, Fatih Bay\u0131n, Muhammed Akan, Z\u00fcbeyir Pekta\u015f, ve Burak Alku\u015f\u2019u da rahmet ve minnetle an\u0131yoruz. Ba\u015fta meslekta\u015flar\u0131m\u0131z olmak \u00fczere, depremde hayat\u0131n\u0131 kaybeden t\u00fcm hem\u015ferilerimize Allah\u2019tan rahmet, yak\u0131nlar\u0131na ba\u015fsa\u011fl\u0131\u011f\u0131 diliyorum. Bu deprem, sadece \u00f6l\u00fcmle de\u011fil, y\u0131k\u0131mla de\u011fil, g\u00f6zya\u015f\u0131yla, yaralanmayla, sakat kalmayla, hayat\u0131 t\u00fcmden de\u011fi\u015fen y\u00fczbinlerle insanla \u00e7ok farkl\u0131 bir deprem.&#8221; dedi.<br>Y\u00fccekaya, \u201cPandemi ve deprem d\u0131\u015f\u0131nda da gazete olarak \u00e7ok zor g\u00fcnler ge\u00e7irdi\u011fimiz zamanlar oldu. Ama \u00f6zellikle pandemi ve sonras\u0131nda ya\u015fanan ekonomik kriz, ard\u0131ndan deprem t\u00fcm sekt\u00f6rler gibi bas\u0131n sekt\u00f6r\u00fcn\u00fc de olumsuz y\u00f6nde etkiledi. Buna ra\u011fmen, yay\u0131n\u0131m\u0131za devam ettik, konteynerde\u2019de olsa, depremin ilk zamanlar\u0131 gibi sadece web sitemizde de olsa, haftada birka\u00e7 g\u00fcn de yay\u0131nlansak, okurlar\u0131m\u0131za en taze haber ve yorumlar\u0131 ula\u015ft\u0131rman\u0131n gayretinde olduk.&#8221;dedi.<br>Gazeteye bug\u00fcne dek eme\u011fi ge\u00e7enlere te\u015fekk\u00fcr de eden Gazetemiz \u0130mtiyaz Sahibi Mustafa Y\u00fccekaya, &#8220;19 y\u0131l boyunca bu gazeteye \u00e7ok ki\u015finin eme\u011fi ge\u00e7ti, \u00e7ok gazeteci burada yeti\u015fti, \u00e7ok yazar arkada\u015f\u0131m\u0131z de\u011ferli fikirlerini payla\u015ft\u0131. Gazetemiz bazen okul oldu, yeni yeni yazar ve gazeteciler yeti\u015fti, bazen biz \u00f6\u011frendik, bazen bizden \u00f6\u011frendikleri oldu. O g\u00fcnden bu g\u00fcne gazetemize emek veren da\u011f\u0131t\u0131c\u0131s\u0131ndan bask\u0131c\u0131s\u0131na, muhabirinden yazar\u0131na, dizgicisinden, \u00e7ay\u0131m\u0131z\u0131 demleyen arkada\u015f\u0131m\u0131za kadar hepsine y\u00fcrekten te\u015fekk\u00fcr ediyor, vefat edenlere tekrar Allah\u2019tan rahmet diliyorum. En zor g\u00fcn\u00fcm\u00fczde bile bizi yaln\u0131z b\u0131rakmayan t\u00fcm okurlar\u0131m\u0131za da \u015f\u00fckranlar\u0131m\u0131z\u0131 sunuyoruz. \u0130nan\u0131n bu gazete varsa, sadece gazetede \u00e7al\u0131\u015fanlar\u0131yla de\u011fil, siz okurlar\u0131yla vard\u0131r. Deste\u011finiz s\u00fcrd\u00fc\u011f\u00fc m\u00fcddet\u00e7e bu gazete sizin sesiniz olmay\u0131 s\u00fcrd\u00fcrecektir.&#8221; \u015eeklinde s\u00f6zlerini ekledi.<br>&nbsp;<\/p>\n\n\n\n<p>Kaynak : PHA<\/p>\n\n\n\n<figure class=\"wp-block-gallery has-nested-images columns-default is-cropped wp-block-gallery-1 is-layout-flex wp-block-gallery-is-layout-flex\">\n<figure class=\"wp-block-image size-large\"><img loading=\"lazy\" decoding=\"async\" width=\"768\" height=\"1024\" data-id=\"3745\" src=\"https:\/\/www.hbrkahta.com\/wp-content\/uploads\/2023\/12\/77.jpg\" alt=\"\" class=\"wp-image-3745\" srcset=\"https:\/\/www.hbrkahta.com\/wp-content\/uploads\/2023\/12\/77.jpg 768w, https:\/\/www.hbrkahta.com\/wp-content\/uploads\/2023\/12\/77-225x300.jpg 225w\" sizes=\"(max-width: 768px) 100vw, 768px\" \/><\/figure>\n\n\n\n<figure class=\"wp-block-image size-large\"><img loading=\"lazy\" decoding=\"async\" width=\"1024\" height=\"768\" data-id=\"3744\" src=\"https:\/\/www.hbrkahta.com\/wp-content\/uploads\/2023\/12\/66.jpg\" alt=\"\" class=\"wp-image-3744\" srcset=\"https:\/\/www.hbrkahta.com\/wp-content\/uploads\/2023\/12\/66.jpg 1024w, https:\/\/www.hbrkahta.com\/wp-content\/uploads\/2023\/12\/66-300x225.jpg 300w, https:\/\/www.hbrkahta.com\/wp-content\/uploads\/2023\/12\/66-768x576.jpg 768w\" sizes=\"(max-width: 1024px) 100vw, 1024px\" \/><\/figure>\n\n\n\n<figure class=\"wp-block-image size-large\"><img loading=\"lazy\" decoding=\"async\" width=\"1024\" height=\"768\" data-id=\"3743\" src=\"https:\/\/www.hbrkahta.com\/wp-content\/uploads\/2023\/12\/55.jpg\" alt=\"\" class=\"wp-image-3743\" srcset=\"https:\/\/www.hbrkahta.com\/wp-content\/uploads\/2023\/12\/55.jpg 1024w, https:\/\/www.hbrkahta.com\/wp-content\/uploads\/2023\/12\/55-300x225.jpg 300w, https:\/\/www.hbrkahta.com\/wp-content\/uploads\/2023\/12\/55-768x576.jpg 768w\" sizes=\"(max-width: 1024px) 100vw, 1024px\" \/><\/figure>\n<\/figure>\n","protected":false},"excerpt":{"rendered":"<p>Ad\u0131yaman\u2019da 8 Aral\u0131k 2004&#8217;de yay\u0131n hayat\u0131na ba\u015flayan G\u00fcne Bak\u0131\u015f Gazetesi, 19. Y\u0131l\u0131n\u0131 geride b\u0131rakarak depremin g\u00f6lgesinde 20&#8217;nc\u0131 ya\u015f\u0131n\u0131 kutluyor. &#8216;G\u00fcne Bak\u0131\u015f Gazetesi taraf\u0131ndan yap\u0131lan yaz\u0131l\u0131 a\u00e7\u0131klamada 20 y\u0131lda Ad\u0131yaman bas\u0131n\u0131n\u0131n Ad\u0131yaman&#8217;a neler katt\u0131\u011f\u0131n\u0131 tek tek a\u00e7\u0131klayarak, Kahramanmara\u015f merkezli meydana gelen deprem sonras\u0131 ya\u015fananlar\u0131 kaleme ald\u0131lar.G\u00fcne Bak\u0131\u015f Gazetesinin \u0130mtiyaz Sahibi Mustafa Y\u00fccekaya,&#8221;8 Aral\u0131k 2004 tarihinde yay\u0131n [&hellip;]<\/p>\n","protected":false},"author":1,"featured_media":3745,"comment_status":"open","ping_status":"open","sticky":false,"template":"","format":"standard","meta":{"om_disable_all_campaigns":false,"_monsterinsights_skip_tracking":false,"_monsterinsights_sitenote_active":false,"_monsterinsights_sitenote_note":"","_monsterinsights_sitenote_category":0,"footnotes":""},"categories":[1,11],"tags":[],"aioseo_notices":[],"_links":{"self":[{"href":"https:\/\/www.hbrkahta.com\/index.php\/wp-json\/wp\/v2\/posts\/3742"}],"collection":[{"href":"https:\/\/www.hbrkahta.com\/index.php\/wp-json\/wp\/v2\/posts"}],"about":[{"href":"https:\/\/www.hbrkahta.com\/index.php\/wp-json\/wp\/v2\/types\/post"}],"author":[{"embeddable":true,"href":"https:\/\/www.hbrkahta.com\/index.php\/wp-json\/wp\/v2\/users\/1"}],"replies":[{"embeddable":true,"href":"https:\/\/www.hbrkahta.com\/index.php\/wp-json\/wp\/v2\/comments?post=3742"}],"version-history":[{"count":1,"href":"https:\/\/www.hbrkahta.com\/index.php\/wp-json\/wp\/v2\/posts\/3742\/revisions"}],"predecessor-version":[{"id":3746,"href":"https:\/\/www.hbrkahta.com\/index.php\/wp-json\/wp\/v2\/posts\/3742\/revisions\/3746"}],"wp:featuredmedia":[{"embeddable":true,"href":"https:\/\/www.hbrkahta.com\/index.php\/wp-json\/wp\/v2\/media\/3745"}],"wp:attachment":[{"href":"https:\/\/www.hbrkahta.com\/index.php\/wp-json\/wp\/v2\/media?parent=3742"}],"wp:term":[{"taxonomy":"category","embeddable":true,"href":"https:\/\/www.hbrkahta.com\/index.php\/wp-json\/wp\/v2\/categories?post=3742"},{"taxonomy":"post_tag","embeddable":true,"href":"https:\/\/www.hbrkahta.com\/index.php\/wp-json\/wp\/v2\/tags?post=3742"}],"curies":[{"name":"wp","href":"https:\/\/api.w.org\/{rel}","templated":true}]}}