{"id":3715,"date":"2023-12-06T21:39:05","date_gmt":"2023-12-06T18:39:05","guid":{"rendered":"https:\/\/www.hbrkahta.com\/?p=3715"},"modified":"2023-12-06T21:39:06","modified_gmt":"2023-12-06T18:39:06","slug":"golbasinda-yeniden-chpli-yildirim-sesleri","status":"publish","type":"post","link":"https:\/\/www.hbrkahta.com\/index.php\/2023\/12\/06\/golbasinda-yeniden-chpli-yildirim-sesleri\/","title":{"rendered":"G\u00f6lba\u015f\u0131&#8217;nda yeniden CHP&#8217;li Y\u0131ld\u0131r\u0131m sesleri"},"content":{"rendered":"\n<p><strong>ADIYAMAN (PHA) &#8211; CHP Ad\u0131yaman Milletvekili Abdurrahman Tutdere ve CHP Malatya Milletvekili Veli A\u011fbaba&#8217;n\u0131n e\u015flik etti\u011fi G\u00f6lba\u015f\u0131 \u0130l\u00e7e Belediye Ba\u015fkan\u0131 \u0130skender Y\u0131ld\u0131r\u0131m, CHP Genel Ba\u015fkan \u00d6zg\u00fcr \u00d6zel\u2019i makam\u0131nda ziyaret ederek, \u00e7al\u0131\u015fmalar hakk\u0131nda bilgi verdi.<\/strong><\/p>\n\n\n\n<p>G\u00f6lba\u015f\u0131\u2019n\u0131n&nbsp;<a href=\"https:\/\/www.perrehaberajansi.com.tr\/haberleri\/chp\">CHP<\/a>\u2019li&nbsp;<a href=\"https:\/\/www.perrehaberajansi.com.tr\/haberleri\/belediye\">Belediye<\/a>&nbsp;Ba\u015fkan\u0131 \u0130skender Y\u0131ld\u0131r\u0131m partisinin yeni genel ba\u015fkan\u0131 \u00d6zg\u00fcr \u00d6zel\u2019i CHP&nbsp;<a href=\"https:\/\/www.perrehaberajansi.com.tr\/haberleri\/adiyaman\">Ad\u0131yaman<\/a>&nbsp;Milletvekili Abdurrahman Tutdere ve CHP Malatya Milletvekili Veli A\u011fbaba ile birlikte TBMM\u2019deki makam\u0131nda ziyaret ederek, G\u00f6lba\u015f\u0131 il\u00e7esindeki \u00e7al\u0131\u015fmalar de\u011ferlendirildi.<br>TBMM\u2019deki makam\u0131nda ger\u00e7ekle\u015fen ziyaretle ilgili a\u00e7\u0131klama yap\u0131lmazken G\u00f6lba\u015f\u0131 Belediye Ba\u015fkan\u0131 \u0130skender Y\u0131ld\u0131r\u0131m, CHP Genel Ba\u015fkan \u00d6zg\u00fcr \u00d6zel&#8217;e g\u00f6rev s\u00fcresince yap\u0131lan \u00e7al\u0131\u015fmalar ve projeler anlat\u0131ld\u0131.<br>Ger\u00e7ekle\u015fen ziyaretle ilgili a\u00e7\u0131klama yap\u0131lmazken Ba\u015fkan Y\u0131ld\u0131r\u0131m\u2019\u0131n g\u00f6rev s\u00fcresince yapm\u0131\u015f oldu\u011fu \u00e7al\u0131\u015fmalar\u0131n\u0131 anlatt\u0131\u011f\u0131 gelen bilgiler aras\u0131nda yer ald\u0131.<br>6 \u015eubat\u2019ta meydana gelen y\u0131k\u0131c\u0131 depremler sonras\u0131 il\u00e7enin altyap\u0131s\u0131n\u0131n tamam\u0131n\u0131n yerle bir oldu\u011fu, binalar\u0131n yakla\u015f\u0131k y\u00fczde 70\u2019inin a\u011f\u0131r hasar ald\u0131\u011f\u0131 G\u00f6lba\u015f\u0131 il\u00e7esi Hatay\u2019dan sonra en b\u00fcy\u00fck altyap\u0131 tahribat\u0131 olan yerle\u015fim yeri olarak kay\u0131tlara ge\u00e7mi\u015fti. Belediye binas\u0131 olmamas\u0131na ra\u011fmen belediyecilik hizmetlerini aksatmayan, b\u00fcy\u00fck \u00f6l\u00e7\u00fcde bireysel giri\u015fimleriyle sorunlar\u0131 \u00e7\u00f6zmeye \u00e7al\u0131\u015fan ve deprem sonras\u0131 yapt\u0131\u011f\u0131 \u00e7al\u0131\u015fmalarla ad\u0131ndan s\u0131k\u00e7a s\u00f6z ettiren Y\u0131ld\u0131r\u0131m vatanda\u015flar taraf\u0131ndan b\u00fcy\u00fck takdir toplam\u0131\u015ft\u0131.&nbsp;<br>G\u00f6lba\u015f\u0131 il\u00e7esinde, vatanda\u015flar\u0131n taktirini toplayan ve 6 \u015eubat depremlerinde b\u00fcy\u00fck y\u0131k\u0131m ya\u015fayan G\u00f6lba\u015f\u0131 il\u00e7esinde \u0130skender Y\u0131ld\u0131r\u0131m\u2019\u0131n kesin aday g\u00f6sterilece\u011fi al\u0131nan bilgiler aras\u0131nda yer ald\u0131.<br>&nbsp;<\/p>\n\n\n\n<p>Kaynak : PHA<\/p>\n","protected":false},"excerpt":{"rendered":"<p>ADIYAMAN (PHA) &#8211; CHP Ad\u0131yaman Milletvekili Abdurrahman Tutdere ve CHP Malatya Milletvekili Veli A\u011fbaba&#8217;n\u0131n e\u015flik etti\u011fi G\u00f6lba\u015f\u0131 \u0130l\u00e7e Belediye Ba\u015fkan\u0131 \u0130skender Y\u0131ld\u0131r\u0131m, CHP Genel Ba\u015fkan \u00d6zg\u00fcr \u00d6zel\u2019i makam\u0131nda ziyaret ederek, \u00e7al\u0131\u015fmalar hakk\u0131nda bilgi verdi. G\u00f6lba\u015f\u0131\u2019n\u0131n&nbsp;CHP\u2019li&nbsp;Belediye&nbsp;Ba\u015fkan\u0131 \u0130skender Y\u0131ld\u0131r\u0131m partisinin yeni genel ba\u015fkan\u0131 \u00d6zg\u00fcr \u00d6zel\u2019i CHP&nbsp;Ad\u0131yaman&nbsp;Milletvekili Abdurrahman Tutdere ve CHP Malatya Milletvekili Veli A\u011fbaba ile birlikte TBMM\u2019deki [&hellip;]<\/p>\n","protected":false},"author":1,"featured_media":3716,"comment_status":"open","ping_status":"open","sticky":false,"template":"","format":"standard","meta":{"om_disable_all_campaigns":false,"_monsterinsights_skip_tracking":false,"_monsterinsights_sitenote_active":false,"_monsterinsights_sitenote_note":"","_monsterinsights_sitenote_category":0,"footnotes":""},"categories":[1,11],"tags":[],"aioseo_notices":[],"_links":{"self":[{"href":"https:\/\/www.hbrkahta.com\/index.php\/wp-json\/wp\/v2\/posts\/3715"}],"collection":[{"href":"https:\/\/www.hbrkahta.com\/index.php\/wp-json\/wp\/v2\/posts"}],"about":[{"href":"https:\/\/www.hbrkahta.com\/index.php\/wp-json\/wp\/v2\/types\/post"}],"author":[{"embeddable":true,"href":"https:\/\/www.hbrkahta.com\/index.php\/wp-json\/wp\/v2\/users\/1"}],"replies":[{"embeddable":true,"href":"https:\/\/www.hbrkahta.com\/index.php\/wp-json\/wp\/v2\/comments?post=3715"}],"version-history":[{"count":1,"href":"https:\/\/www.hbrkahta.com\/index.php\/wp-json\/wp\/v2\/posts\/3715\/revisions"}],"predecessor-version":[{"id":3717,"href":"https:\/\/www.hbrkahta.com\/index.php\/wp-json\/wp\/v2\/posts\/3715\/revisions\/3717"}],"wp:featuredmedia":[{"embeddable":true,"href":"https:\/\/www.hbrkahta.com\/index.php\/wp-json\/wp\/v2\/media\/3716"}],"wp:attachment":[{"href":"https:\/\/www.hbrkahta.com\/index.php\/wp-json\/wp\/v2\/media?parent=3715"}],"wp:term":[{"taxonomy":"category","embeddable":true,"href":"https:\/\/www.hbrkahta.com\/index.php\/wp-json\/wp\/v2\/categories?post=3715"},{"taxonomy":"post_tag","embeddable":true,"href":"https:\/\/www.hbrkahta.com\/index.php\/wp-json\/wp\/v2\/tags?post=3715"}],"curies":[{"name":"wp","href":"https:\/\/api.w.org\/{rel}","templated":true}]}}