{"id":20062,"date":"2025-11-04T03:12:04","date_gmt":"2025-11-04T00:12:04","guid":{"rendered":"https:\/\/www.hbrkahta.com\/?p=20062"},"modified":"2025-11-04T03:12:04","modified_gmt":"2025-11-04T00:12:04","slug":"baskan-tutdere-belediye-baskanlarina-yonelik-tutuklamalar-adalet-duygusunu-zedeliyor","status":"publish","type":"post","link":"https:\/\/www.hbrkahta.com\/index.php\/2025\/11\/04\/baskan-tutdere-belediye-baskanlarina-yonelik-tutuklamalar-adalet-duygusunu-zedeliyor\/","title":{"rendered":"Ba\u015fkan Tutdere: \u2018Belediye ba\u015fkanlar\u0131na y\u00f6nelik tutuklamalar adalet duygusunu zedeliyor\u2019"},"content":{"rendered":"<p class=\"MsoNoSpacing\">T\u00fcrkiye B\u00fcy\u00fck Millet Meclisi (TBMM) Milli Dayan\u0131\u015fma, Karde\u015flik ve Demokrasi Komisyonu Ba\u015fkan\u0131 Numan Kurtulmu\u015f, komisyon \u00e7al\u0131\u015fmalar\u0131 kapsam\u0131nda bir dizi temas i\u00e7in geldi\u011fi Ad\u0131yaman&#8217;da Sivil Toplum Bulu\u015fmalar\u0131 Toplant\u0131s\u0131 ger\u00e7ekle\u015ftirdi.<\/p>\n<p class=\"MsoNoSpacing\"><img decoding=\"async\" alt=\"\" src=\"https:\/\/www.hbrkahta.com\/wp-content\/uploads\/2025\/11\/baskan-tutdere-belediye-baskanlarina-yonelik-tutuklamalar-adalet-duygusunu-zedeliyor-0-s4gsNkdK.jpg\"><\/p>\n<p class=\"MsoNoSpacing\">TPAO Konferans Salonu&#8217;nda yap\u0131lan toplant\u0131ya kat\u0131lan Ad\u0131yaman Belediye Ba\u015fkan\u0131 Abdurrahman Tutdere, birlik ve beraberlik vurgusu yapt\u0131. Ba\u015fkan Tutdere, \u00f6zellikle belediye ba\u015fkanlar\u0131na y\u00f6nelik tutuklamalar\u0131n adalet duygusunu zedeledi\u011fini dile getirdi.<\/p>\n<p class=\"MsoNoSpacing\">Ba\u015fkan Tutdere, &#8220;Bir hukuk\u00e7u, belediye ba\u015fkan\u0131 ve y\u0131llarca Meclis&#8217;te g\u00f6rev yapm\u0131\u015f bir milletvekili olarak ifade etmek isterim ki, \u00f6zellikle milli iradenin temsilcisi olan belediye ba\u015fkanlar\u0131na d\u00f6n\u00fck tutuklama tedbirlerinin \u00e7ok \u00f6l\u00e7\u00fcs\u00fcz oldu\u011funu d\u00fc\u015f\u00fcn\u00fcyorum. Bu konuda at\u0131lacak yumu\u015fat\u0131c\u0131 ad\u0131mlar, T\u00fcrkiye&#8217;deki toplumsal bar\u0131\u015f iklimini g\u00fc\u00e7lendirecek, y\u00fcr\u00fct\u00fclen bar\u0131\u015f ve karde\u015flik s\u00fcrecine olumlu katk\u0131 sa\u011flayacakt\u0131r&#8221; diye konu\u015ftu.<\/p>\n<p class=\"MsoNoSpacing\"><img decoding=\"async\" alt=\"\" src=\"https:\/\/www.hbrkahta.com\/wp-content\/uploads\/2025\/11\/baskan-tutdere-belediye-baskanlarina-yonelik-tutuklamalar-adalet-duygusunu-zedeliyor-1-19NKepE2.jpg\"><\/p>\n<p class=\"MsoNoSpacing\">&#8220;Adalet Duygusunu Zedeleyen Uygulamalar Son Bulmal\u0131&#8221;<\/p>\n<p class=\"MsoNoSpacing\">Milli Dayan\u0131\u015fma, Karde\u015flik ve Demokrasi Komisyonu&#8217;nun \u00e7al\u0131\u015fmalar\u0131n\u0131n T\u00fcrkiye&#8217;de bar\u0131\u015f s\u00fcrecinin tesisi a\u00e7\u0131s\u0131ndan \u00f6nem ta\u015f\u0131d\u0131\u011f\u0131n\u0131 vurgulayan Ba\u015fkan Tutdere, &#8220;Bu s\u00fcre\u00e7 sadece siyaset\u00e7ilerin de\u011fil, toplumun t\u00fcm kesimlerinin ortak katk\u0131s\u0131yla ba\u015far\u0131ya ula\u015facakt\u0131r. T\u00fcrkiye&#8217;nin d\u00f6rt bir yan\u0131nda, t\u0131pk\u0131 Ad\u0131yaman&#8217;da oldu\u011fu gibi halk\u0131m\u0131z bar\u0131\u015f\u0131, huzuru ve karde\u015fli\u011fi istiyor&#8221; ifadelerini kulland\u0131.<\/p>\n<p class=\"MsoNoSpacing\">&#8220;Karde\u015fli\u011fin Hamuru Bu Topraklarda Yo\u011fruldu&#8221;<\/p>\n<p class=\"MsoNoSpacing\">Ad\u0131yaman&#8217;\u0131n tarih boyunca farkl\u0131 kimlik ve inan\u00e7lar\u0131n bar\u0131\u015f i\u00e7inde ya\u015fad\u0131\u011f\u0131 bir \u015fehir oldu\u011funa dikkat \u00e7eken Ba\u015fkan Tutdere, toplant\u0131n\u0131n bu \u015fehirde d\u00fczenlenmesinin anlaml\u0131 oldu\u011funu ifade etti.<\/p>\n<p class=\"MsoNoSpacing\">Ba\u015fkan Tutdere, &#8220;Ad\u0131yaman, bir\u00e7ok medeniyete ev sahipli\u011fi yapm\u0131\u015f kadim topraklar\u0131n bulundu\u011fu bir \u015fehir. Burada karde\u015flik var; burada K\u00fcrt ve T\u00fcrk, Alevi ve S\u00fcnni, gayrim\u00fcslim ve M\u00fcsl\u00fcman herkes bir arada karde\u015f\u00e7e ya\u015f\u0131yor. Kilisemiz de, cemevimiz de, camimiz de a\u00e7\u0131k. Birlik ve beraberlik i\u00e7inde karde\u015fli\u011fin hamurunun yo\u011fruldu\u011fu bu topraklarda bar\u0131\u015f\u0131 konu\u015fmak, TBMM&#8217;de devam eden komisyon \u00e7al\u0131\u015fmalar\u0131 hakk\u0131nda fikir al\u0131\u015fveri\u015finde bulunmak son derece k\u0131ymetli&#8221; dedi.<\/p>\n<p class=\"MsoNoSpacing\">\n<p class=\"MsoNoSpacing\">Tarihten \u00f6rnek veren Ba\u015fkan Tutdere, &#8220;Kommagene Krall\u0131\u011f\u0131 d\u00f6neminde, bir tarafta sava\u015f\u00e7\u0131 Persler, di\u011fer tarafta Romal\u0131lar varken, bu topraklarda Kral Antiochos&#8217;un \u00f6nderli\u011finde 200 y\u0131l boyunca bar\u0131\u015fla b\u00fcy\u00fck bir medeniyet in\u015fa edilmi\u015ftir. Dolay\u0131s\u0131yla Ad\u0131yaman&#8217;da bu s\u00fcreci konu\u015fmak ve katk\u0131 sunmak \u00e7ok anlaml\u0131d\u0131r&#8221; diye konu\u015ftu.<\/p>\n<p>Kaynak : PERRE<\/p>\n","protected":false},"excerpt":{"rendered":"<p>ADIYAMAN (PERRE) &#8211; \u015eeriban \u00d6Z\u00c7AKMAK &#8211; Sivil Toplum Bulu\u015fmalar\u0131 Toplant\u0131s\u0131&#8217;nda a\u00e7\u0131klamalarda bulunan Ad\u0131yaman Belediye Ba\u015fkan\u0131 Abdurrahman Tutdere, belediye ba\u015fkanlar\u0131na y\u00f6nelik tutuklamalar\u0131n \u00f6l\u00e7\u00fcs\u00fcz oldu\u011funu belirterek, &#8220;Bu konuda at\u0131lacak yumu\u015fat\u0131c\u0131 ad\u0131mlar, bar\u0131\u015f ve karde\u015flik iklimini g\u00fc\u00e7lendirecektir&#8221; ifadelerini kulland\u0131.<\/p>\n","protected":false},"author":1,"featured_media":20063,"comment_status":"open","ping_status":"open","sticky":false,"template":"","format":"standard","meta":{"om_disable_all_campaigns":false,"_monsterinsights_skip_tracking":false,"_monsterinsights_sitenote_active":false,"_monsterinsights_sitenote_note":"","_monsterinsights_sitenote_category":0,"footnotes":""},"categories":[1,11],"tags":[559,174,545,540,548],"aioseo_notices":[],"_links":{"self":[{"href":"https:\/\/www.hbrkahta.com\/index.php\/wp-json\/wp\/v2\/posts\/20062"}],"collection":[{"href":"https:\/\/www.hbrkahta.com\/index.php\/wp-json\/wp\/v2\/posts"}],"about":[{"href":"https:\/\/www.hbrkahta.com\/index.php\/wp-json\/wp\/v2\/types\/post"}],"author":[{"embeddable":true,"href":"https:\/\/www.hbrkahta.com\/index.php\/wp-json\/wp\/v2\/users\/1"}],"replies":[{"embeddable":true,"href":"https:\/\/www.hbrkahta.com\/index.php\/wp-json\/wp\/v2\/comments?post=20062"}],"version-history":[{"count":1,"href":"https:\/\/www.hbrkahta.com\/index.php\/wp-json\/wp\/v2\/posts\/20062\/revisions"}],"predecessor-version":[{"id":20066,"href":"https:\/\/www.hbrkahta.com\/index.php\/wp-json\/wp\/v2\/posts\/20062\/revisions\/20066"}],"wp:featuredmedia":[{"embeddable":true,"href":"https:\/\/www.hbrkahta.com\/index.php\/wp-json\/wp\/v2\/media\/20063"}],"wp:attachment":[{"href":"https:\/\/www.hbrkahta.com\/index.php\/wp-json\/wp\/v2\/media?parent=20062"}],"wp:term":[{"taxonomy":"category","embeddable":true,"href":"https:\/\/www.hbrkahta.com\/index.php\/wp-json\/wp\/v2\/categories?post=20062"},{"taxonomy":"post_tag","embeddable":true,"href":"https:\/\/www.hbrkahta.com\/index.php\/wp-json\/wp\/v2\/tags?post=20062"}],"curies":[{"name":"wp","href":"https:\/\/api.w.org\/{rel}","templated":true}]}}