{"id":20052,"date":"2025-11-03T22:24:04","date_gmt":"2025-11-03T19:24:04","guid":{"rendered":"https:\/\/www.hbrkahta.com\/?p=20052"},"modified":"2025-11-03T22:24:04","modified_gmt":"2025-11-03T19:24:04","slug":"alsan-anahtar-parti-ilk-yilinda-iktidara-hazir-bir-halk-hareketidir","status":"publish","type":"post","link":"https:\/\/www.hbrkahta.com\/index.php\/2025\/11\/03\/alsan-anahtar-parti-ilk-yilinda-iktidara-hazir-bir-halk-hareketidir\/","title":{"rendered":"Alsan: \u2018Anahtar Parti, \u0130lk Y\u0131l\u0131nda \u0130ktidara Haz\u0131r Bir Halk Hareketidir\u2019"},"content":{"rendered":"<p>&#8220;T\u00fcrkiye, Anahtar Parti&#8217;nin \u0130ktidar Y\u00fcr\u00fcy\u00fc\u015f\u00fcne Tan\u0131kl\u0131k Ediyor&#8221;<\/p>\n<p>Anahtar Parti&#8217;nin kurulu\u015funun birinci y\u0131l d\u00f6n\u00fcm\u00fc Ankara&#8217;da b\u00fcy\u00fck bir co\u015fkuyla kutland\u0131. T\u00fcrkiye&#8217;nin d\u00f6rt bir yan\u0131ndan gelen partililerin yo\u011fun kat\u0131l\u0131m g\u00f6sterdi\u011fi etkinlik sonras\u0131 de\u011ferlendirmelerde bulunan Emircan Ahmet Alsan, partinin y\u00fckseli\u015finin toplumda b\u00fcy\u00fck bir kar\u015f\u0131l\u0131k buldu\u011funu s\u00f6yledi.<\/p>\n<p>&#8220;Bug\u00fcnk\u00fc 1. y\u0131l kutlamas\u0131 g\u00f6steriyor ki, Anahtar Parti daha ilk y\u0131l\u0131nda iktidara haz\u0131r bir halk hareketine d\u00f6n\u00fc\u015fm\u00fc\u015ft\u00fcr. T\u00fcrkiye&#8217;nin d\u00f6rt bir yan\u0131ndan gelen binlerce g\u00f6n\u00fclda\u015f\u0131m\u0131z, bu davan\u0131n g\u00fcc\u00fcn\u00fc ve milletimizin bize olan g\u00fcvenini ortaya koymu\u015ftur.&#8221;<\/p>\n<p>&#8220;Genel Ba\u015fkan\u0131m\u0131z\u0131n Liderli\u011fi, Milletin Y\u00fckseli\u015finin Teminat\u0131d\u0131r&#8221;<\/p>\n<p>\u0130l Ba\u015fkan\u0131 Alsan, Genel Ba\u015fkan Yavuz A\u011f\u0131ralio\u011flu&#8217;nun Ankara&#8217;daki konu\u015fmas\u0131n\u0131n halkta b\u00fcy\u00fck bir umut yaratt\u0131\u011f\u0131n\u0131 vurgulad\u0131.<\/p>\n<p>&#8220;Genel Ba\u015fkan\u0131m\u0131z Say\u0131n Yavuz A\u011f\u0131ralio\u011flu&#8217;nun k\u00fcrs\u00fcdeki kararl\u0131l\u0131\u011f\u0131, co\u015fkusu ve samimiyeti hepimize umut verdi. Halk\u0131n i\u00e7inden gelen bir lider olarak milletin derdini dile getiren, vicdan\u0131 ve adaleti \u00f6nceleyen bir siyaset anlay\u0131\u015f\u0131n\u0131 T\u00fcrkiye&#8217;ye yeniden kazand\u0131r\u0131yor. Onun liderli\u011finde Anahtar Parti, siyasetin diliyle de\u011fil, milletin y\u00fcre\u011fiyle konu\u015fuyor.&#8221;<\/p>\n<p>&#8220;81 \u0130lden Gelen Co\u015fku, \u0130ktidar Ate\u015fini Yakt\u0131&#8221;<\/p>\n<p>Ankara&#8217;daki bulu\u015fmada salonun dolup ta\u015fmas\u0131na ra\u011fmen alandan ayr\u0131lmayan binlerce vatanda\u015f\u0131n co\u015fkusunun dikkat \u00e7ekti\u011fini belirten Alsan, bu tabloyu &#8220;tarihi bir an&#8221; olarak nitelendirdi.<\/p>\n<p>&#8220;Bu manzara g\u00f6sterdi ki art\u0131k milletin tercihi bellidir. 81 ilden gelen g\u00f6n\u00fclda\u015flar\u0131m\u0131z\u0131n olu\u015fturdu\u011fu bu b\u00fcy\u00fck co\u015fku, Anahtar Parti&#8217;nin iktidar ate\u015fini yakm\u0131\u015ft\u0131r.&#8221;<\/p>\n<p>&#8220;Bu Y\u00fcr\u00fcy\u00fc\u015f Art\u0131k Durdurulamaz&#8221;<\/p>\n<p>A\u00e7\u0131klamas\u0131n\u0131n sonunda Alsan, Anahtar Parti&#8217;nin siyasi bir olu\u015fumun \u00f6tesinde, toplumsal bir uyan\u0131\u015f\u0131n sembol\u00fc haline geldi\u011fini ifade etti.<\/p>\n<p>&#8220;Biz inand\u0131k, millet inand\u0131. Bu inan\u00e7, bu heyecan art\u0131k bir parti s\u0131n\u0131r\u0131n\u0131 a\u015fm\u0131\u015f, milli bir dirili\u015f ruhuna d\u00f6n\u00fc\u015fm\u00fc\u015ft\u00fcr. Genel Ba\u015fkan\u0131m\u0131z Yavuz A\u011f\u0131ralio\u011flu&#8217;nun \u00f6nderli\u011finde, Anahtar Parti ilk sand\u0131kta iktidar olacak ve milletimizin \u00f6zlemini duydu\u011fu adaletli d\u00fczeni tesis edecektir.&#8221;<\/p>\n<p>Kaynak : PERRE<\/p>\n","protected":false},"excerpt":{"rendered":"<p>ADIYAMAN (PERRE) &#8211; \u015eeriban \u00d6Z\u00c7AKMAK &#8211; Anahtar Parti Ad\u0131yaman \u0130l Ba\u015fkan\u0131 Emircan Ahmet Alsan, partinin 1. kurulu\u015f y\u0131l d\u00f6n\u00fcm\u00fc dolay\u0131s\u0131yla Ankara&#8217;da d\u00fczenlenen b\u00fcy\u00fck bulu\u015fmaya ili\u015fkin a\u00e7\u0131klamalarda bulundu. Alsan, Anahtar Parti&#8217;nin k\u0131sa s\u00fcrede halk\u0131n g\u00f6nl\u00fcnde yer edindi\u011fini belirterek, &#8220;Anahtar Parti daha ilk y\u0131l\u0131nda iktidara haz\u0131r bir halk hareketine d\u00f6n\u00fc\u015fm\u00fc\u015ft\u00fcr&#8221; dedi.<\/p>\n","protected":false},"author":1,"featured_media":20053,"comment_status":"open","ping_status":"open","sticky":false,"template":"","format":"standard","meta":{"om_disable_all_campaigns":false,"_monsterinsights_skip_tracking":false,"_monsterinsights_sitenote_active":false,"_monsterinsights_sitenote_note":"","_monsterinsights_sitenote_category":0,"footnotes":""},"categories":[1,11],"tags":[2756,545,540,2818,809],"aioseo_notices":[],"_links":{"self":[{"href":"https:\/\/www.hbrkahta.com\/index.php\/wp-json\/wp\/v2\/posts\/20052"}],"collection":[{"href":"https:\/\/www.hbrkahta.com\/index.php\/wp-json\/wp\/v2\/posts"}],"about":[{"href":"https:\/\/www.hbrkahta.com\/index.php\/wp-json\/wp\/v2\/types\/post"}],"author":[{"embeddable":true,"href":"https:\/\/www.hbrkahta.com\/index.php\/wp-json\/wp\/v2\/users\/1"}],"replies":[{"embeddable":true,"href":"https:\/\/www.hbrkahta.com\/index.php\/wp-json\/wp\/v2\/comments?post=20052"}],"version-history":[{"count":1,"href":"https:\/\/www.hbrkahta.com\/index.php\/wp-json\/wp\/v2\/posts\/20052\/revisions"}],"predecessor-version":[{"id":20054,"href":"https:\/\/www.hbrkahta.com\/index.php\/wp-json\/wp\/v2\/posts\/20052\/revisions\/20054"}],"wp:featuredmedia":[{"embeddable":true,"href":"https:\/\/www.hbrkahta.com\/index.php\/wp-json\/wp\/v2\/media\/20053"}],"wp:attachment":[{"href":"https:\/\/www.hbrkahta.com\/index.php\/wp-json\/wp\/v2\/media?parent=20052"}],"wp:term":[{"taxonomy":"category","embeddable":true,"href":"https:\/\/www.hbrkahta.com\/index.php\/wp-json\/wp\/v2\/categories?post=20052"},{"taxonomy":"post_tag","embeddable":true,"href":"https:\/\/www.hbrkahta.com\/index.php\/wp-json\/wp\/v2\/tags?post=20052"}],"curies":[{"name":"wp","href":"https:\/\/api.w.org\/{rel}","templated":true}]}}