{"id":20046,"date":"2025-11-03T22:12:06","date_gmt":"2025-11-03T19:12:06","guid":{"rendered":"https:\/\/www.hbrkahta.com\/?p=20046"},"modified":"2025-11-03T22:12:06","modified_gmt":"2025-11-03T19:12:06","slug":"tbmm-baskani-numan-kurtulmus-adiyamanda-stk-temsilcileriyle-bulustu","status":"publish","type":"post","link":"https:\/\/www.hbrkahta.com\/index.php\/2025\/11\/03\/tbmm-baskani-numan-kurtulmus-adiyamanda-stk-temsilcileriyle-bulustu\/","title":{"rendered":"TBMM Ba\u015fkan\u0131 Numan Kurtulmu\u015f Ad\u0131yaman\u2019da STK Temsilcileriyle Bulu\u015ftu"},"content":{"rendered":"<p>Ad\u0131yaman Belediye Ba\u015fkan\u0131 Av. Abdurrahman Tutdere&#8217;nin Konu\u015fmas\u0131<\/p>\n<p>&#8220;Say\u0131n Meclis Ba\u015fkan\u0131m \u00d6ncelikle Ad\u0131yaman Belediye Ba\u015fkan\u0131 olarak daha \u00f6nce T\u00fcrkiye B\u00fcy\u00fck Millet Meclisi gibi \u015ferefli ve onurlu bir \u00e7at\u0131n\u0131n alt\u0131nda sizlerle birlikte \u00e7al\u0131\u015fmaktan b\u00fcy\u00fck bir mutluluk duyan bir karde\u015finiz olarak bug\u00fcn \u015fehrimize ger\u00e7ekle\u015ftirmi\u015f oldu\u011funuz bu ziyaret hem halk\u0131m\u0131z\u0131 hem depremle \u015fu anda b\u00fcy\u00fck m\u00fccadele i\u00e7erisinde bulunan b\u00fct\u00fcn hem\u015fehrilerimizi mutlu etmi\u015ftir. Onur verdiniz, \u015feref verdiniz. Sizi bu g\u00fczel topraklarda bu kadim \u015fehirde a\u011f\u0131rlamaktan b\u00fcy\u00fck bir memnuniyet duyduk. Onur verdiniz efendim. Ho\u015f geldiniz tekrar. Evet Say\u0131n Meclis Ba\u015fkan\u0131m hepimizin i\u015fi zor. Biz Ad\u0131yaman&#8217;da b\u00fct\u00fcn farklar\u0131m\u0131zla, b\u00fct\u00fcn STK&#8217;lar\u0131m\u0131zla, muhtarlar\u0131m\u0131zla, kamu kurumlar\u0131m\u0131zla alt\u0131 \u015eubat&#8217;\u0131n b\u00fcy\u00fck y\u0131k\u0131m\u0131n yaralar\u0131n\u0131 sarmak, kentimizi yeniden in\u015fa etmek i\u00e7in \u00e7ok g\u00fc\u00e7l\u00fc bir i\u015f birli\u011fiyle \u00e7al\u0131\u015f\u0131yoruz, gayret g\u00f6steriyoruz. Biz burada hayata yeniden tutunmak ad\u0131na devletimizin, kurumlar\u0131m\u0131z\u0131n deste\u011fiyle m\u00fccadele ederken siz de T\u00fcrkiye B\u00fcy\u00fck Millet Meclisi&#8217;nde 50 y\u0131ld\u0131r bu topraklar\u0131n kanayan yaras\u0131, ter\u00f6r\u00fc sonland\u0131rmak, \u00fclkeyi bar\u0131\u015fa, huzura kavu\u015fturmak ad\u0131na hepimizin, b\u00fct\u00fcn farklar\u0131n dikkatle takip etti\u011fi bir s\u00fcreci y\u00f6netiyorsunuz ve o s\u00fcrecin komisyonun ba\u015fkanl\u0131\u011f\u0131n\u0131 yap\u0131yorsunuz. \u00d6zellikle \u00fclkemizin i\u00e7inde bulundu\u011fu bu mevcut durumun i\u00e7inde ya\u015fad\u0131\u011f\u0131m\u0131z ekonomik, sosyal, siyasal b\u00fct\u00fcn sorunlar\u0131n ana kayna\u011f\u0131 olan bu Karde\u015fli\u011fi bu sorunu k\u00f6kten \u00e7\u00f6zecek bu meseleye ba\u015fkanl\u0131k yapt\u0131\u011f\u0131n\u0131z i\u00e7in, emek verdi\u011finiz i\u00e7in, gayret g\u00f6sterdi\u011finiz i\u00e7in b\u00fct\u00fcn Ad\u0131yaman halk\u0131 ad\u0131na size te\u015fekk\u00fcr ediyorum. Hepimizin beklentisi bu salonda bulunan ve T\u00fcrkiye&#8217;de ya\u015fayan 86 milyonun beklentisi huzur i\u00e7erisinde, birlik, beraberlik i\u00e7erisinde, karde\u015flik i\u00e7erisinde bu topraklarda, ay y\u0131ld\u0131zl\u0131 al bayrak alt\u0131nda birlikte ya\u015famakt\u0131r. Adaleti g\u00fc\u00e7l\u00fc kurumlar\u0131 g\u00fc\u00e7l\u00fc, halk\u0131yla b\u00fct\u00fcnle\u015fen bir \u00fclke hepimizin iste\u011fi, hepimizin dile\u011fidir. Bu yolculukta b\u00fct\u00fcn milletimizin duas\u0131 sizinle. Bunu bilin. B\u00fct\u00fcn farkl\u0131l\u0131klar\u0131m\u0131zla biz bu topraklarda bar\u0131\u015f\u0131n hakim olmas\u0131n\u0131 K\u00fcrt&#8217;\u00fcyle, T\u00fcrk&#8217;\u00fcyle, Alevisiyle, S\u00fcnnisiyle b\u00fct\u00fcn farklar\u0131yla Anadolu co\u011frafyas\u0131nda huzur istiyoruz, birlik istiyoruz, beraberlik istiyoruz. Ad\u0131yaman&#8217;da da B\u00fct\u00fcn milletimiz bu konuda bu s\u00fcreci dikkatle takip ediyor ve bu \u00e7al\u0131\u015fmalar\u0131n T\u00fcrkiye B\u00fcy\u00fck Millet Meclisi&#8217;nde Bulunan milletvekillerimizce, t\u00fcm siyasi partilerimizce desteklenerek nihayete erdirilmesi hepimizin beklentisi, hepimizin arzusudur. Umudumuz, dile\u011fimiz bu s\u00fcrecin bir an evvel vatanda\u015fl\u0131\u011f\u0131m\u0131z\u0131n, devletimizin ve milletimizin yarar\u0131na sonu\u00e7lanmas\u0131d\u0131r. Bug\u00fcn burada, Ad\u0131yaman&#8217;da, karde\u015fli\u011fin \u015fehrinde bu konuyu tart\u0131\u015fmak, \u0131srar etmekte ayr\u0131ca bir \u00f6nem arz ediyor. Say\u0131n Ba\u015fkan\u0131m, Ad\u0131yaman bir\u00e7ok medeniyeti ev sahipli\u011fi yapm\u0131\u015f, kadim topraklar\u0131n bulundu\u011fu bir \u015fehir. Burada asl\u0131nda y\u0131llard\u0131r hukuk kitaplar\u0131nda veya demokrasi anlam\u0131nda yap\u0131lan t\u00fcm makalelerde okudu\u011fumuz bir iklim var. Burada karde\u015flik var. Burada K\u00fcrtle T\u00fcrk, Aleviyle S\u00fcnni, Gayrim\u00fcslimle M\u00fcsl\u00fcman herkes bir arada karde\u015f\u00e7e ya\u015f\u0131yor. Birlikte ya\u015famay\u0131 Tarihten ald\u0131\u011f\u0131m\u0131z mirasla s\u00fcrd\u00fcren T\u00fcrkiye&#8217;nin nadir kentlerinde bir tanesiyiz. Burada kilisemiz de a\u00e7\u0131k, Cem evimiz de a\u00e7\u0131k, camimiz de a\u00e7\u0131k. Birlik beraberlik i\u00e7erisinde karde\u015fli\u011fin hamurunun yo\u011fruldu\u011fu bu topraklarda bar\u0131\u015f\u0131 konu\u015fmak, T\u00fcrkiye B\u00fcy\u00fck Millet Meclisi&#8217;nde devam eden Birlik, Beraberlik ve Dayan\u0131\u015fma Komisyonu&#8217;nun \u00e7al\u0131\u015fmalar\u0131 konusunda fikir al\u0131\u015fveri\u015finde bulunmak \u00e7ok k\u0131ymetli. Bu topraklar zaten bar\u0131\u015f\u0131n topraklar\u0131, huzurun topraklar\u0131, karde\u015flerin topraklar\u0131. Bir tarihten bir \u00f6rnek vermek gerekirse, Kommagene Krall\u0131\u011f\u0131, Say\u0131n Ba\u015fkan\u0131m, bir tarafta sava\u015f\u00e7\u0131 Persler bir tarafta Romal\u0131lar bu iki sava\u015f\u00e7\u0131 millet aras\u0131nda bile bu topraklarda Kral Antiokos&#8217;un Ba\u015fkanl\u0131\u011f\u0131ndaki liderli\u011findeki Kommagene krall\u0131\u011f\u0131 200 y\u0131l uluslararas\u0131 diplomasiyle, bar\u0131\u015fla bu topraklarda b\u00fcy\u00fck bir medeniyet in\u015fa etmi\u015ftir. Dolay\u0131s\u0131yla Ad\u0131yaman&#8217;da bu s\u00fcreci konu\u015fmak, Ad\u0131yaman&#8217;da bu s\u00fcrece katk\u0131 vermek \u00e7ok anlaml\u0131. Bug\u00fcn bu f\u0131rsat\u0131 bize verdi\u011finiz i\u00e7in burada sivil toplum \u00f6rg\u00fctlerimiz de burada. Ad\u0131yaman&#8217;\u0131n b\u00fct\u00fcn renkleri burada bu salonda. Her g\u00f6r\u00fc\u015ften, her fikirden, her meslekten hem\u015fehrimiz var, karde\u015fimiz var. Onlar\u0131n da fikirlerini alaca\u011f\u0131z veya sizleri dinleyecekler. Bu s\u00fcre\u00e7le ilgili bilgilendirme yapacaks\u0131n\u0131z. Biz bu toplant\u0131y\u0131 \u00e7ok \u00f6nemsiyoruz. \u00c7ok de\u011ferli buluyoruz. \u015eehrimize bu f\u0131rsat\u0131 verdi\u011finiz i\u00e7in bug\u00fcn tekrar \u015fehrimizi onurland\u0131rd\u0131\u011f\u0131n\u0131z i\u00e7in ben b\u00fct\u00fcn hem\u015fehrilerim ad\u0131na hepinize tekrar te\u015fekk\u00fcr ediyorum. Say\u0131n Ba\u015fkan\u0131m, Meclis Ba\u015fkan\u0131m sizi burada a\u011f\u0131rlamaktan tekrar b\u00fcy\u00fck bir onur duydu\u011fumuzu ifade etmek isterim. Bir konuyu da belirtmeden ge\u00e7inemeyece\u011fim. T\u00fcrkiye&#8217;de kamuoyu bar\u0131\u015f\u0131 istiyor, karde\u015fli\u011fi istiyor. Sabahki konu\u015fman\u0131z\u0131 \u00e7ok dikkatli dinledim. \u0130nan\u0131n ki her c\u00fcmlesi, her kelimesi \u00e7ok anlam y\u00fckl\u00fcyd\u00fc ve hepsini not ettik. Hepsini beynimizin bir k\u00f6\u015fesine koyduk. Hepimiz onu istiyoruz. Hac\u0131 Bekta\u015f&#8217;tan, Yunus&#8217;tan \u00f6rnekler verdiniz. Hepimizin, b\u00fct\u00fcn T\u00fcrkiye&#8217;de ya\u015fayanlar\u0131n iste\u011fi de buydu, budur. Tabi ki bu s\u00fcre\u00e7lere kar\u015f\u0131 bu \u00f6nemli meselenin \u00e7\u00f6z\u00fcm\u00fc kar\u015f\u0131s\u0131nda duranlar da olacakt\u0131r, direni\u015fler de olacakt\u0131r ama \u00e7ok zay\u0131f olacakt\u0131r. Ben bir belediye ba\u015fkan\u0131 olarak, bir hukuk\u00e7u olarak, daha \u00f6nceleri de T\u00fcrkiye B\u00fcy\u00fck Millet Meclisi&#8217;nde milletimizin deste\u011fiyle g\u00f6rev yapm\u0131\u015f bir vatanda\u015f olarak bir konuda fikrimi sizinle payla\u015fmak istiyorum. Say\u0131n Ba\u015fkan\u0131m, yapt\u0131\u011f\u0131n\u0131z b\u00fct\u00fcn \u00e7al\u0131\u015fmalar \u00e7ok k\u0131ymetli. Bundan sonra yapacaklar\u0131n\u0131z da milletimiz i\u00e7in, \u00fclkemiz i\u00e7in \u00e7ok de\u011ferli olacak. Ancak \u015fu an \u00f6zellikle milli iradenin temsilcisi olan belediye ba\u015fkanlar\u0131na d\u00f6n\u00fck \u00f6zellikle tutuklama tedbirinin \u00e7ok \u00f6l\u00e7\u00fcs\u00fcz oldu\u011funu d\u00fc\u015f\u00fcn\u00fcyorum. Bu konuda da T\u00fcrkiye&#8217;deki iklimi, nefesi, havay\u0131 biraz daha yumu\u015fatacak ad\u0131mlar\u0131n at\u0131lmas\u0131 sizin ba\u015fkanl\u0131\u011f\u0131n\u0131z\u0131 y\u00fcr\u00fctt\u00fc\u011f\u00fcn\u00fcz bu \u00e7al\u0131\u015fmalar\u0131n t\u00fcm kamuoyu taraf\u0131ndan daha b\u00fcy\u00fck bir destekle kar\u015f\u0131lanmas\u0131n\u0131 sa\u011flayacakt\u0131r. Bu g\u00f6r\u00fc\u015f\u00fcm\u00fc de huzurunuzda sizinle payla\u015fmak istedim. Tekrar bug\u00fcn bu toplant\u0131n\u0131n hem \u015fehrimiz i\u00e7in hem devam eden s\u00fcre\u00e7le ilgili hem de \u00fclkemiz i\u00e7in hay\u0131rlara vesile olmas\u0131n\u0131 diliyorum. Hepinize tekrar kat\u0131l\u0131mlar\u0131n\u0131zdan dolay\u0131 te\u015fekk\u00fcr ediyorum. Tekrar ho\u015f geldiniz, \u015feref verdiniz Say\u0131n Ba\u015fkan\u0131m.&#8221;<\/p>\n<p><img decoding=\"async\" alt=\"\" src=\"https:\/\/www.hbrkahta.com\/wp-content\/uploads\/2025\/11\/tbmm-baskani-numan-kurtulmus-adiyamanda-stk-temsilcileriyle-bulustu-0-PMq6PP6q.jpg\"><\/p>\n<p>Ad\u0131yaman Milletvekili Do\u00e7. Dr. Resul Kurt&#8217;un Konu\u015fmas\u0131<\/p>\n<p>&#8220;Say\u0131n T\u00fcrkiye B\u00fcy\u00fck Millet Meclisi Ba\u015fkan\u0131m, de\u011ferli valim, k\u0131ymetli milletvekillerim, belediye ba\u015fkanlar\u0131m, \u00e7ok k\u0131ymetli muhtarlar\u0131m\u0131z, il genel meclis \u00fcyelerimiz, belediye meclis \u00fcyelerimiz, \u00e7ok de\u011ferli kanaat \u00f6nderlerimiz, sivil toplum kurulu\u015flar\u0131m\u0131z\u0131n \u00e7ok de\u011ferli y\u00f6neticileri, ba\u015fkanlar\u0131, k\u0131ymetli temsilcileri, han\u0131mefendiler, beyefendiler, hepinizi en kalbi duygular\u0131mla selaml\u0131yorum. Tabi bug\u00fcn Ad\u0131yaman&#8217;\u0131m\u0131z i\u00e7in \u00e7ok \u00f6nemli, \u00e7ok de\u011ferli bir g\u00fcn. Meclis Ba\u015fkan\u0131m\u0131z Ad\u0131yaman&#8217;\u0131m\u0131z\u0131 \u00e7ok seven, Ad\u0131yaman&#8217;\u0131m\u0131z\u0131n da \u00e7ok sevdi\u011fi Prof. Dr. Numan Kurtulmu\u015f hocam\u0131z\u0131 a\u011f\u0131rlamaktan b\u00fcy\u00fck bir gurur ve memnuniyet duyuyoruz. Hocam\u0131z depremin hem akabinde hem de deprem \u00e7al\u0131\u015fmalar\u0131m\u0131z s\u00fcresince her g\u00fcn, her hafta, her g\u00f6rd\u00fc\u011f\u00fcnde bizden bilgiler ald\u0131lar. T\u0131kand\u0131\u011f\u0131m\u0131z yerde desteklerinizi sundular. Buradan hem\u015ferilerimiz ad\u0131na te\u015fekk\u00fcrlerimi sunuyorum. Tabii, A\u011fustos&#8217;un felaketinde, 6 \u015eubat depremlerinde hayat\u0131n\u0131 kaybeden deprem \u015fehitlerimizi bug\u00fcn Say\u0131n Meclis Ba\u015fkan\u0131m\u0131zla, \u0130l Protokol\u00fcm\u00fczle dua edip and\u0131k. Allah gani gani rahmet eylesin. Onlar\u0131 rahmetle yad ediyoruz. Allah bir daha b\u00f6yle bir afet ya\u015fatmas\u0131n. Bizler o ac\u0131y\u0131 y\u00fcre\u011fimizin en derinlerinde hissettik. Ama Ad\u0131yaman&#8217;\u0131m\u0131z\u0131n yeniden k\u00fcllerinden do\u011fu\u015funa da hep birlikte \u015fahit oluyoruz. Bu s\u00fcre\u00e7te \u00f6zellikle Say\u0131n Cumhurba\u015fkan\u0131m\u0131z Recep Tayyip Erdo\u011fan&#8217;a, \u00e7ok k\u0131ymetli meclis ba\u015fkan\u0131m\u0131za, \u00e7ok de\u011ferli bakanlar\u0131m\u0131za, b\u00fcrokratlar\u0131m\u0131za \u00c7ok te\u015fekk\u00fcr ediyorum. Say\u0131n Valimiz ba\u015fta olmak \u00fczere ilimizin ilk protokol\u00fc de deprem s\u00fcresince b\u00fcy\u00fck bir \u00f6zveriyle \u00e7al\u0131\u015fmalar\u0131n\u0131 devam ettirdiler. Bu yap\u0131lan \u00e7al\u0131\u015fmalarda Ad\u0131yaman&#8217;\u0131m\u0131z i\u00e7in bir umut olmu\u015ftur. Bu \u00f6n\u00fcm\u00fczdeki hafta sonu Say\u0131n Cumhurba\u015fkan\u0131m\u0131z Ad\u0131yaman&#8217;a te\u015frif edecek. Yine bir kura t\u00f6reni \u00e7ekili\u015fi yapaca\u011f\u0131z. Art\u0131k deprem konutlar\u0131m\u0131z\u0131n sonuna geldik. \u00c7ok say\u0131da hem\u015fehrimiz konutlarda oturuyor. K\u0131sa bir s\u00fcre sonra da y\u0131l sonuna kalmadan b\u00fct\u00fcn hem\u015fehrilerimizi s\u0131cak yuvalar\u0131na kavu\u015fturman\u0131n huzuru i\u00e7erisindeyiz. Ad\u0131yaman&#8217;\u0131m\u0131z\u0131n \u00e7ok de\u011ferli, \u00e7ok k\u0131ymetli halk\u0131, vatanda\u015flar\u0131m\u0131z, dostlar\u0131m\u0131z, hem\u015fehrilerimiz \u0130ki y\u0131l \u00f6nce ba\u015flayan ve iki y\u0131l gibi k\u0131sa bir s\u00fcre i\u00e7erisinde bir yandan konutlar\u0131, yollar\u0131, k\u00f6pr\u00fcleri, hastaneleri, okullar\u0131, \u015fehrimizin ihtiya\u00e7 duydu\u011fu her eseri b\u00fcy\u00fck bir gururla, b\u00fcy\u00fck bir memnuniyetle tamamlamaktan sizler ad\u0131na, hem\u015fehrilerimiz ad\u0131na Cumhurba\u015fkan\u0131m\u0131za da te\u015fekk\u00fcrlerimizi arz ediyoruz. \u00c7etintepe Baraj\u0131&#8217;ndan Kahta Sincik yoluna \u015fehir hastanesinden k\u00fclt\u00fcr miraslar\u0131m\u0131z\u0131n restorasyonuna kadar her proje hem\u015fehrilerimizin gelece\u011fe umutla bakmas\u0131 i\u00e7in bir \u0131\u015f\u0131k yakmaktad\u0131r. Bu yat\u0131r\u0131mlar T\u00fcrkiye Y\u00fczy\u0131l misyonunun Ad\u0131yaman&#8217;daki yans\u0131mal\u0131d\u0131r. De\u011ferli hem\u015fehrilerim bu vesileyle 6 \u015eubat&#8217;ta kaybetti\u011fimiz canlar\u0131m\u0131z\u0131 bir daha rahmetle an\u0131yor ve onlar\u0131n aziz hat\u0131rlar\u0131n\u0131 ya\u015fatmak i\u00e7in gece g\u00fcnd\u00fcz \u00e7al\u0131\u015fan herkese te\u015fekk\u00fcrlerimi sunuyorum. Rabbim birli\u011fimizi daim, karde\u015fli\u011fimizi g\u00fc\u00e7l\u00fc eylesin. \u00d6zellikle Ad\u0131yaman&#8217;\u0131n yeniden y\u00fckseli\u015finde sivil toplum kurulu\u015flar\u0131m\u0131z\u0131n, STK&#8217;lar\u0131m\u0131z\u0131n, ba\u015fkanlar\u0131n, y\u00f6neticilerin de omuz vermesi bizleri heyecanland\u0131rmaktad\u0131r. Tekrar meclis ba\u015fkan\u0131m ho\u015f geldiniz. \u015eeref verdiniz. K\u0131ymetli misafirlerimiz sizleri de sayg\u0131yla selaml\u0131yor. Ho\u015f geldiniz diyorum.&#8221;<\/p>\n<p><img decoding=\"async\" alt=\"\" src=\"https:\/\/www.hbrkahta.com\/wp-content\/uploads\/2025\/11\/tbmm-baskani-numan-kurtulmus-adiyamanda-stk-temsilcileriyle-bulustu-1-cfGeMrnm.jpg\"><\/p>\n<p>Ad\u0131yaman Valisi Osman Varol&#8217;un Konu\u015fmas\u0131<\/p>\n<p>&#8220;Say\u0131n T\u00fcrkiye Cumhuriyeti B\u00fcy\u00fck Millet Meclisi Ba\u015fkan\u0131m\u0131z, \u00e7ok k\u0131ymetli milletvekillerimiz, de\u011ferli il protokol\u00fc y\u00f6netici arkada\u015flar\u0131m, sivil toplum kurulu\u015flar\u0131m\u0131z\u0131n de\u011ferli temsilcileri, bug\u00fcn burada aram\u0131zda olan muhtarlar\u0131m\u0131z ve onlar\u0131n derneklerin \u00e7ok k\u0131ymetli temsilcileri, Ad\u0131yamanl\u0131 hem\u015fehrilerimiz, han\u0131mefendiler, beyefendiler, \u00e7ok k\u0131ymetli bas\u0131n mensuplar\u0131. Bug\u00fcn ger\u00e7ekten burada sabahtan beri \u00e7ok de\u011ferli T\u00fcrkiye B\u00fcy\u00fck Millet Meclisi Ba\u015fkan\u0131m\u0131z\u0131n te\u015frifleriyle g\u00fczel programlar ger\u00e7ekle\u015ftiriyoruz ve bu programlar\u0131n bizlere verdi\u011fi heyecanla \u00f6ncelikle hepinizi sayg\u0131yla, sevgiyle, muhabbetle selaml\u0131yorum. Hepinize ho\u015f geldiniz diyorum. Say\u0131n Meclis Ba\u015fkan\u0131m\u0131za da ilimize te\u015friflerinden dolay\u0131 tekrar huzurlar\u0131n\u0131za te\u015fekk\u00fcr etmek istiyorum. \u00c7\u00fcnk\u00fc devlet b\u00fcy\u00fcklerimizin bizleri ziyareti, bizlere verdi\u011fi kuvvet, aya\u011fa kalkma \u00e7abam\u0131z i\u00e7erisinde bizler i\u00e7in \u00e7ok \u00f6nemli mihenk ta\u015flar\u0131 olu\u015fturuyorlar. Ben g\u00f6reve ba\u015flad\u0131\u011f\u0131m ilk g\u00fcnde \u00e7ok k\u0131ymetli Meclis Ba\u015fkan\u0131m\u0131z\u0131 u\u011furlayarak, onu kar\u015f\u0131layarak g\u00f6reve ba\u015flam\u0131\u015ft\u0131m. ve o g\u00fcnden bug\u00fcne kadar kendilerinden ger\u00e7ekten s\u00fcre\u00e7 i\u00e7erisinde hem do\u011frudan hem milletvekillerimiz arac\u0131l\u0131\u011f\u0131yla \u00e7ok \u00f6nemli, \u00e7ok g\u00fc\u00e7l\u00fc destekler ald\u0131k. Bug\u00fcn tabi ki Burada konu\u015fulacak \u00e7ok fazla husus var. Ben sadece s\u00fcre\u00e7 i\u00e7erisinde hem bizim ilimize ait kendi i\u00e7erimizde bizim i\u00e7in \u00e7ok \u00f6nem arz eden g\u00fcndemlerimiz oldu\u011funu hem \u00fclkemizin ulusal \u00e7apta \u00e7ok \u00f6nemli olan kendine has g\u00fcndemleri oldu\u011funu hem de ayn\u0131 zamanda uluslararas\u0131 alanda hem b\u00f6lgemizin hem k\u00fcresel dinamiklerin birtak\u0131m dengeleri oldu\u011funu belirtmek istiyorum. Bunlar\u0131n tamam\u0131 asl\u0131nda birbiriyle ba\u011flant\u0131l\u0131. Say\u0131n meclis ba\u015fkan\u0131m\u0131z\u0131n bug\u00fcn burada de\u011finece\u011fi hususlar bizim \u00f6zellikle afet sonras\u0131nda aya\u011fa kalk\u0131\u015f\u0131m\u0131z bug\u00fcn bulundu\u011fumuz noktaya geli\u015fimiz bu noktada sarf etti\u011fimiz eforla do\u011frudan ba\u011flant\u0131l\u0131 \u00fclkemizin Gelece\u011fiyle, gelecekte gidece\u011fimiz g\u00fczergahla do\u011frudan ba\u011flant\u0131l\u0131. Ben k\u0131saca kendi g\u00fcndemimizden bahsetmek gerekirse diye \u015funlar\u0131 s\u00f6ylemek istiyorum. Ad\u0131yaman\u0131m\u0131z 8561 can\u0131n\u0131 kaybetti. Hepsine Allah&#8217;tan rahmet diliyorum. B\u00fcy\u00fck afetle. Yap\u0131 sto\u011fumuzun 3&#8217;te 1&#8217;ini kaybettik, %34&#8217;\u00fcn\u00fc. Bu ger\u00e7ekten \u00e7ok \u00f6nemli bir oran. Yani g\u00f6rd\u00fc\u011f\u00fcn\u00fcz, g\u00f6z\u00fcn\u00fcz\u00fcn \u00f6n\u00fcnde duran \u00fc\u00e7 yap\u0131n\u0131zdan bir tanesini bu afette kaybettik. Bunlar\u0131n i\u00e7erisinde kamu kurumlar\u0131m\u0131z\u0131n oran\u0131 daha az olmakla beraber kamu yap\u0131 stokumuzun da yakla\u015f\u0131k %15&#8217;ini kaybettik. Fakat \u00e7ok \u00f6nemli bir eforla, \u00e7ok g\u00fc\u00e7l\u00fc bir liderlikle Say\u0131n Cumhurba\u015fkan\u0131m\u0131z\u0131n liderli\u011finde kabinenin ve t\u00fcm kamu g\u00fcc\u00fcn\u00fcn b\u00f6lgeye akmas\u0131yla birlikte \u00e7ok h\u0131zl\u0131 bir \u015fekilde yaralar\u0131m\u0131z\u0131 sard\u0131k, sarmaya devam ediyoruz. Bug\u00fcn y\u00fczde otuz d\u00f6rd\u00fcn\u00fc kaybetti\u011fimiz yap\u0131 sto\u011funun yerine do\u011frudan deste\u011fimizle veya bizzat yapt\u0131\u011f\u0131m\u0131z yakla\u015f\u0131k y\u00fczde otuz yedi bu\u00e7uk otuz sekizlik yeni yap\u0131 koyuyoruz arkada\u015flar. Yani yap\u0131 sto\u011fumuzu deprem \u00f6ncesine g\u00f6re artt\u0131r\u0131yoruz. Depremden bug\u00fcne kadar 99 tane okul ve 1157 tane derslik in\u015fa ettik arkada\u015flar. Bu ger\u00e7ekten inan\u0131lmaz bir h\u0131z. Bu dersliklerimizde \u015fu an \u00e7ocuklar\u0131m\u0131z Deprem \u00f6ncesine g\u00f6re daha fazla derslikte daha refah i\u00e7erisinde e\u011fitim \u00f6\u011fretimlerini devam ettiriyorlar. Yine \u00e7ok m\u00fcte\u015fekkiriz hemen deprem sonras\u0131nda ilimize yap\u0131lan \u00f6\u011fretmen atamas\u0131 ile deprem \u00f6ncesine g\u00f6re \u00f6\u011fretmen say\u0131m\u0131z binin \u00fczerinde yani y\u00fczde onun \u00fczerinde bir art\u0131\u015f sa\u011flad\u0131. Yine bu devam ediyor. Ayn\u0131 zamanda sa\u011fl\u0131k alan\u0131na bir de\u011finmek istiyorum. Birinci s\u0131n\u0131f \u00dc\u00e7 y\u00fcz elliden fazla yata\u011f\u0131 kazand\u0131rd\u0131k ilimize sadece depremden sonra bug\u00fcne kadar. Bunlar tabii ki say\u0131 olarak bakt\u0131\u011f\u0131n\u0131zda toplamda do\u011frudan in\u015fa etti\u011fimiz veya bizim deste\u011fimizle vatanda\u015f\u0131m\u0131z\u0131n in\u015fa etti\u011fi yetmi\u015f d\u00f6rt binin \u00fczerinde ba\u011f\u0131ms\u0131z b\u00f6l\u00fcmle birle\u015fti\u011finde asl\u0131nda \u015fehrimizi b\u00fcy\u00fck afetten sonra neredeyse yeniden in\u015fa ediyoruz. Bu s\u00fcre\u00e7 \u00e7ok g\u00fczel bir \u015fekilde devam ediyor. Ama biraz \u00f6nce bahsetti\u011fim ulusal g\u00fcndemlerimizle, uluslararas\u0131 g\u00fcndemlerimizle bir arada de\u011ferlendirilip, oralarda gerekli kazan\u0131mlar\u0131 elde etmedi\u011fimiz durumlarda \u00e7ok b\u00fcy\u00fck bir anlam\u0131 olmayaca\u011f\u0131n\u0131 d\u00fc\u015f\u00fcn\u00fcyorum. Bug\u00fcn \u00e7ok k\u0131ymetli meclis ba\u015fkan\u0131m\u0131z\u0131n ana g\u00fcndemi de bu. Ben daha fazla mikrofonu me\u015fgul etmeden s\u00f6z\u00fc nas\u0131l sahibine b\u0131rakmak ad\u0131na Bu g\u00fczel programdan, bu g\u00fczel g\u00fcnden, bize verilen bu moralden, destekten dolay\u0131 tekrar \u00e7ok k\u0131ymetli Meclis Ba\u015fkan\u0131m\u0131za minnetlerimi, \u015f\u00fckranlar\u0131m\u0131 arz ediyorum. Hep b\u00f6yle g\u00fczel vesilelerle bir araya gelmek dile\u011fiyle tekrar hepinizi sayg\u0131yla, sevgiyle, muhabbetle selaml\u0131yorum. Allah&#8217;a emanet ediyorum.&#8221;<\/p>\n<p><img decoding=\"async\" alt=\"\" src=\"https:\/\/www.hbrkahta.com\/wp-content\/uploads\/2025\/11\/tbmm-baskani-numan-kurtulmus-adiyamanda-stk-temsilcileriyle-bulustu-2-Z3UdE4MW.jpg\"><\/p>\n<p>TBMM Ba\u015fkan\u0131 Prof. Dr. Numan Kurtulmu\u015f&#8217;un Konu\u015fmas\u0131<\/p>\n<p>&#8220;\u00c7ok sayg\u0131de\u011fer Ad\u0131yamanl\u0131 karde\u015flerim. De\u011ferli dostlar De\u011ferli bas\u0131n mensuplar\u0131 Hepinize En i\u00e7ten en kalbi selamlar\u0131m\u0131 sunuyorum Bug\u00fcn Ad\u0131yaman program\u0131m\u0131zda Sabahleyin \u00dcniversitemizin A\u00e7\u0131l\u0131\u015f program\u0131nda birlikteydik Arkas\u0131ndan bir dizi program\u0131m\u0131z\u0131 ger\u00e7ekle\u015ftirdik Burada sizlerle Sivil toplum kurulu\u015flar\u0131m\u0131z\u0131n G\u00fczide temsilcileri ile y\u00f6neticileri ile Bir arada olmak \u00dclkemizin B\u00f6lgemizin meselelerini tart\u0131\u015fmak m\u00fczakere etmek i\u00e7in Bu f\u0131rsat\u0131 sunduklar\u0131 i\u00e7in ba\u015fta say\u0131n valimize ve eme\u011fi ge\u00e7en b\u00fct\u00fcn arkada\u015flar\u0131m\u0131za y\u00fcrekten te\u015fekk\u00fcr ediyorum. Ad\u0131yaman hakikaten Anadolu&#8217;nun, Anadolu irfan\u0131n\u0131n k\u00fclt\u00fcr\u00fcm\u00fcz\u00fcn, medeniyetimizin \u00f6nemli sembol \u015fehirlerinden birisi. Tarih boyunca bir\u00e7ok k\u00fclt\u00fcre, medeniyete ev sahipli\u011fi yapm\u0131\u015f olan bir \u015fehrimiz. Ve maalesef 6 \u015eubat depremlerinde de fevkalade b\u00fcy\u00fck hasar g\u00f6rm\u00fc\u015f. Az evvel de ifade edildi\u011fi gibi 8500&#8217;den fazla evlad\u0131n\u0131 kaybetmi\u015f, yap\u0131 stoklar\u0131n\u0131n \u00fc\u00e7te birini kaybetmi\u015f. Ben de o g\u00fcnleri g\u00f6rd\u00fcm. K\u00fc\u00e7\u00fck k\u0131yameti en \u015fiddetli \u015fekilde hissetmi\u015f olan illerimizden birisiydi. Zaman i\u00e7erisinde hele hele bug\u00fcn bir kez daha Ad\u0131yaman&#8217;\u0131 g\u00f6rd\u00fckten sonra Allah&#8217;a \u015f\u00fckrettim. Ger\u00e7ekten zaman i\u00e7erisinde bu yaralar\u0131 olduk\u00e7a h\u0131zl\u0131 bir \u015fekilde sararak bug\u00fcn belli bir seviyeye geldi. Hi\u00e7 \u015f\u00fcphesiz geride b\u0131rakt\u0131klar\u0131m\u0131z\u0131, kaybettiklerimizi yerine getirecek hi\u00e7bir maddi imkan yoktur. Ama o ac\u0131lar\u0131m\u0131z\u0131 diri tutaca\u011f\u0131z, canl\u0131 tutaca\u011f\u0131z. Ama sonu\u00e7ta Ad\u0131yaman yaralar\u0131n\u0131 b\u00fcy\u00fck oranda sarmay\u0131 ba\u015fard\u0131. \u0130n\u015fallah geri kalan da h\u0131zl\u0131 bir \u015fekilde tamamlanarak fiziki anlamda ya\u015fanmam\u0131\u015f olur diye d\u00fc\u015f\u00fcn\u00fcyorum. Yaralar\u0131n\u0131 da hep beraber bar\u0131\u015fla, karde\u015flikle, dostlukla, dayan\u0131\u015fmayla sarar sarar ve yolumuza devam ederiz. \u00d6ncelikle bu \u015fehre geldi\u011fimizde bu \u015fehrin manevi b\u00fcy\u00fcklerini Ebu Zer G\u0131fari&#8217;yi, Mahmud El Ensari&#8217;yi ve Safvan Bin Muattal&#8217;\u0131 hat\u0131rlamamak olmaz. Onlar\u0131n g\u00f6lgesinde, onlar\u0131n himayesinde, onlar\u0131n manevi g\u00f6lgesinde bu \u015fehre girerek Sabir Cahit ise bir yerde onlardan destur olarak bu \u015fehre girip onlara selamlar\u0131m\u0131z\u0131, sayg\u0131lar\u0131m\u0131z\u0131 ifade ederek bu \u015fehirden uzakla\u015fmak da herhalde bizlerin vazifesidir. Ayn\u0131 \u015fekilde bu \u015fehre geldi\u011fimizde Kahtal\u0131 Mi\u00e7i&#8217;yi ve \u00e7ok de\u011ferli arkada\u015f\u0131m\u0131z, dostumuz S\u0131rr\u0131 S\u00fcreyya \u00d6nder&#8217;i de rahmetle anmamak olmaz. Allah rahmet eylesin. Onlar\u0131 da sayg\u0131yla yad ediyorum. De\u011ferli dostlar, ger\u00e7ekten d\u00fcnyan\u0131n \u00e7ok nadir d\u00f6nemlerde ya\u015fad\u0131\u011f\u0131 h\u0131zl\u0131, \u00e7abuk ve s\u00fcrekli de\u011fi\u015fen \u015fartlar\u0131n i\u00e7erisinden ge\u00e7iyoruz. D\u00fcnya sistemi her manas\u0131yla yeniden y\u0131k\u0131l\u0131yor ve yeniden yap\u0131l\u0131yor. Ekonomide, teknolojide. Askeri bak\u0131mdan, uluslararas\u0131 ticaret a\u00e7\u0131s\u0131ndan, uluslararas\u0131 ili\u015fkiler bak\u0131m\u0131ndan, g\u00fc\u00e7 dengelerinin yer de\u011fi\u015ftirmesi a\u00e7\u0131s\u0131ndan b\u00f6yle ba\u015f d\u00f6nd\u00fcr\u00fcc\u00fc bir h\u0131zla 20-30 sene evvel tahmin edilen ya da \u00f6ng\u00f6r\u00fclen hususlar\u0131n bile Tahminlerin \u00e7ok \u00fcst\u00fcnde b\u00fcy\u00fck bir h\u0131zla de\u011fi\u015fti\u011fi bir d\u00f6nemden ge\u00e7iyoruz. D\u00fcnyada \u00e7ok g\u00fc\u00e7l\u00fc zannetti\u011fimiz \u00fclkeler ve b\u00f6lgelerin yerine yeni ve \u00e7ok daha g\u00fc\u00e7l\u00fc b\u00f6lgeler ve \u00fclkeler \u00f6ne \u00e7\u0131k\u0131yor ve b\u00fct\u00fcn bunlar\u0131n sonucu olarak da ister istemez d\u00fcnyada b\u00fcy\u00fck gerilimlerin B\u00fcy\u00fck \u00e7at\u0131\u015fmalar\u0131n, b\u00fcy\u00fck kavgalar\u0131n, g\u00fcr\u00fclt\u00fclerin hi\u00e7 eksik olmad\u0131\u011f\u0131 bir d\u00f6nemi ya\u015f\u0131yoruz. Zaten insanl\u0131k tarihi boyunca b\u00fcy\u00fck sava\u015flar\u0131n hepsi g\u00fc\u00e7 dengesizliklerinin oldu\u011fu d\u00f6nemlerde ortaya \u00e7\u0131kar. Birinci d\u00fcnya sava\u015f\u0131 \u00f6yleydi, ikinci d\u00fcnya sava\u015f\u0131 \u00f6yleydi. Ondan \u00f6nceki d\u00f6nemlerde de hep b\u00fcy\u00fck olu\u015fumlar g\u00fc\u00e7 dengesizliklerinde ortaya \u00e7\u0131kar. Bug\u00fcn de d\u00fcnya b\u00f6yle bir d\u00f6nemi ya\u015f\u0131yor. Bu d\u00fcnyan\u0131n g\u00fc\u00e7 m\u00fccadelelerinin verildi\u011fi b\u00fct\u00fcn merkezlerin tam da kalbinde merkezinde ana \u00fcss\u00fc olarak duran yer ise bizim i\u00e7inde bulundu\u011fumuz co\u011frafyad\u0131r. T\u00fcrkiye&#8217;nin bulundu\u011fu co\u011frafyad\u0131r. Dolay\u0131s\u0131yla T\u00fcrkiye&#8217;nin d\u00fcnyan\u0131n ta \u00f6teki ucunda olan\u0131 dahi seyretmek l\u00fcks\u00fc yoktur. T\u00fcrkiye i\u00e7in d\u00fcnyadaki hi\u00e7bir geli\u015fme bizi ilgilendirmiyor diyece\u011fimiz burun k\u0131v\u0131r\u0131p ge\u00e7ece\u011fimiz bir geli\u015fme de\u011fildir. Bunlar\u0131 \u00e7ok iyi takip etmek, \u00e7ok g\u00fc\u00e7l\u00fc \u015fekilde cevaplar\u0131m\u0131z\u0131 haz\u0131rlamak ve \u00f6nce kendi i\u00e7 cephemizi tahkim ederek \u00e7ok g\u00fc\u00e7l\u00fc bir \u015fekilde bu b\u00f6lgede var olmak durumunday\u0131z. Buras\u0131 \u00f6yle bir b\u00f6lgedir ki, nereyi kastediyorum? Bir taraf\u0131nda Balkanlar, bir taraf\u0131nda Kafkaslar, kuzeyinde Karadeniz, g\u00fcneyinde Orta Do\u011fu, Do\u011fu Akdeniz ve Kuzey Afrika hatta i\u00e7eriye kadar Afrika&#8217;n\u0131n oldu\u011fu bir b\u00f6lge. Bu b\u00f6lgede hi\u00e7 kimse, hi\u00e7bir \u00fclkeye gel sen de \u015furada dur, rahat bir \u015fekilde ya\u015fa demez. Kimse size iki aya\u011f\u0131n\u0131z\u0131 basaca\u011f\u0131n\u0131z bir yeri b\u0131rakmaz rahat bir \u015fekilde. Hele hele uzun as\u0131rlar boyunca d\u00fcnyada adaletin, d\u00fcnyada insanl\u0131\u011f\u0131n, vicdan\u0131n, insaf\u0131n merkezi olmu\u015f olan bir milletin, bir \u00fclkenin devam\u0131 isek yani o b\u00fcy\u00fck cihan imparatorluklar\u0131n\u0131n miras\u00e7\u0131s\u0131 isek bize hi\u00e7 kimse b\u00f6yle demez. Bize herkes \u00e7ekil sen \u015furadan da o yeri de biz doldural\u0131m diye m\u00fcdahale etmeye \u00e7al\u0131\u015f\u0131r. \u00d6zellikle zay\u0131f d\u00fc\u015ft\u00fc\u011f\u00fcm\u00fcz zamanlarda hep b\u00f6yle olmu\u015ftur. Bundan 150 sene evvel, 200 sene evvel zay\u0131flamaya ba\u015flad\u0131\u011f\u0131m\u0131zda bu co\u011frafyada ba\u015f\u0131m\u0131za neler geldi\u011fini Birinci D\u00fcnya Sava\u015f\u0131 ile neler kaybetti\u011fimizi, 20 y\u0131l i\u00e7erisinde koskoca Balkanlar\u0131 nas\u0131l elimizden \u00e7\u0131kard\u0131\u011f\u0131m\u0131z\u0131, ayn\u0131 \u015fekilde Orta Do\u011fu&#8217;da bir s\u00fcr\u00fc bug\u00fcn var olan \u00fclkenin nas\u0131l elimizden gitti\u011fini hepiniz \u00e7ok \u00e7ok iyi biliyorsunuz. Dolay\u0131s\u0131yla bu co\u011frafyada bulunmak i\u00e7in nefes almak i\u00e7in ayakta durmak i\u00e7in \u00e7ok g\u00fc\u00e7l\u00fc olman\u0131z laz\u0131m. Ekonomik olarak g\u00fc\u00e7l\u00fc olacaks\u0131n\u0131z. Siyasi olarak g\u00fc\u00e7l\u00fc olacaks\u0131n\u0131z. Askeri olarak g\u00fc\u00e7l\u00fc olacaks\u0131n\u0131z. E\u011fitimde k\u00fclt\u00fcrde g\u00fc\u00e7l\u00fc olacaks\u0131n\u0131z. Ama hepsinden \u00f6nemlisi toplumsal yap\u0131n\u0131z itibariyle de \u00e7ok g\u00fc\u00e7l\u00fc olacaks\u0131n\u0131z. Yani dostluk, karde\u015flik, bir arada olmak, beraber olmak sizin toplumsal dokunuzun ana mayas\u0131n\u0131 olu\u015fturacak. E\u011fer b\u00f6yle olmazsa i\u00e7inizi kar\u0131\u015ft\u0131rmak i\u00e7in birilerinin emperyalist g\u00fc\u00e7lerin nas\u0131l devreye girdi\u011fine yak\u0131n tarihimiz \u015fahittir. 6 as\u0131r boyunca herkesin bir arada birlikte ya\u015fad\u0131\u011f\u0131 koskoca Balkan co\u011frafyas\u0131 20 senede k\u00fc\u00e7\u00fck etnik kimlikler \u00fczerinden ayr\u0131\u015ft\u0131rma ba\u015flat\u0131larak maalesef elimizden \u00e7\u0131km\u0131\u015ft\u0131r. Sen T\u00fcrks\u00fcn, sen Arnavutsun, sen Bo\u015fnaks\u0131n, sen Bulgars\u0131n, sen S\u0131rps\u0131n diyerek 6 as\u0131r kom\u015fu ya\u015fam\u0131\u015f insanlar\u0131n aras\u0131na fitneyi f\u00fccuru sokmu\u015flar ve darmada\u011f\u0131n\u0131k etmi\u015flerdir. Bunlardan ders \u00e7\u0131kartarak art\u0131k T\u00fcrkiye&#8217;nin kendi i\u00e7 cephesini \u00e7ok sa\u011flam tutmas\u0131 laz\u0131m. Bunun i\u00e7in \u00f6n\u00fcm\u00fczde fevkalade \u00f6nemli, fevkalade dikkat etmemiz gereken bir s\u00fcre\u00e7 oldu\u011funu ifade ederim. Allah&#8217;a \u00e7ok \u015f\u00fck\u00fcr 50 y\u0131ld\u0131r u\u011fra\u015ft\u0131\u011f\u0131m\u0131z On binlerce insan\u0131n can\u0131na mal olan Binlerce \u015fehidimizin can\u0131na mal olan T\u00fcrkiye&#8217;nin trilyonlarca dolar Maddi kayb\u0131na neden olan Art\u0131k ter\u00f6r belas\u0131ndan Kurtuluyor Aya\u011f\u0131m\u0131za vurulan Prangalar\u0131 kald\u0131r\u0131p Bir kenara at\u0131yoruz Bunun i\u00e7in \u0130\u00e7eride dirli\u011fimizi birli\u011fimizi Hukuk \u00e7er\u00e7evesinde adaletle ve e\u015fitlikle insanlar aras\u0131nda ger\u00e7ekten e\u015fitlikle yan yana durarak bu yolumuzu a\u00e7\u0131yoruz. \u0130n\u015fallah T\u00fcrkiye&#8217;nin yakla\u015f\u0131k 102 y\u0131ll\u0131k cumhuriyet tarihimizin yar\u0131s\u0131na yok etmemize vesile olan ter\u00f6r \u00f6rg\u00fct\u00fcn\u00fcn devreden \u00e7\u0131kar\u0131lmas\u0131, silahlar\u0131n tamamen b\u0131rak\u0131lmas\u0131yla birlikte bu karma\u015f\u0131k Orta Do\u011fu co\u011frafyas\u0131nda daha g\u00fc\u00e7l\u00fc bir T\u00fcrkiye&#8217;ye ad\u0131m at\u0131yoruz. Bu \u00e7er\u00e7evede yakla\u015f\u0131k 5 A\u011fustos&#8217;tan beri s\u00fcrd\u00fcrmekte oldu\u011fumuz, T\u00fcrkiye B\u00fcy\u00fck Millet Meclisi \u00e7er\u00e7evesinde s\u00fcrd\u00fcrd\u00fc\u011f\u00fcm\u00fcz, Say\u0131n Cumhurba\u015fkan\u0131m\u0131z\u0131n \u00f6nc\u00fcl\u00fc\u011f\u00fcnde Say\u0131n Devlet Bah\u00e7eli&#8217;nin yolu a\u00e7mas\u0131 ve di\u011fer b\u00fct\u00fcn siyasi partilerin de destek vermesiyle birlikte Ter\u00f6rs\u00fcz T\u00fcrkiye konusunda ad\u0131mlar att\u0131k, atmaya devam ediyoruz. \u00d6rg\u00fct\u00fcn silahlar\u0131n\u0131 b\u0131rakt\u0131\u011f\u0131n\u0131 s\u00f6ylemesi, ifade etmesi, bunu ilan etmesiyle birlikte yeni bir a\u015famaya ge\u00e7ilmi\u015ftir. \u00d6n\u00fcm\u00fczdeki g\u00fcnlerde T\u00fcrkiye&#8217;nin g\u00fcvenlik birimlerinin ger\u00e7ekten silahlar\u0131n b\u0131rak\u0131ld\u0131\u011f\u0131n\u0131 tespit ve teyit etmesiyle birlikte Bundan sonra neler yap\u0131labilece\u011finin ana \u00e7er\u00e7evesi tart\u0131\u015f\u0131lacak ve T\u00fcrkiye B\u00fcy\u00fck Millet Meclisi&#8217;nde kurulan Milli Dayan\u0131\u015fma Karde\u015flik ve Demokrasi Komisyonu haz\u0131rlayaca\u011f\u0131 bir \u00e7er\u00e7eve ile konuyu T\u00fcrkiye B\u00fcy\u00fck Millet Meclisi&#8217;ne, Uhtesine havale edecektir. De\u011ferli arkada\u015flar T\u00fcrkiye&#8217;de b\u00f6ylesine bir konunun bir parti d\u0131\u015f\u0131nda T\u00fcrkiye&#8217;deki parlamentodaki b\u00fct\u00fcn siyasi partilerin ortak bir karar\u0131yla ortak bir eyleme d\u00f6k\u00fclmesi ve yakla\u015f\u0131k 5 A\u011fustos&#8217;tan bu yana parlamentoda 51 milletvekilinden olu\u015fan komisyonun son derece \u00fcst d\u00fczey bir tart\u0131\u015fmay\u0131 demokratik bir olgunlukla ger\u00e7ekle\u015ftirilmesi T\u00fcrkiye i\u00e7in fevkalade \u00f6nemlidir. Herkesin tabii ki ayr\u0131 bir siyasi g\u00fcndemi var. Zaman zaman arkada\u015flar\u0131m\u0131za s\u00f6yl\u00fcyoruz. Herkesin kendisine hitap edece\u011fi kendi siyasi taban\u0131 var. Bunlar\u0131n hepsini anlay\u0131\u015fla kar\u015f\u0131lar\u0131z. Ama b\u00fct\u00fcn siyasi partiler Tebrik ve te\u015fekk\u00fcr ediyorum. Ortak bir sorumluluk olarak kabul etmi\u015f ve kendi siyasi tabanlar\u0131na de\u011fil, 86 milyon T\u00fcrkiye Cumhuriyeti vatanda\u015f\u0131m\u0131za hitap etmeyi, onlar\u0131n derdini \u00e7\u00f6zebilecek \u00e7\u00f6z\u00fcmler bulabilmeyi kendisine vazife telakki etmi\u015ftir. Geldi\u011fimiz nokta hi\u00e7 k\u00fc\u00e7\u00fcmselecek bir nokta de\u011fildir. Sizi temin ederek s\u00f6yl\u00fcyorum Ba\u015fka \u00fclkelerde kar\u015f\u0131la\u015fan Baz\u0131 Avrupa \u00fclkeleri Asya \u00fclkeleri Latin Amerika \u00fclkelerinde Kar\u015f\u0131la\u015f\u0131lan \u00c7at\u0131\u015fma \u00e7\u00f6z\u00fcmlerinde 5-6 y\u0131lda 7-8 y\u0131lda gelinen noktaya T\u00fcrkiye 1 Ekim 2024&#8217;de ba\u015flat\u0131n Bir y\u0131ll\u0131k bir s\u00fcre i\u00e7erisinde \u00c7oktan gelmi\u015f vaziyettedir \u0130n\u015fallah Bu s\u00fcreci ba\u015far\u0131yla tamamlayaca\u011f\u0131z De\u011ferli dostlar Ge\u00e7mi\u015f d\u00f6nemlerde Osmanl\u0131 Cihan Devleti&#8217;nin son d\u00f6nemlerinde b\u00f6l par\u00e7ala y\u00f6net politikas\u0131yla nas\u0131l \u00fclkelerin parampar\u00e7a edildi\u011fi, nas\u0131l koskoca bir cihan devletinin etnik ve mezhebi \u00e7at\u0131\u015fmalar \u00fczerinden birbirine k\u0131rd\u0131r\u0131ld\u0131\u011f\u0131n\u0131 d\u00fcn gibi hat\u0131rl\u0131yoruz. Ayn\u0131 \u015fekilde \u00e7ok uza\u011fa gitmeyin yak\u0131n bir zaman i\u00e7erisinde \u00f6zellikle Irak&#8217;\u0131n i\u015fgaliyle birlikte ba\u015flayan bu s\u00fcre\u00e7ten itibaren b\u00f6lgedeki \u00fclkelerin nas\u0131l par\u00e7aland\u0131\u011f\u0131n\u0131, halklar\u0131n nas\u0131l birbirine d\u00fc\u015fman edilmek i\u00e7in azami bir gayret sarf edildi\u011fini hep beraber g\u00f6r\u00fcyoruz. Irak parampar\u00e7a hale getirilmi\u015f. Suriye parampar\u00e7a olmu\u015f. Ayn\u0131 \u015fekilde L\u00fcbnan zaten y\u00f6netilemez bir hale gelmi\u015f. Libya ikiye b\u00f6l\u00fcnm\u00fc\u015f. B\u00f6lgedeki b\u00fct\u00fcn \u00fclkeler maalesef bir i\u00e7 t\u00fcrb\u00fclans\u0131na sokulmu\u015f. En son g\u00f6r\u00fcyorsunuz Sudan&#8217;da neredeyse her \u015feyi birebir ayn\u0131 olan halk birbirine d\u00fc\u015fman hale getirilmeye \u00e7al\u0131\u015f\u0131l\u0131yor. B\u00fct\u00fcn bunlar\u0131n i\u00e7erisinde kim kaybetti? Bu b\u00f6lge halklar\u0131 kaybetti. Bu b\u00f6lge halklar\u0131 ezildi. Kanlar\u0131 d\u00f6k\u00fcld\u00fc. \u015eehirleri ya\u011fmaland\u0131. Tarihi eserleri ya\u011fmaland\u0131. \u0130nsanlar birbirlerine d\u00fc\u015fman hale getirildi. Allah a\u015fk\u0131na bir tek Allah&#8217;\u0131n kulu kalk\u0131p bu s\u00fcre\u00e7te son 20-25 y\u0131l i\u00e7erisinde b\u00f6lgede olanlardan T\u00fcrkler kazand\u0131, Araplar kazand\u0131, K\u00fcrtler kazand\u0131, S\u00fcnniler kazand\u0131, \u015eiiler kazand\u0131 diyebilir mi? DAE\u015e&#8217;in Suriye&#8217;de, Irak&#8217;ta faaliyet g\u00f6sterdi\u011fi en yo\u011fun g\u00fcnlerinde T\u00fcrkiye&#8217;deki gazetelerde olan bir haberi hi\u00e7 unutmam. K\u00fc\u00e7\u00fck bir haber olarak ge\u00e7ti. Irak&#8217;\u0131n Tuzhurmat\u0131 kentinde S\u00fcnni T\u00fcrkmenlerle, \u015eii T\u00fcrkmenler sava\u015f ettiler, kavga ettiler. \u015eu kadar \u00f6l\u00fc oldu. B\u0131rak\u0131n etnik ayr\u0131\u015fmay\u0131, b\u0131rak\u0131n meslek ayr\u0131\u015fmas\u0131n\u0131, ayn\u0131 halk\u0131 bile birbirinden ay\u0131rt edecek birtak\u0131m oyunlar\u0131 ortaya koymay\u0131 ba\u015fard\u0131lar. Bu oyunu bozmak zorunday\u0131z. Bu oyunun inan\u0131n ki bu b\u00f6lgedeki hi\u00e7bir kimseye fark\u0131 faydas\u0131 yoktur. \u015eunu s\u00f6yl\u00fcyorum burada da \u00e7ok a\u00e7\u0131kl\u0131kla s\u00f6yleyece\u011fim. Ad\u0131yamanl\u0131lar T\u00fcrkiye&#8217;nin birlik ve beraberli\u011finin yap\u0131 ta\u015f\u0131 olmu\u015f olan insanlard\u0131r. Bu \u015fehrin b\u00f6ylesine bir birle\u015ftirici b\u00fct\u00fcnle\u015ftirici bir kimli\u011fi var. T\u00fcrk&#8217;\u00fc, Zaza&#8217;y\u0131, K\u00fcrd&#8217;\u00fc, S\u00fcnni&#8217;yi, Alevi&#8217;yi bir arada tutabilmi\u015f gayrim\u00fcslim unsurlar\u0131yla birlikte bir arada ya\u015famay\u0131 ba\u015farm\u0131\u015f bir kentte konu\u015fuyoruz. Sizi temin ederim ki bu emperyalistler Ne Arap&#8217;\u0131 severler ne T\u00fcrk&#8217;\u00fc severler ne K\u00fcrt&#8217;\u00fc severler ne Maruni&#8217;yi severler ne bu b\u00f6lgedeki herhangi bir Ezidi&#8217;yi severler ne S\u00fcnni&#8217;yi severler ne \u015eii&#8217;yi severler ne Alevi&#8217;yi severler. Bu b\u00f6lgenin halklar\u0131n\u0131 zaten a\u00e7\u0131k\u00e7a s\u00f6yl\u00fcyorlar. Hele \u015fimdi Siyonist emperyalizmi g\u00f6rd\u00fc\u011f\u00fcn\u00fcz zaman adam ne diyor? B\u00fct\u00fcn bu b\u00f6lge halklar\u0131 goyimdir. Yani insan bile de\u011fildir. \u0130nsandan a\u015fa\u011f\u0131 varl\u0131klard\u0131r. Bunu adam\u0131n bakan\u0131 s\u00f6yl\u00fcyor. Gazzelleri, Filistinler, oradakiler diyor, insans\u0131 varl\u0131klard\u0131r diyor. B\u00f6yle bir kafa yap\u0131s\u0131na kar\u015f\u0131 farkl\u0131l\u0131klar\u0131m\u0131z\u0131 \u00f6ne \u00e7\u0131kararak bu farkl\u0131l\u0131klar\u0131n kullan\u0131lmas\u0131na m\u00fcsaade mi edece\u011fiz? Yoksa farkl\u0131l\u0131klar benim farkl\u0131l\u0131\u011f\u0131md\u0131r. Biz hep beraber farkl\u0131l\u0131klar\u0131m\u0131zla emperyalizme kar\u015f\u0131 dimdik. Birlik i\u00e7erisinde mi bulunaca\u011f\u0131z? Tabii ki birlik i\u00e7inde olaca\u011f\u0131z. Tabii ki dirlik i\u00e7inde olaca\u011f\u0131z. Bu \u00fclke bizimdir. Bu co\u011frafya bizimdir. Bu topraklar bizimdir. Bu b\u00f6lge d\u0131\u015far\u0131dan gelenlerin at ko\u015fturaca\u011f\u0131 bir b\u00f6lge de\u011fildir. Hele hele bu \u00fclke asla ve asla yabanc\u0131n\u0131n \u00e7izmesine, yabanc\u0131n\u0131n nefesine dahi kendisini ezmesi i\u00e7in m\u00fcsaade etmeyen bir milletin \u00fclkesidir. Hep beraber bunu in\u015fallah bir araya getirece\u011fiz. Farkl\u0131l\u0131klar\u0131m\u0131z\u0131 tabii ki koruyaca\u011f\u0131z. Herkes kendi farkl\u0131l\u0131\u011f\u0131 i\u00e7erisinde e\u015fit ve \u00f6zg\u00fcr T\u00fcrkiye Cumhuriyeti yurtta\u015f\u0131 olarak varl\u0131\u011f\u0131n\u0131 devam ettirecek. Biz hep \u015funu s\u00f6yl\u00fcyoruz Bazen b\u00f6yle i\u015fi kolay anlatmak i\u00e7in \u00fcst ak\u0131l vs. diyerek kolay\u0131na ka\u00e7\u0131yoruz. \u00dcst ak\u0131l diyorsunuz, elin gavurunun akl\u0131 varsa bu milletin de akl\u0131 vard\u0131r. Bizim akl\u0131m\u0131z onlar\u0131n akl\u0131ndan \u00e7ok daha \u00fcste olan bir ak\u0131ld\u0131r ve in\u015fallah ba\u015faraca\u011f\u0131z. Son olarak \u015funu s\u00f6ylemek istiyorum T\u00fcrkiye&#8217;de K\u00fcrt meselesinin demokratik yollarla \u00e7\u00f6z\u00fclmesi i\u00e7in m\u00fcsbet ad\u0131mlar at\u0131lmas\u0131yla ilgili \u00e7ok b\u00fcy\u00fck \u00e7al\u0131\u015fmalar yap\u0131ld\u0131. Bu \u00e7al\u0131\u015fmalar\u0131n iyi niyetli \u00e7al\u0131\u015fmalar\u0131n belli noktalara geldi\u011fi zaman maalesef birilerinin nas\u0131l rahats\u0131z oldu\u011funu ve bu \u00e7abalar\u0131 nas\u0131l engellediklerini gayet iyi biliyoruz. B\u00fct\u00fcn m\u00fcktesebat \u00f6n\u00fcm\u00fczdedir. Art\u0131k \u00d6zellikle i\u00e7inde bulundu\u011fumuz zaman bu b\u00f6lgede g\u00fc\u00e7l\u00fc bir i\u00e7 kale tahkimat\u0131n\u0131 zorunlu k\u0131lmaktad\u0131r. Bunun i\u00e7in diyoruz ki bu sefer mutlaka ba\u015faraca\u011f\u0131z, bu sefer mutlaka kazanaca\u011f\u0131z ve bu \u00fclkenin her yerinde insanlar huzur i\u00e7erisinde, bar\u0131\u015f i\u00e7erisinde, esenlik i\u00e7erisinde ya\u015famaya devam edecek. Ve \u015funu da s\u00f6yleyeyim. Bizim ortaya koydu\u011fumuz bu model \u00f6yle inan\u0131yorum, y\u00fcrekten inan\u0131yorum. Ba\u015far\u0131ya kavu\u015ftuktan sonra T\u00fcrkiye modeli ad\u0131 alt\u0131nda d\u00fcnyan\u0131n bir\u00e7ok \u00fclkesinde, \u00fcniversitelerde, ara\u015ft\u0131rma merkezlerinde ba\u015far\u0131l\u0131 bir \u00e7at\u0131\u015fma \u00e7\u00f6z\u00fcm\u00fc modeli olarak ortaya konulacakt\u0131r ve in\u015fallah Ad\u0131yaman modeli olarak birlikte bir arada ya\u015famay\u0131 ba\u015farm\u0131\u015f sizlere s\u00f6yl\u00fcyorum. Sizler de bu T\u00fcrkiye modelinin b\u00fct\u00fcn d\u00fcnyaya \u00f6rnek olarak g\u00f6sterilmesi i\u00e7in elinizden gelen b\u00fct\u00fcn gayretle \u00e7al\u0131\u015fmaya devam edeceksiniz. Bizim yolumuz karde\u015flik yoldur. Bizim yolumuz esenlik yoldur. Bizim yolumuz birlik, dirlik yoludur. Birlikten dirlikten bahseden k\u00fclt\u00fcr\u00fcm\u00fcz\u00fc bug\u00fcn ete kemi\u011fe b\u00fcr\u00fcnd\u00fcrerek aram\u0131za sokulmak istenen b\u00fct\u00fcn fitneleri bir tarafa b\u0131rakaca\u011f\u0131z ve hep beraber yolumuza devam edece\u011fiz. Allah yolumuzu a\u00e7\u0131k etsin. Allah bu \u00fclkenin aya\u011f\u0131na prangalar vurmak isteyenlere f\u0131rsat vermesin. Tabii ki biliyoruz, hissediyoruz ve g\u00f6r\u00fcyoruz. T\u00fcrkiye&#8217;de \u00e7ok b\u00fcy\u00fck bir \u00e7o\u011funluk bu komisyonumuzun \u00e7al\u0131\u015fmalar\u0131na b\u00fcy\u00fck destek veriyor. Zaten parlamentoda yer alan on bir siyasi parti, be\u015f partinin grubu var. Alt\u0131 partide bireysel olarak kat\u0131l\u0131yor, grubu yok. Bir parti hari\u00e7 hepsi komisyonun i\u00e7erisinde. Herkes fikri de s\u00f6yl\u00fcyor, b\u00fcy\u00fck bir destek veriyor. Ama \u015funu da g\u00f6r\u00fcyoruz ve biliyoruz ki baz\u0131 \u00e7akallar da k\u00f6\u015felerinde durarak T\u00fcrkiye&#8217;nin bu demokrasi, bar\u0131\u015f, esenlik ve karde\u015flik s\u00fcrecine bir \u015fekilde m\u00fcdahil olmaya, onu bozmaya \u00e7al\u0131\u015fmalar\u0131 muhtemeldir, mukadderdir. Biz birlik olursak, ortak karar\u0131m\u0131z\u0131 ortaya koydu\u011fumuz bu karar\u0131m\u0131z\u0131 s\u00fcrd\u00fcr\u00fcrsek mutlaka sonu\u00e7 alaca\u011f\u0131m\u0131z\u0131 d\u00fc\u015f\u00fcn\u00fcyorum. Allah yard\u0131mc\u0131m\u0131z olsun diyorum. Sizlere de verdi\u011finiz destekten dolay\u0131 \u00e7ok te\u015fekk\u00fcr ediyorum. Allah yolumuzu a\u00e7\u0131k etsin. Birlikten, beraberlikten, karde\u015flikten ve esenlikten ay\u0131rmas\u0131n.&#8221;<\/p>\n<p>Kaynak : PERRE<\/p>\n","protected":false},"excerpt":{"rendered":"<p>ADIYAMAN (PERRE) &#8211; \u015eeriban \u00d6Z\u00c7AKMAK &#8211; T\u00fcrkiye B\u00fcy\u00fck Millet Meclisi (TBMM) Ba\u015fkan\u0131 Prof. Dr. Numan Kurtulmu\u015f, Ad\u0131yaman ziyareti kapsam\u0131nda TPAO Konferans Salonu&#8217;nda sivil toplum kurulu\u015fu (STK) temsilcileriyle bir araya geldi. Toplant\u0131ya Ad\u0131yaman Valisi Osman Varol, Ad\u0131yaman Milletvekilleri Do\u00e7. Dr. Resul Kurt, Do\u00e7. Dr. \u0130shak \u015ean, H\u00fcseyin \u00d6zhan ve Mustafa Alkay\u0131\u015f ile Ad\u0131yaman Belediye Ba\u015fkan\u0131 Av. Abdurrahman Tutdere, Ad\u0131yaman \u00dcniversitesi Rekt\u00f6r\u00fc Mehmet Kele\u015f, STK ba\u015fkanlar\u0131 ve muhtarlar kat\u0131ld\u0131.<\/p>\n","protected":false},"author":1,"featured_media":20047,"comment_status":"open","ping_status":"open","sticky":false,"template":"","format":"standard","meta":{"om_disable_all_campaigns":false,"_monsterinsights_skip_tracking":false,"_monsterinsights_sitenote_active":false,"_monsterinsights_sitenote_note":"","_monsterinsights_sitenote_category":0,"footnotes":""},"categories":[1,11],"tags":[559,540,574,745,533],"aioseo_notices":[],"_links":{"self":[{"href":"https:\/\/www.hbrkahta.com\/index.php\/wp-json\/wp\/v2\/posts\/20046"}],"collection":[{"href":"https:\/\/www.hbrkahta.com\/index.php\/wp-json\/wp\/v2\/posts"}],"about":[{"href":"https:\/\/www.hbrkahta.com\/index.php\/wp-json\/wp\/v2\/types\/post"}],"author":[{"embeddable":true,"href":"https:\/\/www.hbrkahta.com\/index.php\/wp-json\/wp\/v2\/users\/1"}],"replies":[{"embeddable":true,"href":"https:\/\/www.hbrkahta.com\/index.php\/wp-json\/wp\/v2\/comments?post=20046"}],"version-history":[{"count":1,"href":"https:\/\/www.hbrkahta.com\/index.php\/wp-json\/wp\/v2\/posts\/20046\/revisions"}],"predecessor-version":[{"id":20051,"href":"https:\/\/www.hbrkahta.com\/index.php\/wp-json\/wp\/v2\/posts\/20046\/revisions\/20051"}],"wp:featuredmedia":[{"embeddable":true,"href":"https:\/\/www.hbrkahta.com\/index.php\/wp-json\/wp\/v2\/media\/20047"}],"wp:attachment":[{"href":"https:\/\/www.hbrkahta.com\/index.php\/wp-json\/wp\/v2\/media?parent=20046"}],"wp:term":[{"taxonomy":"category","embeddable":true,"href":"https:\/\/www.hbrkahta.com\/index.php\/wp-json\/wp\/v2\/categories?post=20046"},{"taxonomy":"post_tag","embeddable":true,"href":"https:\/\/www.hbrkahta.com\/index.php\/wp-json\/wp\/v2\/tags?post=20046"}],"curies":[{"name":"wp","href":"https:\/\/api.w.org\/{rel}","templated":true}]}}