{"id":20043,"date":"2025-11-03T20:36:04","date_gmt":"2025-11-03T17:36:04","guid":{"rendered":"https:\/\/www.hbrkahta.com\/?p=20043"},"modified":"2025-11-03T20:36:04","modified_gmt":"2025-11-03T17:36:04","slug":"ak-parti-milletvekili-ozhan-ak-parti-milletimizin-guveninin-ve-istikrarin-adidir","status":"publish","type":"post","link":"https:\/\/www.hbrkahta.com\/index.php\/2025\/11\/03\/ak-parti-milletvekili-ozhan-ak-parti-milletimizin-guveninin-ve-istikrarin-adidir\/","title":{"rendered":"AK Parti Milletvekili \u00d6zhan: \u2018AK Parti, Milletimizin G\u00fcveninin ve \u0130stikrar\u0131n Ad\u0131d\u0131r\u2019"},"content":{"rendered":"<p>&#8220;Milletimizin G\u00fcveniyle 23 Y\u0131ld\u0131r \u0130ktidarday\u0131z&#8221;<\/p>\n<p>Milletvekili \u00d6zhan, AK Parti&#8217;nin T\u00fcrk siyasi tarihinde \u00f6zel bir yere sahip oldu\u011funu belirterek, 23 y\u0131ld\u0131r kesintisiz iktidarda kalmas\u0131n\u0131n milletin g\u00fcven ve istikrar arzusunun bir yans\u0131mas\u0131 oldu\u011funu ifade etti. \u00d6zhan a\u00e7\u0131klamas\u0131nda \u015fu ifadeleri kulland\u0131:<\/p>\n<p>&#8220;AK Parti, T\u00fcrk siyasi tarihinin \u00e7ok partili d\u00f6neminde, 23 y\u0131ld\u0131r kesintisiz iktidarda kalarak milletimizin g\u00fcvenini ve istikrar arzusunu temsil etmeye devam etmektedir. 3 Kas\u0131m 2002&#8217;de milletimizin g\u00fc\u00e7l\u00fc deste\u011fiyle iktidara gelmi\u015f olan partimiz, bu s\u00fcre i\u00e7inde hizmet ve eser siyasetiyle T\u00fcrkiye&#8217;yi her alanda d\u00f6n\u00fc\u015ft\u00fcrm\u00fc\u015ft\u00fcr.&#8221;<\/p>\n<p>&#8220;T\u00fcrkiye Y\u00fczy\u0131l\u0131 Vizyonuyla Kararl\u0131l\u0131kla \u0130lerliyoruz&#8221;<\/p>\n<p>AK Parti&#8217;nin T\u00fcrkiye&#8217;yi her alanda ileriye ta\u015f\u0131d\u0131\u011f\u0131n\u0131 dile getiren \u00d6zhan, partinin temel anlay\u0131\u015f\u0131n\u0131n millete hizmet etmek oldu\u011funu belirtti:<\/p>\n<p>&#8220;Milletimizle kurdu\u011fumuz g\u00f6n\u00fcl ba\u011f\u0131n\u0131 koruyarak, T\u00fcrkiye Y\u00fczy\u0131l\u0131 vizyonuyla yolumuza kararl\u0131l\u0131kla devam ediyoruz. Her alanda reformlar yaparak demokrasimizi g\u00fc\u00e7lendirdik, ekonomimizi b\u00fcy\u00fctt\u00fck ve milletimizin refah\u0131n\u0131 art\u0131rd\u0131k.&#8221;<\/p>\n<p>&#8220;Ad\u0131yaman Her Alanda B\u00fcy\u00fck Bir De\u011fi\u015fim Ya\u015fad\u0131&#8221;<\/p>\n<p>A\u00e7\u0131klamas\u0131nda Ad\u0131yaman&#8217;a da \u00f6zel olarak de\u011finen \u00d6zhan, AK Parti iktidarlar\u0131 d\u00f6neminde kentin \u00f6nemli bir d\u00f6n\u00fc\u015f\u00fcm ge\u00e7irdi\u011fini vurgulad\u0131:<\/p>\n<p>&#8220;AK Parti iktidarlar\u0131 d\u00f6neminde Ad\u0131yaman, e\u011fitimden sa\u011fl\u0131\u011fa, ula\u015f\u0131mdan tar\u0131ma kadar b\u00fcy\u00fck bir de\u011fi\u015fim ya\u015fam\u0131\u015ft\u0131r. Her k\u00f6\u015fesine hizmet eli uzanm\u0131\u015f, her hanesinde umut ye\u015fermi\u015ftir. Bu kutlu y\u00fcr\u00fcy\u00fc\u015fte Ad\u0131yamanl\u0131 hem\u015fehrilerimizin samimiyeti, sadakati ve deste\u011fi en b\u00fcy\u00fck g\u00fcc\u00fcm\u00fcz olmu\u015ftur.&#8221;<\/p>\n<p>&#8220;Milletimizin Hizmetk&acirc;r\u0131 Olmay\u0131 S\u00fcrd\u00fcrece\u011fiz&#8221;<\/p>\n<p>Milletvekili H\u00fcseyin \u00d6zhan, a\u00e7\u0131klamas\u0131n\u0131 AK Parti&#8217;nin hizmet anlay\u0131\u015f\u0131n\u0131 s\u00fcrd\u00fcrece\u011fi vurgusuyla tamamlad\u0131:<\/p>\n<p>&#8220;Bug\u00fcne kadar oldu\u011fu gibi bundan sonra da milletimizin hizmetk&acirc;r\u0131 olmay\u0131 s\u00fcrd\u00fcrece\u011fiz. T\u00fcrkiye&#8217;nin ve Ad\u0131yaman&#8217;\u0131n yar\u0131nlar\u0131 i\u00e7in \u00e7al\u0131\u015fmaya, \u00fcretmeye ve eser siyasetiyle iz b\u0131rakmaya devam edece\u011fiz.&#8221;<\/p>\n<p>Kaynak : PERRE<\/p>\n","protected":false},"excerpt":{"rendered":"<p>ADIYAMAN (PERRE) &#8211; \u015eeriban \u00d6Z\u00c7AKMAK &#8211; AK Parti&#8217;nin 3 Kas\u0131m 2002 se\u00e7imlerinde iktidara geli\u015finin y\u0131l d\u00f6n\u00fcm\u00fc dolay\u0131s\u0131yla a\u00e7\u0131klama yapan AK Parti Ad\u0131yaman Milletvekili ve Kamu \u0130ktisadi Te\u015febb\u00fcsleri (K\u0130T) Komisyonu \u00dcyesi H\u00fcseyin \u00d6zhan, &#8220;AK Parti, milletimizin g\u00fcveninin ve istikrar\u0131n ad\u0131d\u0131r&#8221; dedi.<\/p>\n","protected":false},"author":1,"featured_media":20044,"comment_status":"open","ping_status":"open","sticky":false,"template":"","format":"standard","meta":{"om_disable_all_campaigns":false,"_monsterinsights_skip_tracking":false,"_monsterinsights_sitenote_active":false,"_monsterinsights_sitenote_note":"","_monsterinsights_sitenote_category":0,"footnotes":""},"categories":[1,11],"tags":[935,732,233,1034,105],"aioseo_notices":[],"_links":{"self":[{"href":"https:\/\/www.hbrkahta.com\/index.php\/wp-json\/wp\/v2\/posts\/20043"}],"collection":[{"href":"https:\/\/www.hbrkahta.com\/index.php\/wp-json\/wp\/v2\/posts"}],"about":[{"href":"https:\/\/www.hbrkahta.com\/index.php\/wp-json\/wp\/v2\/types\/post"}],"author":[{"embeddable":true,"href":"https:\/\/www.hbrkahta.com\/index.php\/wp-json\/wp\/v2\/users\/1"}],"replies":[{"embeddable":true,"href":"https:\/\/www.hbrkahta.com\/index.php\/wp-json\/wp\/v2\/comments?post=20043"}],"version-history":[{"count":1,"href":"https:\/\/www.hbrkahta.com\/index.php\/wp-json\/wp\/v2\/posts\/20043\/revisions"}],"predecessor-version":[{"id":20045,"href":"https:\/\/www.hbrkahta.com\/index.php\/wp-json\/wp\/v2\/posts\/20043\/revisions\/20045"}],"wp:featuredmedia":[{"embeddable":true,"href":"https:\/\/www.hbrkahta.com\/index.php\/wp-json\/wp\/v2\/media\/20044"}],"wp:attachment":[{"href":"https:\/\/www.hbrkahta.com\/index.php\/wp-json\/wp\/v2\/media?parent=20043"}],"wp:term":[{"taxonomy":"category","embeddable":true,"href":"https:\/\/www.hbrkahta.com\/index.php\/wp-json\/wp\/v2\/categories?post=20043"},{"taxonomy":"post_tag","embeddable":true,"href":"https:\/\/www.hbrkahta.com\/index.php\/wp-json\/wp\/v2\/tags?post=20043"}],"curies":[{"name":"wp","href":"https:\/\/api.w.org\/{rel}","templated":true}]}}