{"id":20031,"date":"2025-11-03T19:12:04","date_gmt":"2025-11-03T16:12:04","guid":{"rendered":"https:\/\/www.hbrkahta.com\/?p=20031"},"modified":"2025-11-03T19:12:04","modified_gmt":"2025-11-03T16:12:04","slug":"baskan-tutdere-kalemini-baska-amaclar-icin-kullananlara-sesleniyorum","status":"publish","type":"post","link":"https:\/\/www.hbrkahta.com\/index.php\/2025\/11\/03\/baskan-tutdere-kalemini-baska-amaclar-icin-kullananlara-sesleniyorum\/","title":{"rendered":"Ba\u015fkan Tutdere: \u2018Kalemini ba\u015fka ama\u00e7lar i\u00e7in kullananlara sesleniyorum\u2019"},"content":{"rendered":"<p>Belediye binas\u0131nda ger\u00e7ekle\u015fen g\u00f6r\u00fc\u015fmede, Ad\u0131yaman&#8217;\u0131n deprem sonras\u0131 yeniden yap\u0131lanma s\u00fcreci, belediyenin y\u00fcr\u00fctt\u00fc\u011f\u00fc projeler ve yerel y\u00f6netimlerin kar\u015f\u0131la\u015ft\u0131\u011f\u0131 mali zorluklar ele al\u0131nd\u0131.<\/p>\n<p>Ziyaretin ard\u0131ndan Ba\u015fkan Tutdere, PERRE Haber Ajans\u0131&#8217;na yapt\u0131\u011f\u0131 \u00f6zel a\u00e7\u0131klamada Adalet Bakanl\u0131\u011f\u0131&#8217;na iletilen deprem tazminatlar\u0131yla ilgili taleplerin baz\u0131 \u00e7evrelerce \u00e7arp\u0131t\u0131ld\u0131\u011f\u0131n\u0131 belirterek, s\u00fcrece ili\u015fkin de\u011ferlendirmelerde bulundu.<\/p>\n<p>&#8220;Adalet Bakanl\u0131\u011f\u0131&#8217;na talebimiz \u00e7ok a\u00e7\u0131k: Tazminatlar hazinece \u00f6densin&#8221;<\/p>\n<p>Belediye Ba\u015fkan\u0131 Abdurrahman Tutdere, depremde yak\u0131nlar\u0131n\u0131 kaybeden vatanda\u015flar\u0131n a\u00e7t\u0131\u011f\u0131 tazminat davalar\u0131n\u0131n gelecekte infaz sorunu do\u011furabilece\u011fine dikkat \u00e7ekti ve \u015funlar\u0131 s\u00f6yledi:<\/p>\n<p>&#8220;6 \u015eubat depremlerinde \u00e7ok b\u00fcy\u00fck kay\u0131p veren \u015fehirlerin ba\u015f\u0131nda Ad\u0131yaman geliyor. Tabii ki bu ac\u0131lar\u0131n telafisi imk&acirc;ns\u0131z. Giden yak\u0131nlar\u0131m\u0131z\u0131, canlar\u0131m\u0131z\u0131 geri getirmemiz m\u00fcmk\u00fcn de\u011fil. Ama ac\u0131lar\u0131n bir nebze telafisi i\u00e7in \u015fu anda ma\u011fdur olan vatanda\u015flar\u0131m\u0131z\u0131n mahkemelerde a\u00e7t\u0131\u011f\u0131 davalar var ve bu davalar sonucunda h\u00fckmedilecek tazminatlar var.&#8221;<\/p>\n<p>Ba\u015fkan Tutdere, bu tazminatlarla ilgili kamuoyuna yanl\u0131\u015f yans\u0131t\u0131lan yorumlara tepki g\u00f6sterdi:<\/p>\n<p>&#8220;Bu tazminatlarla ilgili \u00f6zellikle Adalet Bakanl\u0131\u011f\u0131&#8217;na vermi\u015f oldu\u011fumuz dosyada ve halk ad\u0131na sundu\u011fumuz taleplere ili\u015fkin baz\u0131 kalemler, ger\u00e7ekten her \u015feyi ters yorumlayarak alg\u0131 pe\u015finde ko\u015fan kimi \u00e7evrelerce \u00e7arp\u0131t\u0131ld\u0131. Buradan herkesin anlayabilece\u011fi bir \u015fekilde tekrar ifade ediyorum: Adalet Bakanl\u0131\u011f\u0131&#8217;ndan talebimiz, iste\u011fimiz \u015fuydu; vatanda\u015flar\u0131m\u0131z ma\u011fdur oldular, yak\u0131nlar\u0131n\u0131 kaybettiler ve bu kay\u0131plar\u0131ndan dolay\u0131 a\u00e7m\u0131\u015f olduklar\u0131 davalar sonucunda mahkemeler tazminata h\u00fckmedecek.&#8221;<\/p>\n<p>&#8220;Vatanda\u015f mahkemeyi kazansa bile karar\u0131n infaz\u0131 yap\u0131lamayacak&#8221;<\/p>\n<p>Tutdere, mahkemelerin verdi\u011fi tazminat kararlar\u0131n\u0131n uygulanmas\u0131 konusunda ciddi zorluklar ya\u015fanabilece\u011fini vurgulad\u0131:<\/p>\n<p>&#8220;Biz bu tazminat\u0131n direkt hazine taraf\u0131ndan, yani devlet kasas\u0131ndan \u00f6denmesi i\u00e7in yasal de\u011fi\u015fiklik yap\u0131ls\u0131n dedik. Aksi takdirde vatanda\u015f mahkemeyi kazanacak ancak karar\u0131n infaz\u0131 olmayacak. Vatanda\u015f\u0131n paras\u0131n\u0131 kim \u00f6deyecek? Vatanda\u015f\u0131n paras\u0131n\u0131 belediyelerin \u015fu anda \u00f6deme \u015fans\u0131 yok. Di\u011fer kurumlar\u0131n da \u00f6deme \u015fans\u0131 yok.&#8221;<\/p>\n<p>&#8220;Hazine mahkeme kararlar\u0131n\u0131 do\u011frudan infaz etmeli&#8221;<\/p>\n<p>Ba\u015fkan Tutdere, \u00f6nerdikleri d\u00fczenlemenin vatanda\u015f lehine oldu\u011funu belirterek, konunun insani boyutuna dikkat \u00e7ekti:<\/p>\n<p>&#8220;Dolay\u0131s\u0131yla mahkemenin verdi\u011fi tazminat\u0131n hazine taraf\u0131ndan, devlet taraf\u0131ndan do\u011frudan infaz\u0131n\u0131n yap\u0131lmas\u0131 vatanda\u015f\u0131m\u0131z\u0131n faydas\u0131nad\u0131r. Vatanda\u015f\u0131m\u0131z mahkemenin verdi\u011fi tazminat\u0131 hazineden alacak, kendi ihtiya\u00e7lar\u0131n\u0131 kar\u015f\u0131layacak, kendi evini yapacak, bir nebze hayata tutunmak i\u00e7in bir imk&acirc;na kavu\u015fmu\u015f olacak.&#8221;<\/p>\n<p>&#8220;Bu halk\u0131m\u0131z\u0131n yarar\u0131nad\u0131r; \u00e7arp\u0131tanlara s\u00f6yl\u00fcyorum, bu b\u00fcy\u00fck bir vicdans\u0131zl\u0131kt\u0131r&#8221;<\/p>\n<p>Tutdere, kamuoyunda yanl\u0131\u015f y\u00f6nlendirmeler yapanlara sert tepki g\u00f6sterdi:<\/p>\n<p>&#8220;Benim buradan Adalet Bakanl\u0131\u011f\u0131&#8217;ndan iste\u011fim buydu. Tam anlam\u0131yla vatanda\u015f\u0131m\u0131z\u0131n faydas\u0131na, halk\u0131m\u0131z\u0131n mahkeme karar\u0131yla ula\u015fmaya \u00e7al\u0131\u015ft\u0131\u011f\u0131 tazminat\u0131n h\u0131zl\u0131 bir \u015fekilde devlet taraf\u0131ndan, hazine taraf\u0131ndan kar\u015f\u0131lanmas\u0131nad\u0131r. Bu halk\u0131m\u0131z\u0131n yarar\u0131nad\u0131r, t\u00fcm deprem illerindeki vatanda\u015flar\u0131m\u0131z\u0131n yarar\u0131na ve faydas\u0131nad\u0131r.<\/p>\n<p>\u00c7\u00fcnk\u00fc mahkeme kararlar\u0131 infaz edilmedi\u011fi zaman, paralar \u00f6denmedi\u011fi zaman sadece k&acirc;\u011f\u0131t \u00fczerinde kalacakt\u0131r.&#8221;<\/p>\n<p>&#8220;\u015eu an bizim dedi\u011fimiz \u015fekilde bir yasal d\u00fczenlemenin yap\u0131lmas\u0131 vatanda\u015f\u0131n hakk\u0131na ula\u015fmas\u0131n\u0131 h\u0131zland\u0131racak ve vatanda\u015flar\u0131m\u0131z tazminatlar\u0131na h\u0131zl\u0131 bir \u015fekilde devlet eliyle, hazine eliyle ula\u015fm\u0131\u015f olacaklard\u0131r. Bunu \u00e7arp\u0131tanlara, bunun alt\u0131ndan ba\u015fka niyet arayanlara tek kelimeyle s\u00f6yl\u00fcyorum: Sizin yapt\u0131\u011f\u0131n\u0131z b\u00fcy\u00fck bir vicdans\u0131zl\u0131kt\u0131r.&#8221;<\/p>\n<p>&#8220;Bu m\u00fccadeleyi g\u00f6lgelemeye kimsenin hakk\u0131 yok&#8221;<\/p>\n<p>Ba\u015fkan Tutdere, halk\u0131n hakk\u0131 i\u00e7in verdikleri m\u00fccadelenin \u00e7arp\u0131t\u0131lmas\u0131na izin vermeyeceklerini vurgulad\u0131:<\/p>\n<p>&#8220;Bu ma\u011fdur vatanda\u015flar\u0131n hakk\u0131 i\u00e7in, hukuku i\u00e7in verdi\u011fimiz m\u00fccadeleyi g\u00f6lge d\u00fc\u015f\u00fcrmeye hakk\u0131n\u0131z yok. Biz her zaman oldu\u011fu gibi halk\u0131m\u0131z\u0131n yarar\u0131, vatanda\u015flar\u0131m\u0131z\u0131n menfaati i\u00e7in ne gerekiyorsa her ortamda, her platformda bunlar\u0131 dile getirece\u011fiz.<\/p>\n<p>\u0130lgili mercilere, makamlara da iletmeye devam edece\u011fiz. Sizi rahats\u0131z etmeye devam edece\u011fiz. Bu kalemlerini ba\u015fka ama\u00e7lar i\u00e7in kullananlara da buradan bu \u00e7a\u011fr\u0131y\u0131 da yapm\u0131\u015f olay\u0131m.&#8221;<\/p>\n<p>&#8220;Ziyaret Ad\u0131yaman i\u00e7in moral kayna\u011f\u0131 oldu&#8221;<\/p>\n<p>TBMM Ba\u015fkan\u0131 Numan Kurtulmu\u015f&#8217;un ziyaretinden duydu\u011fu memnuniyeti dile getiren Ba\u015fkan Tutdere, &#8220;Meclis Ba\u015fkan\u0131m\u0131z\u0131n Ad\u0131yaman&#8217;da bulunmas\u0131 \u015fehrimiz i\u00e7in moral olmu\u015ftur. Belediye \u00e7al\u0131\u015fanlar\u0131m\u0131z ve hem\u015fehrilerimiz ad\u0131na te\u015fekk\u00fcr ediyorum&#8221; dedi.<\/p>\n<p>Kaynak : PERRE<\/p>\n","protected":false},"excerpt":{"rendered":"<p>ADIYAMAN (PERRE) &#8211; \u015eeriban \u00d6Z\u00c7AKMAK &#8211; T\u00fcrkiye B\u00fcy\u00fck Millet Meclisi (TBMM) Ba\u015fkan\u0131 Prof. Dr. Numan Kurtulmu\u015f, Ad\u0131yaman \u00dcniversitesi&#8217;nin 2025-2026 Akademik Y\u0131l\u0131 A\u00e7\u0131l\u0131\u015f Program\u0131&#8217;na kat\u0131lmak \u00fczere geldi\u011fi Ad\u0131yaman&#8217;da bir dizi temas ger\u00e7ekle\u015ftirdi. Program kapsam\u0131nda Ad\u0131yaman Belediye Ba\u015fkan\u0131 Av. Abdurrahman Tutdere&#8217;yi de makam\u0131nda ziyaret eden Kurtulmu\u015f, kentte y\u00fcr\u00fct\u00fclen \u00e7al\u0131\u015fmalar hakk\u0131nda bilgi ald\u0131.<\/p>\n","protected":false},"author":1,"featured_media":20032,"comment_status":"open","ping_status":"open","sticky":false,"template":"","format":"standard","meta":{"om_disable_all_campaigns":false,"_monsterinsights_skip_tracking":false,"_monsterinsights_sitenote_active":false,"_monsterinsights_sitenote_note":"","_monsterinsights_sitenote_category":0,"footnotes":""},"categories":[1,11],"tags":[540,2817,533,307,967],"aioseo_notices":[],"_links":{"self":[{"href":"https:\/\/www.hbrkahta.com\/index.php\/wp-json\/wp\/v2\/posts\/20031"}],"collection":[{"href":"https:\/\/www.hbrkahta.com\/index.php\/wp-json\/wp\/v2\/posts"}],"about":[{"href":"https:\/\/www.hbrkahta.com\/index.php\/wp-json\/wp\/v2\/types\/post"}],"author":[{"embeddable":true,"href":"https:\/\/www.hbrkahta.com\/index.php\/wp-json\/wp\/v2\/users\/1"}],"replies":[{"embeddable":true,"href":"https:\/\/www.hbrkahta.com\/index.php\/wp-json\/wp\/v2\/comments?post=20031"}],"version-history":[{"count":1,"href":"https:\/\/www.hbrkahta.com\/index.php\/wp-json\/wp\/v2\/posts\/20031\/revisions"}],"predecessor-version":[{"id":20033,"href":"https:\/\/www.hbrkahta.com\/index.php\/wp-json\/wp\/v2\/posts\/20031\/revisions\/20033"}],"wp:featuredmedia":[{"embeddable":true,"href":"https:\/\/www.hbrkahta.com\/index.php\/wp-json\/wp\/v2\/media\/20032"}],"wp:attachment":[{"href":"https:\/\/www.hbrkahta.com\/index.php\/wp-json\/wp\/v2\/media?parent=20031"}],"wp:term":[{"taxonomy":"category","embeddable":true,"href":"https:\/\/www.hbrkahta.com\/index.php\/wp-json\/wp\/v2\/categories?post=20031"},{"taxonomy":"post_tag","embeddable":true,"href":"https:\/\/www.hbrkahta.com\/index.php\/wp-json\/wp\/v2\/tags?post=20031"}],"curies":[{"name":"wp","href":"https:\/\/api.w.org\/{rel}","templated":true}]}}