{"id":20014,"date":"2025-11-03T18:00:06","date_gmt":"2025-11-03T15:00:06","guid":{"rendered":"https:\/\/www.hbrkahta.com\/?p=20014"},"modified":"2025-11-03T18:00:06","modified_gmt":"2025-11-03T15:00:06","slug":"baskan-alsan-anahtar-partinin-iktidar-yuruyusu-artik-durdurulamaz","status":"publish","type":"post","link":"https:\/\/www.hbrkahta.com\/index.php\/2025\/11\/03\/baskan-alsan-anahtar-partinin-iktidar-yuruyusu-artik-durdurulamaz\/","title":{"rendered":"Ba\u015fkan Alsan: \u2018Anahtar Parti\u2019nin iktidar y\u00fcr\u00fcy\u00fc\u015f\u00fc art\u0131k durdurulamaz\u2019"},"content":{"rendered":"<p>Anahtar Parti Ad\u0131yaman \u0130l Ba\u015fkan\u0131 Emircan Ahmet Alsan, partinin 1. kurulu\u015f y\u0131l d\u00f6n\u00fcm\u00fc dolay\u0131s\u0131yla Ankara&#8217;da d\u00fczenlenen b\u00fcy\u00fck bulu\u015fmaya ili\u015fkin a\u00e7\u0131klamalarda bulundu. Ba\u015fkan Alsan, Anahtar Parti&#8217;nin ilk y\u0131l\u0131nda b\u00fcy\u00fck bir ivme yakalad\u0131\u011f\u0131n\u0131 vurgulayarak, &#8220;Bug\u00fcnk\u00fc 1. y\u0131l kutlamas\u0131 g\u00f6steriyor ki, Anahtar Parti daha ilk y\u0131l\u0131nda iktidara haz\u0131r bir halk hareketine d\u00f6n\u00fc\u015fm\u00fc\u015ft\u00fcr. T\u00fcrkiye&#8217;nin d\u00f6rt bir yan\u0131ndan gelen binlerce g\u00f6n\u00fclda\u015f\u0131m\u0131z, bu davan\u0131n g\u00fcc\u00fcn\u00fc ve milletimizin bize olan g\u00fcvenini ortaya koymu\u015ftur&#8221; dedi.<\/p>\n<p><img decoding=\"async\" alt=\"\" src=\"https:\/\/www.hbrkahta.com\/wp-content\/uploads\/2025\/11\/baskan-alsan-anahtar-partinin-iktidar-yuruyusu-artik-durdurulamaz-0-jw6UkO8g.jpg\"><\/p>\n<\/p>\n<p>&#8220;Genel Ba\u015fkan\u0131m\u0131z, Milletin Sesi Oldu&#8221;<\/p>\n<p>Genel Ba\u015fkan Yavuz A\u011f\u0131ralio\u011flu&#8217;nun Ankara&#8217;daki konu\u015fmas\u0131nda sergiledi\u011fi liderlik duru\u015funa da de\u011finen Ba\u015fkan Alsan, A\u011f\u0131ralio\u011flu&#8217;nun milletin sesi oldu\u011funu dile getirdi. Ba\u015fkan Alsan, &#8220;Genel Ba\u015fkan\u0131m\u0131z Say\u0131n Yavuz A\u011f\u0131ralio\u011flu&#8217;nun k\u00fcrs\u00fcdeki kararl\u0131l\u0131\u011f\u0131, co\u015fkusu ve samimiyeti hepimize umut verdi. Halk\u0131n i\u00e7inden gelen bir lider olarak milletin derdini dile getiren, vicdan\u0131 ve adaleti \u00f6nceleyen bir siyaset anlay\u0131\u015f\u0131n\u0131 T\u00fcrkiye&#8217;ye yeniden kazand\u0131r\u0131yor. Onun liderli\u011finde Anahtar Parti, siyasetin diliyle de\u011fil, milletin y\u00fcre\u011fiyle konu\u015fuyor&#8221; ifadelerini kulland\u0131.<\/p>\n<p><img decoding=\"async\" alt=\"\" src=\"https:\/\/www.hbrkahta.com\/wp-content\/uploads\/2025\/11\/baskan-alsan-anahtar-partinin-iktidar-yuruyusu-artik-durdurulamaz-1-m25iNWQ1.jpg\"><\/p>\n<p>&#8220;81 \u0130lden Gelen Co\u015fku \u0130ktidar Ate\u015fini Yakt\u0131&#8221;<\/p>\n<p>Ankara&#8217;daki bulu\u015fmada salona giremeyen binlerce vatanda\u015f\u0131n alan\u0131 terk etmemesinin dikkat \u00e7ekici oldu\u011funu belirten Ba\u015fkan Alsan, bu tablonun halk\u0131n tercihinin art\u0131k netle\u015fti\u011fini s\u00f6yleyerek, &#8220;Bu manzara g\u00f6sterdi ki art\u0131k milletin tercihi bellidir. 81 ilden gelen g\u00f6n\u00fclda\u015flar\u0131m\u0131z\u0131n olu\u015fturdu\u011fu bu b\u00fcy\u00fck co\u015fku, Anahtar Parti&#8217;nin iktidar ate\u015fini yakm\u0131\u015ft\u0131r&#8221; diye konu\u015ftu.<\/p>\n<p><img decoding=\"async\" alt=\"\" src=\"https:\/\/www.hbrkahta.com\/wp-content\/uploads\/2025\/11\/baskan-alsan-anahtar-partinin-iktidar-yuruyusu-artik-durdurulamaz-2-dsgO6WVe.jpg\"><\/p>\n<p>&#8220;Bu Y\u00fcr\u00fcy\u00fc\u015f, Art\u0131k Durdurulamaz&#8221;<\/p>\n<p>Ba\u015fkan Alsan a\u00e7\u0131klamas\u0131n\u0131n devam\u0131nda, Anahtar Parti&#8217;nin art\u0131k geri d\u00f6n\u00fclmez bir yola girdi\u011fini belirterek, &#8220;Biz inand\u0131k, millet inand\u0131. Bu inan\u00e7, bu heyecan art\u0131k bir parti s\u0131n\u0131r\u0131n\u0131 a\u015fm\u0131\u015f, milli bir dirili\u015f ruhuna d\u00f6n\u00fc\u015fm\u00fc\u015ft\u00fcr. Genel Ba\u015fkan\u0131m\u0131z Yavuz A\u011f\u0131ralio\u011flu&#8217;nun \u00f6nderli\u011finde, Anahtar Parti ilk sand\u0131kta iktidar olacak ve milletimizin \u00f6zlemini duydu\u011fu adaletli d\u00fczeni tesis edecektir&#8221; \u0130fadelerine yer verdi.<\/p>\n<\/p>\n<p>Kaynak : PERRE<\/p>\n","protected":false},"excerpt":{"rendered":"<p>ADIYAMAN (PERRE) &#8211; \u015eeriban \u00d6Z\u00c7AKMAK &#8211; Anahtar Parti Ad\u0131yaman \u0130l Ba\u015fkan\u0131 Emircan Ahmet Alsan, partinin 1. kurulu\u015f y\u0131l d\u00f6n\u00fcm\u00fc dolay\u0131s\u0131yla Ankara&#8217;da d\u00fczenlenen b\u00fcy\u00fck bulu\u015fmay\u0131 de\u011ferlendirerek, Anahtar Parti&#8217;nin k\u0131sa s\u00fcrede halk\u0131n g\u00f6nl\u00fcnde yer edinen bir siyasi harekete d\u00f6n\u00fc\u015ft\u00fc\u011f\u00fcn\u00fc ifade etti.<\/p>\n","protected":false},"author":1,"featured_media":20015,"comment_status":"open","ping_status":"open","sticky":false,"template":"","format":"standard","meta":{"om_disable_all_campaigns":false,"_monsterinsights_skip_tracking":false,"_monsterinsights_sitenote_active":false,"_monsterinsights_sitenote_note":"","_monsterinsights_sitenote_category":0,"footnotes":""},"categories":[1,11],"tags":[2756,2291,545,540,535],"aioseo_notices":[],"_links":{"self":[{"href":"https:\/\/www.hbrkahta.com\/index.php\/wp-json\/wp\/v2\/posts\/20014"}],"collection":[{"href":"https:\/\/www.hbrkahta.com\/index.php\/wp-json\/wp\/v2\/posts"}],"about":[{"href":"https:\/\/www.hbrkahta.com\/index.php\/wp-json\/wp\/v2\/types\/post"}],"author":[{"embeddable":true,"href":"https:\/\/www.hbrkahta.com\/index.php\/wp-json\/wp\/v2\/users\/1"}],"replies":[{"embeddable":true,"href":"https:\/\/www.hbrkahta.com\/index.php\/wp-json\/wp\/v2\/comments?post=20014"}],"version-history":[{"count":1,"href":"https:\/\/www.hbrkahta.com\/index.php\/wp-json\/wp\/v2\/posts\/20014\/revisions"}],"predecessor-version":[{"id":20019,"href":"https:\/\/www.hbrkahta.com\/index.php\/wp-json\/wp\/v2\/posts\/20014\/revisions\/20019"}],"wp:featuredmedia":[{"embeddable":true,"href":"https:\/\/www.hbrkahta.com\/index.php\/wp-json\/wp\/v2\/media\/20015"}],"wp:attachment":[{"href":"https:\/\/www.hbrkahta.com\/index.php\/wp-json\/wp\/v2\/media?parent=20014"}],"wp:term":[{"taxonomy":"category","embeddable":true,"href":"https:\/\/www.hbrkahta.com\/index.php\/wp-json\/wp\/v2\/categories?post=20014"},{"taxonomy":"post_tag","embeddable":true,"href":"https:\/\/www.hbrkahta.com\/index.php\/wp-json\/wp\/v2\/tags?post=20014"}],"curies":[{"name":"wp","href":"https:\/\/api.w.org\/{rel}","templated":true}]}}