{"id":20004,"date":"2025-11-03T17:24:04","date_gmt":"2025-11-03T14:24:04","guid":{"rendered":"https:\/\/www.hbrkahta.com\/?p=20004"},"modified":"2025-11-03T17:24:04","modified_gmt":"2025-11-03T14:24:04","slug":"adiyamanda-tarim-mukemmeliyet-merkezi-hizmete-girdi","status":"publish","type":"post","link":"https:\/\/www.hbrkahta.com\/index.php\/2025\/11\/03\/adiyamanda-tarim-mukemmeliyet-merkezi-hizmete-girdi\/","title":{"rendered":"Ad\u0131yaman\u2019da Tar\u0131m M\u00fckemmeliyet Merkezi hizmete girdi"},"content":{"rendered":"<p>Ad\u0131yaman&#8217;da tar\u0131msal \u00fcretim desenini her ge\u00e7en g\u00fcn \u00e7e\u015fitlendiren yeni bir yat\u0131r\u0131m hayata ge\u00e7ti. Sanayi ve Teknoloji Bakanl\u0131\u011f\u0131 \u0130pekyolu Kalk\u0131nma Ajans\u0131&#8217;n\u0131n finansal deste\u011fiyle \u0130l \u00d6zel \u0130daresi taraf\u0131ndan yap\u0131m\u0131 tamamlanan Tar\u0131m M\u00fckemmeliyet Merkezi, Sar\u0131harman K\u00f6y\u00fc&#8217;nde hizmete girdi.<\/p>\n<p>Adalet Bakan\u0131 Y\u0131lmaz Tun\u00e7, Ad\u0131yaman Valisi Dr. Osman Varol, Ad\u0131yaman Milletvekilleri \u0130shak \u015fan, H\u00fcseyin \u00d6zhan, Resul Kurt, Mustafa Alkay\u0131\u015f ve kurum amirleri, Adalet Bakanl\u0131\u011f\u0131 \u0130\u015f Yurtlar\u0131 taraf\u0131ndan i\u015fletilecek Tar\u0131m M\u00fckemmeliyet Merkezi&#8217;ni yerinde inceledi.<\/p>\n<p>Toplam 4 bin 350 metrekarelik alan \u00fczerine in\u015fa edilen merkez, her biri 1.350 metrekare b\u00fcy\u00fckl\u00fc\u011f\u00fcnde d\u00f6rt so\u011fuk hava deposu, badem i\u015fleme tesisi ve ya\u015f meyve-sebze i\u015fleme tesisinden olu\u015fuyor.<\/p>\n<p>Adalet Bakanl\u0131\u011f\u0131 \u0130\u015f Yurtlar\u0131 taraf\u0131ndan i\u015fletilecek merkezin faaliyete ge\u00e7mesiyle birlikte, Ad\u0131yaman&#8217;da tar\u0131msal \u00fcr\u00fcnlerin i\u015flenmesi, saklanmas\u0131 ve pazarlanmas\u0131 s\u00fcre\u00e7lerinde modern altyap\u0131dan yararlan\u0131lmas\u0131 hedefleniyor. B\u00f6ylece hem yerel \u00fcreticilerin desteklenmesi hem de tar\u0131msal ihracat potansiyelinin art\u0131r\u0131lmas\u0131 ama\u00e7lan\u0131yor.<\/p>\n<p>Kaynak : PERRE<\/p>\n","protected":false},"excerpt":{"rendered":"<p>ADIYAMAN (PERRE) &#8211; \u015eeriban \u00d6Z\u00c7AKMAK &#8211; Adalet Bakanl\u0131\u011f\u0131 \u0130\u015f Yurtlar\u0131 taraf\u0131ndan i\u015fletilecek Tar\u0131m M\u00fckemmeliyet Merkezi, Sar\u0131harman K\u00f6y\u00fc&#8217;nde hizmete sunuldu. Merkez, Ad\u0131yaman&#8217;\u0131n tar\u0131msal \u00fcretim kapasitesini art\u0131rmay\u0131 hedefliyor.<\/p>\n","protected":false},"author":1,"featured_media":20005,"comment_status":"open","ping_status":"open","sticky":false,"template":"","format":"standard","meta":{"om_disable_all_campaigns":false,"_monsterinsights_skip_tracking":false,"_monsterinsights_sitenote_active":false,"_monsterinsights_sitenote_note":"","_monsterinsights_sitenote_category":0,"footnotes":""},"categories":[1,11],"tags":[596,102],"aioseo_notices":[],"_links":{"self":[{"href":"https:\/\/www.hbrkahta.com\/index.php\/wp-json\/wp\/v2\/posts\/20004"}],"collection":[{"href":"https:\/\/www.hbrkahta.com\/index.php\/wp-json\/wp\/v2\/posts"}],"about":[{"href":"https:\/\/www.hbrkahta.com\/index.php\/wp-json\/wp\/v2\/types\/post"}],"author":[{"embeddable":true,"href":"https:\/\/www.hbrkahta.com\/index.php\/wp-json\/wp\/v2\/users\/1"}],"replies":[{"embeddable":true,"href":"https:\/\/www.hbrkahta.com\/index.php\/wp-json\/wp\/v2\/comments?post=20004"}],"version-history":[{"count":1,"href":"https:\/\/www.hbrkahta.com\/index.php\/wp-json\/wp\/v2\/posts\/20004\/revisions"}],"predecessor-version":[{"id":20006,"href":"https:\/\/www.hbrkahta.com\/index.php\/wp-json\/wp\/v2\/posts\/20004\/revisions\/20006"}],"wp:featuredmedia":[{"embeddable":true,"href":"https:\/\/www.hbrkahta.com\/index.php\/wp-json\/wp\/v2\/media\/20005"}],"wp:attachment":[{"href":"https:\/\/www.hbrkahta.com\/index.php\/wp-json\/wp\/v2\/media?parent=20004"}],"wp:term":[{"taxonomy":"category","embeddable":true,"href":"https:\/\/www.hbrkahta.com\/index.php\/wp-json\/wp\/v2\/categories?post=20004"},{"taxonomy":"post_tag","embeddable":true,"href":"https:\/\/www.hbrkahta.com\/index.php\/wp-json\/wp\/v2\/tags?post=20004"}],"curies":[{"name":"wp","href":"https:\/\/api.w.org\/{rel}","templated":true}]}}