{"id":19995,"date":"2025-11-03T17:00:06","date_gmt":"2025-11-03T14:00:06","guid":{"rendered":"https:\/\/www.hbrkahta.com\/?p=19995"},"modified":"2025-11-03T17:00:06","modified_gmt":"2025-11-03T14:00:06","slug":"bakan-tunc-adiyamandan-duyurdu-deprem-bolgesinde-yargiyi-guclendiriyoruz-terorsuz-turkiye-icin-calisiyoruz","status":"publish","type":"post","link":"https:\/\/www.hbrkahta.com\/index.php\/2025\/11\/03\/bakan-tunc-adiyamandan-duyurdu-deprem-bolgesinde-yargiyi-guclendiriyoruz-terorsuz-turkiye-icin-calisiyoruz\/","title":{"rendered":"Bakan Tun\u00e7 Ad\u0131yaman\u2019dan duyurdu: \u2018Deprem b\u00f6lgesinde yarg\u0131y\u0131 g\u00fc\u00e7lendiriyoruz, Ter\u00f6rs\u00fcz T\u00fcrkiye i\u00e7in \u00e7al\u0131\u015f\u0131yoruz\u2019"},"content":{"rendered":"<p>Bir dizi a\u00e7\u0131l\u0131\u015f ve ziyaretlerde bulunmak \u00fczere Ad\u0131yaman&#8217;a gelen Adalet Bakan\u0131 Y\u0131lmaz Tun\u00e7, Besni il\u00e7esinde Adalet Saray\u0131&#8217;n\u0131n a\u00e7\u0131l\u0131\u015f\u0131n\u0131n ard\u0131ndan merkezde yap\u0131m\u0131 tamamlanan Ad\u0131yaman Adliyesi Ek Hizmet Binas\u0131&#8217;n\u0131n a\u00e7\u0131l\u0131\u015f\u0131n\u0131 ger\u00e7ekle\u015ftirdi. A\u00e7\u0131l\u0131\u015f program\u0131nda a\u00e7\u0131klamalarda bulunan Bakan Tun\u00e7, T\u00fcrkiye Y\u00fczy\u0131l\u0131 vizyonu kapsam\u0131nda &#8220;Ter\u00f6rs\u00fcz T\u00fcrkiye&#8221; hedefiyle kararl\u0131l\u0131kla \u00e7al\u0131\u015ft\u0131klar\u0131n\u0131 vurgulad\u0131.<\/p>\n<p>A\u00e7\u0131l\u0131\u015f program\u0131na Ad\u0131yaman Valisi Dr. Osman Varol, AK Parti milletvekilleri \u0130shak \u015ean, H\u00fcseyin \u00d6zhan, Resul Kurt, Mustafa Alkay\u0131\u015f, Belediye Ba\u015fkan\u0131 Abdurrahman Tutdere, Baro Ba\u015fkan\u0131 Bilal Do\u011fan ve \u00e7ok say\u0131da vatanda\u015f kat\u0131ld\u0131.<\/p>\n<p><img decoding=\"async\" alt=\"\" src=\"https:\/\/www.hbrkahta.com\/wp-content\/uploads\/2025\/11\/bakan-tunc-adiyamandan-duyurdu-deprem-bolgesinde-yargiyi-guclendiriyoruz-terorsuz-turkiye-icin-calisiyoruz-ZGDGRF6k.jpg\"><\/p>\n<p>&#8220;Deprem sonras\u0131 adalet s\u00fcre\u00e7leri kesintisiz y\u00fcr\u00fct\u00fcl\u00fcyor&#8221;<\/p>\n<p>A\u00e7\u0131l\u0131\u015f t\u00f6reninde konu\u015fan Bakan Tun\u00e7, &#8220;Kahramanmara\u015f&#8217;taki deprem davalar\u0131 de\u011ferlendirme toplant\u0131s\u0131n\u0131n ard\u0131ndan Ad\u0131yaman&#8217;a geldik. Besni il\u00e7esinde Adalet binam\u0131z\u0131n a\u00e7\u0131l\u0131\u015f\u0131n\u0131 ger\u00e7ekle\u015ftirdik. Hemen ard\u0131ndan merkeze gelerek, idare mahkememizi ve icra dairelerimizin g\u00f6rev yapaca\u011f\u0131 Ad\u0131yaman Adalet Ek Hizmet Binam\u0131z\u0131 hizmete a\u00e7\u0131yoruz. Depremin ard\u0131ndan y\u00fcr\u00fct\u00fclen yarg\u0131 s\u00fcre\u00e7lerinde vatanda\u015flar\u0131m\u0131z\u0131n ma\u011fdur olmadan, \u015fehirlerin yeniden in\u015fa s\u00fcrecinin gecikmeksizin devam etmesi i\u00e7in \u00e7al\u0131\u015fmalar\u0131m\u0131z s\u00fcr\u00fcyor&#8221; ifadelerini kulland\u0131.<\/p>\n<p><img decoding=\"async\" alt=\"\" src=\"https:\/\/www.hbrkahta.com\/wp-content\/uploads\/2025\/11\/bakan-tunc-adiyamandan-duyurdu-deprem-bolgesinde-yargiyi-guclendiriyoruz-terorsuz-turkiye-icin-calisiyoruz-zg1JgDKz.jpg\"><\/p>\n<p>&#8220;Deprem b\u00f6lgesindeki \u015fehirleri yeniden aya\u011fa kald\u0131r\u0131yoruz&#8221;<\/p>\n<p>6 \u015eubat&#8217;taki b\u00fcy\u00fck deprem sonras\u0131, devletin \u015fehirleri yeniden aya\u011fa kald\u0131rmak i\u00e7in \u00e7al\u0131\u015fmalar y\u00fcr\u00fctt\u00fc\u011f\u00fcn\u00fc s\u00f6yleyen Bakan Tun\u00e7, &#8220;Ad\u0131yaman vilayetimiz tarihiyle medeniyetlere be\u015fiklik yapm\u0131\u015f g\u00fczel bir ilimiz. Tabi 6 \u015eubat&#8217;ta b\u00fcy\u00fck bir ac\u0131 ya\u015fad\u0131k. 11 ilimiz yerle bir oldu. Kaybetti\u011fimiz vatanda\u015flar\u0131m\u0131za Allah&#8217;tan rahmet, yak\u0131nlar\u0131na sab\u0131r, yaral\u0131 vatanda\u015flar\u0131m\u0131za acil \u015fifalar diliyorum. Tabi iki bu\u00e7uk seneden bu yana Say\u0131n Cumhurba\u015fkan\u0131m\u0131z\u0131n liderli\u011finde devletimizin t\u00fcm kurumlar\u0131 b\u00fcy\u00fck bir \u00e7aba i\u00e7erisinde, \u015fehirlerimizi yeniden aya\u011fa kald\u0131rma, eski halinden daha g\u00fczel hale getirmek i\u00e7in b\u00fcy\u00fck bir \u00e7al\u0131\u015fma y\u00fcr\u00fct\u00fcyor. Tabi milletimizin de deste\u011fini bu anlamda g\u00f6rd\u00fck. Yaralar\u0131n b\u00fcy\u00fck bir k\u0131sm\u0131n\u0131 sard\u0131k, sarmaya da devam ediyoruz. 300 binden fazla konut vatanda\u015flar\u0131m\u0131za teslim edildi. Y\u0131l sonuna kadar 450 bin civar\u0131nda konut vatanda\u015flar\u0131m\u0131za teslim edilmi\u015f olacak. \u015eehirlerimizi o eski \u0131\u015f\u0131l \u0131\u015f\u0131l g\u00fcnlerine kavu\u015fturmam\u0131z yak\u0131nd\u0131r. Hep birlikte, deprem b\u00f6lgesindeki 11 ilimizi yeniden aya\u011fa kald\u0131rman\u0131n m\u00fccadelesi i\u00e7erisindeyiz&#8221; dedi.<\/p>\n<p>&#8220;Yeni adliye binam\u0131z, adaletin sembol\u00fc olacak&#8221;<\/p>\n<p>Yeni a\u00e7\u0131lan binan\u0131n sadece fiziki bir yap\u0131 olmad\u0131\u011f\u0131n\u0131 vurgulayan Bakan Tun\u00e7, &#8220;A\u00e7\u0131l\u0131\u015f\u0131n\u0131 ger\u00e7ekle\u015ftirdi\u011fimiz Adalet binam\u0131zda, in\u015fallah hakk\u0131yla tecelli edecek yarg\u0131 mensuplar\u0131m\u0131z g\u00fczel \u00e7al\u0131\u015fmalar yapacakt\u0131r. Buras\u0131 sadece bir beton binadan ibaret de\u011fil, asl\u0131nda buras\u0131 vatanda\u015flar\u0131m\u0131z\u0131n adalete ba\u015fvurabilece\u011fi bir yer, buras\u0131 vatanda\u015flar\u0131m\u0131z\u0131n hakk\u0131n\u0131 arayabilece\u011fi bir yer. Bu anlamda adliyelerimiz, vatanda\u015flar\u0131m\u0131z\u0131n yarg\u0131sal hizmetlerinde, hukuksal hizmetlerinde adeta bir dan\u0131\u015fma g\u00f6revi de yapan kamu hizmeti g\u00f6ren yerlerimizdir. Bug\u00fcn de Ad\u0131yaman&#8217;da yarg\u0131 hizmetlerini daha da g\u00fc\u00e7lendirmi\u015f oluyoruz. Hep beraber, birlik ve beraberli\u011fimizi kuvvetlendirdik\u00e7e a\u015famayaca\u011f\u0131m\u0131z hi\u00e7bir zorluk yoktur&#8221; ifadelerini kulland\u0131.<\/p>\n<p>&#8220;Ter\u00f6rs\u00fcz T\u00fcrkiye i\u00e7in kararl\u0131l\u0131kla ilerliyoruz&#8221;<\/p>\n<p>T\u00fcrkiye Y\u00fczy\u0131l\u0131&#8217;n\u0131 ter\u00f6rs\u00fcz bir T\u00fcrkiye ile ger\u00e7ekle\u015ftireceklerinin alt\u0131n\u0131 \u00e7izen Bakan Tun\u00e7, &#8220;\u0130n\u015fallah T\u00fcrkiye Y\u00fczy\u0131l\u0131&#8217;n\u0131 hep beraber birlik ve beraberlik i\u00e7erisinde in\u015fa edece\u011fiz. T\u00fcrkiye Y\u00fczy\u0131l\u0131&#8217;n\u0131 ter\u00f6rs\u00fcz T\u00fcrkiye ile in\u015fa edece\u011fiz. 41 y\u0131ldan bu yana, ter\u00f6r bize b\u00fcy\u00fck kay\u0131plar getirdi. Ekonomik kay\u0131plar\u0131m\u0131z, trilyonlarca liram\u0131z maalesef ter\u00f6r nedeniyle heba oldu. E\u011fer ter\u00f6r olmasayd\u0131, o trilyonlar milletimiz i\u00e7in harcanm\u0131\u015f olacakt\u0131 ve bug\u00fcn T\u00fcrkiye ekonomide kat kat daha ileride olacakt\u0131. Tabi en \u00f6nemlisi de b\u00fcy\u00fck ac\u0131lar ya\u015fad\u0131k. Binlerce \u015fehit verdik, gaziler verdik. Dolay\u0131s\u0131yla bu ac\u0131lar\u0131 bir daha ya\u015famamak, \u015fehit ailelerimizin ve \u015fehitlerimizin emanetine sahip \u00e7\u0131kmak i\u00e7in T\u00fcrkiye&#8217;yi ter\u00f6rden ar\u0131nd\u0131rarak T\u00fcrkiye Y\u00fczy\u0131l\u0131&#8217;n\u0131 in\u015fa etmek istiyoruz. \u00d6nemli bir s\u00fcre\u00e7ten ge\u00e7iyoruz. Son bir y\u0131ld\u0131r da Ter\u00f6rs\u00fcz T\u00fcrkiye ile ilgili \u00f6nemli \u00e7abalar s\u00f6z konusu. Bu konuda parlamentoda da geni\u015f bir mutabakat var ve Ter\u00f6rs\u00fcz T\u00fcrkiye Milli Birlik Dayan\u0131\u015fma ve Karde\u015flik Demokrasi Komisyonu&#8217;nun \u00e7al\u0131\u015fmalar\u0131 var. Meclisimizin ortaya koyaca\u011f\u0131 irade do\u011frultusunda ataca\u011f\u0131m\u0131z ad\u0131mlar \u015fekillenecek ve \u00e7ocuklar\u0131m\u0131za, gelece\u011fimize huzurlu bir T\u00fcrkiye&#8217;yi in\u015fallah emanet edece\u011fiz. O da T\u00fcrkiye&#8217;nin daha h\u0131zl\u0131 geli\u015fmesini, kalk\u0131nmas\u0131n\u0131 sa\u011flayacak. Milletimizin refah\u0131n\u0131 daha da art\u0131racak. D\u00fcnyada da adaleti, hakkaniyeti, mazlumun hakk\u0131n\u0131 daha g\u00fc\u00e7l\u00fc savunmam\u0131z\u0131 sa\u011flayacak. &#8216;Hep beraber bunu ba\u015faraca\u011f\u0131z&#8217; diyorum&#8221; ifadelerini kulland\u0131.<\/p>\n<p><img decoding=\"async\" alt=\"\" src=\"https:\/\/www.hbrkahta.com\/wp-content\/uploads\/2025\/11\/bakan-tunc-adiyamandan-duyurdu-deprem-bolgesinde-yargiyi-guclendiriyoruz-terorsuz-turkiye-icin-calisiyoruz-twSrsuwB.jpg\"><\/p>\n<p>Konu\u015fmalar\u0131n ard\u0131ndan Adalet Bakan\u0131 Y\u0131lmaz Tun\u00e7 ve beraberindeki heyet, dualar e\u015fli\u011finde binan\u0131n a\u00e7\u0131l\u0131\u015f kurdelesini kesti. Bakan Tun\u00e7, daha sonra \u015feref defterini imzalayarak yeni binada incelemelerde bulundu.<\/p>\n<\/p>\n<p>Kaynak : PERRE<\/p>\n","protected":false},"excerpt":{"rendered":"<p>ADIYAMAN (PERRE) &#8211; \u015eeriban \u00d6Z\u00c7AKMAK &#8211; Adalet Bakan\u0131 Y\u0131lmaz Tun\u00e7, Ad\u0131yaman&#8217;da yap\u0131m\u0131 tamamlanan Adalet Saray\u0131&#8217;na ba\u011fl\u0131 Ek Hizmet Binas\u0131&#8217;n\u0131n a\u00e7\u0131l\u0131\u015f\u0131n\u0131 ger\u00e7ekle\u015ftirdi. Bakan Tun\u00e7 burada yapt\u0131\u011f\u0131 a\u00e7\u0131klamada, &#8220;Cumhurba\u015fkan\u0131m\u0131z\u0131n liderli\u011finde deprem b\u00f6lgesindeki illerimizi yeniden aya\u011fa kald\u0131r\u0131yoruz&#8221; ifadelerini kulland\u0131.<\/p>\n","protected":false},"author":1,"featured_media":19996,"comment_status":"open","ping_status":"open","sticky":false,"template":"","format":"standard","meta":{"om_disable_all_campaigns":false,"_monsterinsights_skip_tracking":false,"_monsterinsights_sitenote_active":false,"_monsterinsights_sitenote_note":"","_monsterinsights_sitenote_category":0,"footnotes":""},"categories":[1,11],"tags":[662,640,587,540,967],"aioseo_notices":[],"_links":{"self":[{"href":"https:\/\/www.hbrkahta.com\/index.php\/wp-json\/wp\/v2\/posts\/19995"}],"collection":[{"href":"https:\/\/www.hbrkahta.com\/index.php\/wp-json\/wp\/v2\/posts"}],"about":[{"href":"https:\/\/www.hbrkahta.com\/index.php\/wp-json\/wp\/v2\/types\/post"}],"author":[{"embeddable":true,"href":"https:\/\/www.hbrkahta.com\/index.php\/wp-json\/wp\/v2\/users\/1"}],"replies":[{"embeddable":true,"href":"https:\/\/www.hbrkahta.com\/index.php\/wp-json\/wp\/v2\/comments?post=19995"}],"version-history":[{"count":1,"href":"https:\/\/www.hbrkahta.com\/index.php\/wp-json\/wp\/v2\/posts\/19995\/revisions"}],"predecessor-version":[{"id":20000,"href":"https:\/\/www.hbrkahta.com\/index.php\/wp-json\/wp\/v2\/posts\/19995\/revisions\/20000"}],"wp:featuredmedia":[{"embeddable":true,"href":"https:\/\/www.hbrkahta.com\/index.php\/wp-json\/wp\/v2\/media\/19996"}],"wp:attachment":[{"href":"https:\/\/www.hbrkahta.com\/index.php\/wp-json\/wp\/v2\/media?parent=19995"}],"wp:term":[{"taxonomy":"category","embeddable":true,"href":"https:\/\/www.hbrkahta.com\/index.php\/wp-json\/wp\/v2\/categories?post=19995"},{"taxonomy":"post_tag","embeddable":true,"href":"https:\/\/www.hbrkahta.com\/index.php\/wp-json\/wp\/v2\/tags?post=19995"}],"curies":[{"name":"wp","href":"https:\/\/api.w.org\/{rel}","templated":true}]}}