{"id":19990,"date":"2025-11-03T16:48:06","date_gmt":"2025-11-03T13:48:06","guid":{"rendered":"https:\/\/www.hbrkahta.com\/?p=19990"},"modified":"2025-11-03T16:48:06","modified_gmt":"2025-11-03T13:48:06","slug":"bakan-tunc-besnide-konustu-deprem-davalarinda-adaletli-sonuca-ulasacagiz","status":"publish","type":"post","link":"https:\/\/www.hbrkahta.com\/index.php\/2025\/11\/03\/bakan-tunc-besnide-konustu-deprem-davalarinda-adaletli-sonuca-ulasacagiz\/","title":{"rendered":"Bakan Tun\u00e7 Besni\u2019de konu\u015ftu: \u2018Deprem davalar\u0131nda adaletli sonuca ula\u015faca\u011f\u0131z\u2019"},"content":{"rendered":"<p>Bir dizi a\u00e7\u0131l\u0131\u015f ve ziyaretlerde bulunmak \u00fczere Ad\u0131yaman&#8217;a gelen Adalet Bakan\u0131 Y\u0131lmaz Tun\u00e7, ilk olarak Besni&#8217;de yap\u0131m\u0131 tamamlanan Adalet Saray\u0131 a\u00e7\u0131l\u0131\u015f\u0131na kat\u0131ld\u0131. Adalet Saray\u0131 a\u00e7\u0131l\u0131\u015f t\u00f6renine Adalet Bakan\u0131 Y\u0131lmaz Tun\u00e7, Ad\u0131yaman Valisi Dr. Osman Varol, Ad\u0131yaman Milletvekilleri \u0130shak \u015ean, H\u00fcseyin \u00d6zhan, Resul Kurt, Mustafa Alkay\u0131\u015f, Ad\u0131yaman Belediye Ba\u015fkan\u0131 Abdurrahman Tutdere, Besni Kaymakam\u0131 Ahmet O\u011fuz Arslan, Belediye Ba\u015fkan\u0131 Re\u015fit Alkan, ve vatanda\u015flar kat\u0131ld\u0131.<\/p>\n<p><img decoding=\"async\" alt=\"\" src=\"https:\/\/www.hbrkahta.com\/wp-content\/uploads\/2025\/11\/bakan-tunc-besnide-konustu-deprem-davalarinda-adaletli-sonuca-ulasacagiz-0-A7lDMdFn.jpg\"><\/p>\n<p>&#8220;Depremin Boyutu Y\u0131k\u0131c\u0131 Oldu&#8221;<\/p>\n<p>Sayg\u0131 duru\u015fu ve \u0130stiklal Mar\u015f\u0131&#8217;n\u0131n okunmas\u0131n\u0131n ard\u0131ndan konu\u015fan Bakan Tun\u00e7, 6 \u015eubat depremlerinin b\u00fcy\u00fckl\u00fc\u011f\u00fcne dikkat \u00e7ekti. Bakan Tun\u00e7, &#8220;Deprem, asr\u0131n felaketi olarak nitelendiriliyor. 11 ilimizde 53 bin can\u0131m\u0131z\u0131 kaybettik, 14 milyon vatanda\u015f\u0131m\u0131z etkilendi, binlercesi yaraland\u0131. \u015eehirlerimiz ve k\u00f6ylerimiz yerle bir oldu. Aradan ge\u00e7en 2,5 y\u0131lda \u00f6nemli mesafeler kat ettik. Kabine toplant\u0131lar\u0131m\u0131z\u0131n de\u011fi\u015fmeyen g\u00fcndemi deprem b\u00f6lgesindeki \u00e7al\u0131\u015fmalard\u0131r. Cumhurba\u015fkan\u0131m\u0131z her toplant\u0131da bakanlar\u0131m\u0131zdan deprem b\u00f6lgesindeki \u00e7al\u0131\u015fmalar\u0131n durumu ve bundan sonra at\u0131lacak ad\u0131mlar\u0131 isti\u015fare ediyor&#8221; dedi.<\/p>\n<p>&#8220;Deprem Nedeniyle \u015eu Ana Kadar 116 Bin 696 Dava A\u00e7\u0131ld\u0131&#8221;<\/p>\n<p>Bakan Tun\u00e7, deprem nedeniyle a\u00e7\u0131lan davalara ili\u015fkin bilgi vererek, &#8220;\u0130dari yarg\u0131da \u015fu ana kadar 116 bin 696 dava a\u00e7\u0131ld\u0131. Bunlar\u0131n 83 bin 321&#8217;i ilk derecede karara ba\u011fland\u0131, 26 bin 493&#8217;\u00fc istinaf a\u015famas\u0131nda, 19 bin 598&#8217;i ise B\u00f6lge \u0130dare Mahkemesi taraf\u0131ndan sonu\u00e7land\u0131r\u0131ld\u0131. \u015eu anda 40 bin 270 dava derdest durumda&#8221; ifadelerini kulland\u0131. Bakan Tun\u00e7, a\u011f\u0131r hasar ve y\u0131k\u0131m kararlar\u0131na kar\u015f\u0131 a\u00e7\u0131lan davalar\u0131n say\u0131s\u0131n\u0131n 43 bin 365 oldu\u011funu belirterek, &#8220;Bunlar\u0131n 39 bin 769&#8217;u karara ba\u011fland\u0131. Yani y\u00fczde 90&#8217;\u0131n \u00fczerinde sonu\u00e7 al\u0131nm\u0131\u015f durumda. Hak sahipli\u011fi ba\u015fvurular\u0131na ili\u015fkin davalarda da y\u00fczde 72 oran\u0131nda sonu\u00e7land\u0131\u011f\u0131n\u0131 ve s\u00fcrecin giderek h\u0131zland\u0131\u011f\u0131n\u0131 g\u00f6r\u00fcyoruz&#8221; dedi.<\/p>\n<p><img decoding=\"async\" alt=\"\" src=\"https:\/\/www.hbrkahta.com\/wp-content\/uploads\/2025\/11\/bakan-tunc-besnide-konustu-deprem-davalarinda-adaletli-sonuca-ulasacagiz-1-3DNGJhZu.jpg\"><\/p>\n<p>&#8220;Depremin Ard\u0131ndan Hukuk Ve Ceza Soru\u015fturmalar\u0131 S\u00fcr\u00fcyor&#8221;<\/p>\n<p>Depremin ard\u0131ndan 64 bin 663 hukuk davas\u0131 a\u00e7\u0131ld\u0131\u011f\u0131n\u0131 aktaran Bakan Tun\u00e7, &#8220;57 bin 574 dava ilk derecede, 7 bin 711 dava istinafta, 2 bin 491 dava B\u00f6lge Adliye Mahkemesi&#8217;nde, 5 bin 520 dava ise B\u00f6lge Adliye Mahkemesi&#8217;nde devam ediyor. Serdest dava say\u0131s\u0131 ise 12 bin 609. Bu s\u00fcre\u00e7lerde binalar\u0131n yap\u0131m\u0131nda bir kusur varsa yarg\u0131 gerekli delilleri topluyor ve soru\u015fturma ba\u015flat\u0131yor. Bu kapsamda 2 bin 380 ki\u015fi hakk\u0131nda soru\u015fturma a\u00e7\u0131ld\u0131. Halihaz\u0131rda 2 bin 591 kovu\u015fturma devam ediyor. Baz\u0131 dosyalar tutuklu, baz\u0131lar\u0131 adli kontrol kapsam\u0131nda&#8221; dedi.<\/p>\n<p>&#8220;Deprem Davalar\u0131n\u0131n De\u011ferlendirilmesi \u0130\u00e7in Yarg\u0131 Mensuplar\u0131 Kahramanmara\u015f&#8217;ta Topland\u0131&#8221;<\/p>\n<p>Bakan Tun\u00e7, deprem davalar\u0131n\u0131n de\u011ferlendirilmesi i\u00e7in yarg\u0131 mensuplar\u0131n\u0131n Kahramanmara\u015f&#8217;ta bir araya geldi\u011fini belirterek, &#8220;\u0130lk derece, istinaf ve Yarg\u0131tay s\u00fcre\u00e7lerinde g\u00f6revli yarg\u0131 mensuplar\u0131m\u0131z b\u00f6lgeyi dinliyor, dosyalar\u0131 inceliyor. B\u00fcy\u00fck deprem ve iki kez tekrar eden \u015fiddet nedeniyle farkl\u0131 \u00fcniversitelere giden dosyalarda farkl\u0131 bilirki\u015fi raporlar\u0131 olabiliyor. Yeknesakl\u0131k sa\u011flamak ve hakkaniyetli bir sonuca ula\u015fmak i\u00e7in bu toplant\u0131lar b\u00fcy\u00fck \u00f6nem ta\u015f\u0131yor. Yarg\u0131 mensuplar\u0131m\u0131z en do\u011fru ve adaletli sonuca ula\u015fmak i\u00e7in \u00e7al\u0131\u015fmalar\u0131n\u0131 s\u00fcrd\u00fcr\u00fcyorlar&#8221; ifadelerini kulland\u0131.<\/p>\n<p>&#8220;Ter\u00f6rs\u00fcz T\u00fcrkiye Hedefi S\u00fcr\u00fcyor&#8221;<\/p>\n<p>Bakan Tun\u00e7, 41 y\u0131ld\u0131r devam eden ter\u00f6rle m\u00fccadeleye de de\u011finerek, &#8220;Bu m\u00fccadelede \u00e7ok b\u00fcy\u00fck bedeller \u00f6dedik, ekonomik kay\u0131plar ya\u015fad\u0131k, \u015fehitler verdik ve gaziler kazand\u0131k. \u015eehitlerimizin emanetine sahip \u00e7\u0131kacak ve onlar\u0131n ideali olan ter\u00f6rs\u00fcz bir T\u00fcrkiye&#8217;yi \u00e7ocuklar\u0131m\u0131za b\u0131rakaca\u011f\u0131z. T\u00fcrkiye y\u00fczy\u0131l\u0131n\u0131 in\u015fa ederken ter\u00f6rs\u00fcz bir T\u00fcrkiye hedefimiz olacak. Karalamalara ald\u0131r\u0131\u015f etmeden eser \u00fcretmeye, bu \u00fclke ve millet i\u00e7in de\u011fer \u00fcretmeye devam edece\u011fiz&#8221; ifadelerini kulland\u0131.<\/p>\n<p>&#8220;Mecliste Geni\u015f Mutabakat Sa\u011fland\u0131&#8221;<\/p>\n<p>Bakan Tun\u00e7, Mill&icirc; Dayan\u0131\u015fma, Karde\u015flik ve Demokrasi Komisyonu&#8217;na yapt\u0131\u011f\u0131 sunumu hat\u0131rlatarak, &#8220;Ter\u00f6rs\u00fcz T\u00fcrkiye hedefi konusunda Meclis&#8217;te geni\u015f bir mutabakat var. Komisyona s\u00fcreci anlatt\u0131k ve ald\u0131\u011f\u0131m\u0131z idari tedbirleri payla\u015ft\u0131k. Bundan sonraki s\u00fcre\u00e7te Meclis&#8217;in alaca\u011f\u0131 kararlar ve komisyonun \u00f6nerileri yol haritam\u0131z\u0131 belirleyecek. Milletimizin menfaatine olan her ad\u0131m\u0131 atman\u0131n gayreti i\u00e7erisinde olaca\u011f\u0131z&#8221; dedi.<\/p>\n<p>Besni Adalet Saray\u0131 Hizmete A\u00e7\u0131ld\u0131<\/p>\n<p>Konu\u015fmalar\u0131n ard\u0131ndan Besni Adalet Saray\u0131, protokol \u00fcyelerinin kat\u0131l\u0131m\u0131yla hizmete a\u00e7\u0131ld\u0131. A\u00e7\u0131l\u0131\u015f t\u00f6reni, b\u00f6lgedeki yarg\u0131 hizmetlerinin g\u00fc\u00e7lendirilmesi ve vatanda\u015flar\u0131n adalete eri\u015fiminin h\u0131zlanmas\u0131 a\u00e7\u0131s\u0131ndan \u00f6nem ta\u015f\u0131yor.<\/p>\n<p>Kaynak : PERRE<\/p>\n","protected":false},"excerpt":{"rendered":"<p>ADIYAMAN (PERRE) &#8211; \u015eeriban \u00d6Z\u00c7AKMAK &#8211; Adalet Bakan\u0131 Y\u0131lmaz Tun\u00e7, Ad\u0131yaman&#8217;\u0131n Besni il\u00e7esinde yap\u0131m\u0131 tamamlanan Besni Adalet Saray\u0131&#8217;n\u0131n a\u00e7\u0131l\u0131\u015f\u0131n\u0131 ger\u00e7ekle\u015ftirdi. Bakan Tun\u00e7, a\u00e7\u0131l\u0131\u015f t\u00f6reninde deprem sonras\u0131 a\u00e7\u0131lan davalar, yarg\u0131 s\u00fcre\u00e7leri ve ter\u00f6rle m\u00fccadele konular\u0131na de\u011finerek, en do\u011fru ve adaletli sonuca ula\u015fmak i\u00e7in \u00e7al\u0131\u015fmalar\u0131n s\u00fcrd\u00fc\u011f\u00fcn\u00fc ifade etti.<\/p>\n","protected":false},"author":1,"featured_media":19991,"comment_status":"open","ping_status":"open","sticky":false,"template":"","format":"standard","meta":{"om_disable_all_campaigns":false,"_monsterinsights_skip_tracking":false,"_monsterinsights_sitenote_active":false,"_monsterinsights_sitenote_note":"","_monsterinsights_sitenote_category":0,"footnotes":""},"categories":[1,11],"tags":[640,587,638,588,655],"aioseo_notices":[],"_links":{"self":[{"href":"https:\/\/www.hbrkahta.com\/index.php\/wp-json\/wp\/v2\/posts\/19990"}],"collection":[{"href":"https:\/\/www.hbrkahta.com\/index.php\/wp-json\/wp\/v2\/posts"}],"about":[{"href":"https:\/\/www.hbrkahta.com\/index.php\/wp-json\/wp\/v2\/types\/post"}],"author":[{"embeddable":true,"href":"https:\/\/www.hbrkahta.com\/index.php\/wp-json\/wp\/v2\/users\/1"}],"replies":[{"embeddable":true,"href":"https:\/\/www.hbrkahta.com\/index.php\/wp-json\/wp\/v2\/comments?post=19990"}],"version-history":[{"count":1,"href":"https:\/\/www.hbrkahta.com\/index.php\/wp-json\/wp\/v2\/posts\/19990\/revisions"}],"predecessor-version":[{"id":19994,"href":"https:\/\/www.hbrkahta.com\/index.php\/wp-json\/wp\/v2\/posts\/19990\/revisions\/19994"}],"wp:featuredmedia":[{"embeddable":true,"href":"https:\/\/www.hbrkahta.com\/index.php\/wp-json\/wp\/v2\/media\/19991"}],"wp:attachment":[{"href":"https:\/\/www.hbrkahta.com\/index.php\/wp-json\/wp\/v2\/media?parent=19990"}],"wp:term":[{"taxonomy":"category","embeddable":true,"href":"https:\/\/www.hbrkahta.com\/index.php\/wp-json\/wp\/v2\/categories?post=19990"},{"taxonomy":"post_tag","embeddable":true,"href":"https:\/\/www.hbrkahta.com\/index.php\/wp-json\/wp\/v2\/tags?post=19990"}],"curies":[{"name":"wp","href":"https:\/\/api.w.org\/{rel}","templated":true}]}}