{"id":19974,"date":"2025-11-01T11:36:07","date_gmt":"2025-11-01T08:36:07","guid":{"rendered":"https:\/\/www.hbrkahta.com\/?p=19974"},"modified":"2025-11-01T11:36:07","modified_gmt":"2025-11-01T08:36:07","slug":"vali-osman-varol-merkez-koylerinde-incelemelerde-bulundu","status":"publish","type":"post","link":"https:\/\/www.hbrkahta.com\/index.php\/2025\/11\/01\/vali-osman-varol-merkez-koylerinde-incelemelerde-bulundu\/","title":{"rendered":"Vali Osman Varol, merkez k\u00f6ylerinde incelemelerde bulundu"},"content":{"rendered":"<p>Ad\u0131yaman Valisi Dr. Osman Varol, il merkezine ba\u011fl\u0131 Pirin K\u00f6y\u00fc, Palanl\u0131 K\u00f6y\u00fc, Yenig\u00fcven K\u00f6y\u00fc, \u00c7emberlita\u015f K\u00f6y\u00fc, Olgunlar K\u00f6y\u00fc ve Kemerkaya K\u00f6y\u00fc&#8217;nde incelemelerde bulundu.<\/p>\n<p>&#8220;Hizmet Anlay\u0131\u015f\u0131m\u0131z\u0131n Temelinde Vatanda\u015f\u0131m\u0131za Hizmet \u0130nanc\u0131 Var&#8221;<\/p>\n<p>Vali Osman Varol, Pirin K\u00f6y\u00fc&#8217;n\u00fc ziyaretinde vatanda\u015flarla samimi bir ortamda sohbet etti. Sit alan\u0131 i\u00e7erisinde yer alan k\u00f6y\u00fcn ihtiya\u00e7, talep ve \u00f6nerilerini dinleyen Vali Osman Varol, &#8220;Bizim hizmet anlay\u0131\u015f\u0131m\u0131z\u0131n temelinde vatanda\u015f\u0131m\u0131za hizmet inanc\u0131 yatar. Devlet olarak insan\u0131m\u0131z\u0131n hizmet ihtiyac\u0131 ne ise ve neredeyse kamu kurum ve kurulu\u015flar\u0131m\u0131zla oraday\u0131z&#8221; ifadelerini kulland\u0131.<\/p>\n<p><img decoding=\"async\" alt=\"\" src=\"https:\/\/www.hbrkahta.com\/wp-content\/uploads\/2025\/11\/vali-osman-varol-merkez-koylerinde-incelemelerde-bulundu-0-DVJFcqWv.jpg\"><\/p>\n<p>Pirin K\u00f6y\u00fc halk\u0131n\u0131n misafirperverli\u011fi dolay\u0131s\u0131yla te\u015fekk\u00fcr eden Vali Osman Varol, &#8220;Bu g\u00fczel bulu\u015fmalar\u0131n birlik, beraberlik ve dayan\u0131\u015fmam\u0131z\u0131 daha da g\u00fc\u00e7lendirmesini temenni ediyorum&#8221; dedi.<\/p>\n<p>&#8220;Asr\u0131n Felaketini, Asr\u0131n Birlikteli\u011fine D\u00f6n\u00fc\u015ft\u00fcrmenin Gururunu Ya\u015f\u0131yoruz&#8221;<\/p>\n<p>Vali Osman Varol, Palanl\u0131 K\u00f6y\u00fc&#8217;nde devlet deste\u011fiyle yeni evlerine kavu\u015fan Nebi Sert ve ailesini ziyaret etti. Sert ailesiyle \u00e7ay e\u015fli\u011finde sohbet eden Vali Osman Varol, yeni evlerinde sa\u011fl\u0131k, huzur ve mutluluk diledi.<\/p>\n<p><img decoding=\"async\" alt=\"\" src=\"https:\/\/www.hbrkahta.com\/wp-content\/uploads\/2025\/11\/vali-osman-varol-merkez-koylerinde-incelemelerde-bulundu-1-uBAfhknV.jpg\"><\/p>\n<p>Vali Osman Varol, &#8220;Devletimizin g\u00fc\u00e7l\u00fc deste\u011fiyle vatanda\u015flar\u0131m\u0131z\u0131 s\u0131cak, g\u00fcvenli yuvalar\u0131na kavu\u015fturana dek \u00e7al\u0131\u015fmalar\u0131m\u0131z ayn\u0131 kararl\u0131l\u0131kla s\u00fcrecek&#8221; dedi.<\/p>\n<p>Yenig\u00fcven K\u00f6y\u00fc&#8217;nde Sona Gelindi<\/p>\n<p>Yenig\u00fcven K\u00f6y\u00fc&#8217;nde y\u00fcr\u00fct\u00fclen yeniden in\u015fa ve iyile\u015ftirme \u00e7al\u0131\u015fmalar\u0131nda sona yakla\u015f\u0131ld\u0131\u011f\u0131n\u0131 belirten Vali Osman Varol, yap\u0131m\u0131 tamamlanmak \u00fczere olan k\u0131rsal konutlarda incelemelerde bulundu. Yetkililerden bilgi alan Vali Osman Varol, &#8220;Devletimiz, vatanda\u015flar\u0131m\u0131z\u0131 g\u00fcvenli, dayan\u0131kl\u0131 ve modern ya\u015fam alanlar\u0131na kavu\u015fturmak i\u00e7in t\u00fcm imk&acirc;nlar\u0131n\u0131 seferber etmeye devam ediyor&#8221; ifadelerini kulland\u0131.<\/p>\n<p><img decoding=\"async\" alt=\"\" src=\"https:\/\/www.hbrkahta.com\/wp-content\/uploads\/2025\/11\/vali-osman-varol-merkez-koylerinde-incelemelerde-bulundu-2-BHpbC9ZD.jpg\"><\/p>\n<p>\u00c7emberlita\u015f K\u00f6y\u00fc&#8217;nde de Son A\u015famaya Gelindi<\/p>\n<p>\u00c7emberlita\u015f K\u00f6y\u00fc k\u0131rsal konutlar\u0131n\u0131n in\u015fa s\u00fcrecinde sona gelindi\u011fini belirten Vali Osman Varol, yap\u0131m \u00e7al\u0131\u015fmalar\u0131n\u0131 yerinde inceledi. Yetkililerden bilgi alan Vali Osman Varol, &#8220;Vatanda\u015flar\u0131m\u0131z\u0131 g\u00fcvenli, dayan\u0131kl\u0131 ve modern ya\u015fam alanlar\u0131na kavu\u015fturmak i\u00e7in devlet olarak hi\u00e7bir fedak&acirc;rl\u0131ktan ka\u00e7\u0131nm\u0131yoruz&#8221; dedi.<\/p>\n<p>Olgunlar K\u00f6y\u00fc&#8217;nde \u00c7al\u0131\u015fmalar Devam Ediyor<\/p>\n<p>Olgunlar (Harun) K\u00f6y\u00fc k\u0131rsal konutlar\u0131n\u0131 da inceleyen Vali Osman Varol, y\u00fcklenici firma yetkililerinden bilgi ald\u0131. K\u00f6y evlerinin geleneksel mimariye uygun olarak in\u015fa edildi\u011fini belirten Vali Varol, &#8220;Her tu\u011flas\u0131nda bir eme\u011fin, her duvar\u0131nda bir umudun y\u00fckseldi\u011fi k\u00f6ylerimizi, eskisinden daha g\u00fczel ve g\u00fcvenli h&acirc;le getiriyoruz&#8221; ifadelerini kulland\u0131.<\/p>\n<p><img decoding=\"async\" alt=\"\" src=\"https:\/\/www.hbrkahta.com\/wp-content\/uploads\/2025\/11\/vali-osman-varol-merkez-koylerinde-incelemelerde-bulundu-3-XBRBVbDu.jpg\"><\/p>\n<p>Kemerkaya K\u00f6y\u00fc&#8217;nde Umut Yeniden Ye\u015feriyor<\/p>\n<p>Kemerkaya K\u00f6y\u00fc&#8217;nde yap\u0131m\u0131 tamamlanma a\u015famas\u0131na gelen k\u0131rsal konutlar\u0131 inceleyen Vali Osman Varol, \u00e7evre d\u00fczenleme \u00e7al\u0131\u015fmalar\u0131n\u0131 da yerinde g\u00f6rd\u00fc.<\/p>\n<p><img decoding=\"async\" alt=\"\" src=\"https:\/\/www.hbrkahta.com\/wp-content\/uploads\/2025\/11\/vali-osman-varol-merkez-koylerinde-incelemelerde-bulundu-4-V1ni6NOP.jpg\"><\/p>\n<p>Vali Osman Varol burada yapt\u0131\u011f\u0131 a\u00e7\u0131klamada, &#8220;Asr\u0131n felaketinin ard\u0131ndan ya\u015fad\u0131\u011f\u0131m\u0131z ac\u0131lar\u0131, birlik, inan\u00e7 ve azimle yeniden umuda d\u00f6n\u00fc\u015ft\u00fcr\u00fcyoruz. Devletimizin g\u00fc\u00e7l\u00fc deste\u011fiyle y\u00fckselen bu modern ve g\u00fcvenli evler, Kemerkaya K\u00f6y\u00fc&#8217;n\u00fcn yar\u0131nlar\u0131na g\u00fcvenle bakmas\u0131n\u0131 sa\u011flayacak&#8221; dedi.<\/p>\n<p>Kaynak : PERRE<\/p>\n","protected":false},"excerpt":{"rendered":"<p>ADIYAMAN (PERRE) &#8211; \u015eeriban \u00d6Z\u00c7AKMAK &#8211; Ad\u0131yaman Valisi Dr. Osman Varol, merkeze ba\u011fl\u0131 Pirin, Palanl\u0131, Yenig\u00fcven, \u00c7emberlita\u015f, Olgunlar ve Kemerkaya k\u00f6ylerini ziyaret ederek vatanda\u015flarla bir araya geldi. Yeniden in\u015fa s\u00fcrecinde y\u00fcr\u00fct\u00fclen \u00e7al\u0131\u015fmalar\u0131 yerinde inceleyen Vali Osman Varol, devletin t\u00fcm imkanlar\u0131yla vatanda\u015f\u0131n yan\u0131nda olmaya devam edece\u011fini vurgulad\u0131.<\/p>\n","protected":false},"author":1,"featured_media":19975,"comment_status":"open","ping_status":"open","sticky":false,"template":"","format":"standard","meta":{"om_disable_all_campaigns":false,"_monsterinsights_skip_tracking":false,"_monsterinsights_sitenote_active":false,"_monsterinsights_sitenote_note":"","_monsterinsights_sitenote_category":0,"footnotes":""},"categories":[1,11],"tags":[803,246,1871,2758,674],"aioseo_notices":[],"_links":{"self":[{"href":"https:\/\/www.hbrkahta.com\/index.php\/wp-json\/wp\/v2\/posts\/19974"}],"collection":[{"href":"https:\/\/www.hbrkahta.com\/index.php\/wp-json\/wp\/v2\/posts"}],"about":[{"href":"https:\/\/www.hbrkahta.com\/index.php\/wp-json\/wp\/v2\/types\/post"}],"author":[{"embeddable":true,"href":"https:\/\/www.hbrkahta.com\/index.php\/wp-json\/wp\/v2\/users\/1"}],"replies":[{"embeddable":true,"href":"https:\/\/www.hbrkahta.com\/index.php\/wp-json\/wp\/v2\/comments?post=19974"}],"version-history":[{"count":1,"href":"https:\/\/www.hbrkahta.com\/index.php\/wp-json\/wp\/v2\/posts\/19974\/revisions"}],"predecessor-version":[{"id":19981,"href":"https:\/\/www.hbrkahta.com\/index.php\/wp-json\/wp\/v2\/posts\/19974\/revisions\/19981"}],"wp:featuredmedia":[{"embeddable":true,"href":"https:\/\/www.hbrkahta.com\/index.php\/wp-json\/wp\/v2\/media\/19975"}],"wp:attachment":[{"href":"https:\/\/www.hbrkahta.com\/index.php\/wp-json\/wp\/v2\/media?parent=19974"}],"wp:term":[{"taxonomy":"category","embeddable":true,"href":"https:\/\/www.hbrkahta.com\/index.php\/wp-json\/wp\/v2\/categories?post=19974"},{"taxonomy":"post_tag","embeddable":true,"href":"https:\/\/www.hbrkahta.com\/index.php\/wp-json\/wp\/v2\/tags?post=19974"}],"curies":[{"name":"wp","href":"https:\/\/api.w.org\/{rel}","templated":true}]}}